{"id":71145,"date":"2026-04-03T20:31:14","date_gmt":"2026-04-03T23:31:14","guid":{"rendered":"https:\/\/mussicom.com\/papa-leao-xiv-retoma-tradicao-e-exorta-fieis-a-viver-jornada-em-cristo\/"},"modified":"2026-04-03T20:31:14","modified_gmt":"2026-04-03T23:31:14","slug":"papa-leao-xiv-retoma-tradicao-e-exorta-fieis-a-viver-jornada-em-cristo","status":"publish","type":"post","link":"https:\/\/mussicom.com\/noticias\/papa-leao-xiv-retoma-tradicao-e-exorta-fieis-a-viver-jornada-em-cristo\/","title":{"rendered":"Papa Le\u00e3o XIV retoma tradi\u00e7\u00e3o e exorta fi\u00e9is a viver jornada em Cristo"},"content":{"rendered":"<p> <br \/>\n<\/p>\n<div id=\"tp-post-content\">\n<p class=\"postParagraph_post-paragraph__juWZN postParagraph_post-paragraph-innerHtml__Q5vwc\">O papa Le\u00e3o XIV exortou os fi\u00e9is a \u201cviver nossas vidas como uma jornada\u201d e rezou para que a Igreja \u201csiga os passos\u201d de Cristo ao percorrer a Via Crucis nesta sexta-feira (3).<\/p>\n<p class=\"postParagraph_post-paragraph__juWZN postParagraph_post-paragraph-innerHtml__Q5vwc\">O pont\u00edfice carregou a cruz em todas as esta\u00e7\u00f5es da Via-Sacra da Sexta-feira Santa no Coliseu, sendo a primeira vez em quatro anos que a figura do Sumo Pont\u00edfice esteve presente no anfiteatro. Devido a quest\u00f5es de sa\u00fade, o papa Francisco participou presencialmente pela \u00faltima vez no Coliseu em 2022, aparecendo por v\u00eddeo nos anos seguintes.<\/p>\n<p class=\"postParagraph_post-paragraph__juWZN postParagraph_post-paragraph-innerHtml__Q5vwc\">Le\u00e3o XIV afirmou \u00e0 imprensa no in\u00edcio da semana que o evento \u00e9 \u201cum sinal importante, dado o que o papa representa: um l\u00edder espiritual no mundo atual \u2014 uma voz para proclamar que Cristo ainda sofre.\u201d<\/p>\n<p class=\"postParagraph_post-paragraph__juWZN postParagraph_post-paragraph-innerHtml__Q5vwc\">\u201cE eu tamb\u00e9m carrego todo esse sofrimento em minhas ora\u00e7\u00f5es\u201d, disse o papa.<\/p>\n<p class=\"postParagraph_post-paragraph__juWZN postParagraph_post-paragraph-innerHtml__Q5vwc\">As medita\u00e7\u00f5es da Via-Sacra de 2026 foram escritas pelo frei Francesco Patton, ex-Cust\u00f3dio da Terra Santa. As reflex\u00f5es destacaram que \u201ctoda autoridade deve responder diante de Deus pela forma como exerce o poder que recebeu\u201d, incluindo \u201co poder de iniciar uma guerra ou de p\u00f4r fim a ela\u201d e \u201co poder de atropelar a dignidade humana ou de proteg\u00ea-la\u201d.<\/p>\n<p class=\"postParagraph_post-paragraph__juWZN postParagraph_post-paragraph-innerHtml__Q5vwc\">\u201cCada um de n\u00f3s tamb\u00e9m \u00e9 chamado a responder pelo poder que exercemos em nossas vidas cotidianas\u201d, afirmam as medita\u00e7\u00f5es.<\/p>\n<p class=\"postParagraph_post-paragraph__juWZN postParagraph_post-paragraph-innerHtml__Q5vwc\">Ao final da Via-Sacra, o papa citou S\u00e3o Francisco de Assis ao rezar para que Deus \u201cnos conceda, a n\u00f3s miser\u00e1veis, a gra\u00e7a de fazer por ti somente aquilo que sabemos que queres que fa\u00e7amos e de sempre desejar o que te agrada\u201d.<\/p>\n<p class=\"postParagraph_post-paragraph__juWZN postParagraph_post-paragraph-innerHtml__Q5vwc\"><em>\u00a92026 Catholic News Agency. Publicado com permiss\u00e3o. Original em ingl\u00eas:<\/em> <em>At the Colosseum, Pope Leo XIV urges the faithful to &#8216;live our lives as a journey&#8217; in Christ&#8217;s love<\/em>.<\/p>\n<\/div>\n<p><br \/>\n<br \/>Fonte: <a href=\"https:\/\/www.gazetadopovo.com.br\/mundo\/papa-leao-xiv-retoma-tradicao-e-exorta-fieis-a-viver-nossas-vidas-como-uma-jornada-em-cristo\/\">Revista Oeste<\/a><\/p>\n","protected":false},"excerpt":{"rendered":"<p>O papa Le\u00e3o XIV exortou os fi\u00e9is a \u201cviver nossas vidas como uma jornada\u201d e rezou para que a Igreja \u201csiga os passos\u201d de Cristo ao percorrer a Via Crucis nesta sexta-feira (3). O pont\u00edfice carregou a cruz em todas as esta\u00e7\u00f5es da Via-Sacra da Sexta-feira Santa no Coliseu, sendo a primeira vez em quatro [&hellip;]<\/p>\n","protected":false},"author":5,"featured_media":71146,"comment_status":"open","ping_status":"open","sticky":false,"template":"","format":"standard","meta":{"_seopress_robots_primary_cat":"","_seopress_titles_title":"","_seopress_titles_desc":"","_seopress_robots_index":"","footnotes":""},"categories":[1],"tags":[],"class_list":["post-71145","post","type-post","status-publish","format-standard","has-post-thumbnail","hentry","category-ultimas-noticias"],"_links":{"self":[{"href":"https:\/\/mussicom.com\/noticias\/wp-json\/wp\/v2\/posts\/71145","targetHints":{"allow":["GET"]}}],"collection":[{"href":"https:\/\/mussicom.com\/noticias\/wp-json\/wp\/v2\/posts"}],"about":[{"href":"https:\/\/mussicom.com\/noticias\/wp-json\/wp\/v2\/types\/post"}],"author":[{"embeddable":true,"href":"https:\/\/mussicom.com\/noticias\/wp-json\/wp\/v2\/users\/5"}],"replies":[{"embeddable":true,"href":"https:\/\/mussicom.com\/noticias\/wp-json\/wp\/v2\/comments?post=71145"}],"version-history":[{"count":0,"href":"https:\/\/mussicom.com\/noticias\/wp-json\/wp\/v2\/posts\/71145\/revisions"}],"wp:featuredmedia":[{"embeddable":true,"href":"https:\/\/mussicom.com\/noticias\/wp-json\/wp\/v2\/media\/71146"}],"wp:attachment":[{"href":"https:\/\/mussicom.com\/noticias\/wp-json\/wp\/v2\/media?parent=71145"}],"wp:term":[{"taxonomy":"category","embeddable":true,"href":"https:\/\/mussicom.com\/noticias\/wp-json\/wp\/v2\/categories?post=71145"},{"taxonomy":"post_tag","embeddable":true,"href":"https:\/\/mussicom.com\/noticias\/wp-json\/wp\/v2\/tags?post=71145"}],"curies":[{"name":"wp","href":"https:\/\/api.w.org\/{rel}","templated":true}]}}