{"id":71127,"date":"2026-04-03T17:44:16","date_gmt":"2026-04-03T20:44:16","guid":{"rendered":"https:\/\/mussicom.com\/moraes-vota-para-manter-filipe-martins-preso-em-ponta-grossa\/"},"modified":"2026-04-03T17:44:16","modified_gmt":"2026-04-03T20:44:16","slug":"moraes-vota-para-manter-filipe-martins-preso-em-ponta-grossa","status":"publish","type":"post","link":"https:\/\/mussicom.com\/noticias\/moraes-vota-para-manter-filipe-martins-preso-em-ponta-grossa\/","title":{"rendered":"Moraes vota para manter Filipe Martins preso em Ponta Grossa"},"content":{"rendered":"<p> <br \/>\n<\/p>\n<div id=\"tp-post-content\">\n<p class=\"postParagraph_post-paragraph__juWZN postParagraph_post-paragraph-innerHtml__Q5vwc\">O ministro Alexandre de Moraes, do Supremo Tribunal Federal (STF), votou nesta sexta-feira (3) para negar o recurso da defesa de Filipe Martins, mantendo a determina\u00e7\u00e3o para que ele retorne \u00e0 Cadeia P\u00fablica de Ponta Grossa, no interior do Paran\u00e1.<\/p>\n<p class=\"postParagraph_post-paragraph__juWZN postParagraph_post-paragraph-innerHtml__Q5vwc\">A Primeira Turma do STF analisa o recurso no plen\u00e1rio virtual at\u00e9 o pr\u00f3ximo dia 13. At\u00e9 o momento, apenas Moraes votou. Martins foi condenado a 21 anos de pris\u00e3o por suposta tentativa de golpe de Estado.<\/p>\n<p class=\"postParagraph_post-paragraph__juWZN postParagraph_post-paragraph-innerHtml__Q5vwc\">A controv\u00e9rsia teve in\u00edcio ap\u00f3s a transfer\u00eancia de Martins para o Complexo M\u00e9dico Penal (CMP) por decis\u00e3o da Pol\u00edcia Penal do Estado do Paran\u00e1, sem a autoriza\u00e7\u00e3o pr\u00e9via do ministro.<\/p>\n<div class=\"postViewMore_post-view-more-container___5wai\" data-mrf-recirculation=\"Post - Veja tamb\u00e9m\">\n<p class=\"gp-styles-module-size-small-afeYRa gp-styles-module-font-family2-afeYRa gp-styles-module-color-secondary-afeYRa gp-styles-module-weight-bold-afeYRa\">VEJA TAMB\u00c9M:<\/p>\n<ul class=\"postViewMore_post-view-more-list__CU_CE\">\n<li class=\"postViewMore_post-view-more-item__2MzRb\"><span class=\"postViewMore_post-view-more-link-icon___stPC\"><svg xmlns=\"http:\/\/www.w3.org\/2000\/svg\" width=\"16\" height=\"16\" viewbox=\"0 0 16 16\"><rect width=\"16\" height=\"16\" fill=\"none\"\/><g transform=\"translate(3 3)\"><path d=\"M22.5,15l3.4,3.4-3.4,3.4\" transform=\"translate(-15.896 -11.793)\" fill=\"none\" stroke=\"#717171\" stroke-linecap=\"round\" stroke-width=\"1.4\"\/><path d=\"M6,6v4.2a2.452,2.452,0,0,0,2.5,2.4H16\" transform=\"translate(-6 -6)\" fill=\"none\" stroke=\"#717171\" stroke-linecap=\"round\" stroke-width=\"1.4\"\/><\/g><\/svg><\/span><span class=\"postViewMore_post-view-more-link-text__hO_kM\">Justi\u00e7a barra v\u00eddeo de Z\u00e9 Neto e Cristiano associado a Vorcaro e intima dupla<\/span><\/li>\n<\/ul>\n<\/div>\n<p class=\"postParagraph_post-paragraph__juWZN postParagraph_post-paragraph-innerHtml__Q5vwc\">Em seu voto, o relator enfatizou que transfer\u00eancias de custodiados n\u00e3o podem ser realizadas por meros atos administrativos sem a pr\u00e9via autoriza\u00e7\u00e3o do Poder Judici\u00e1rio.<\/p>\n<h2 class=\"postParagraph_post-paragraph__juWZN postParagraph_post-paragraph-innerHtml__Q5vwc postParagraph_type-tag-h2__TtFkT\">Impasse na transfer\u00eancia de Filipe Martins<\/h2>\n<p class=\"postParagraph_post-paragraph__juWZN postParagraph_post-paragraph-innerHtml__Q5vwc\">Ex-assessor do governo Bolsonaro (PL), Martins foi preso no munic\u00edpio de Ponta Grossa, em 2 de janeiro deste ano, por suposto descumprimento de medidas cautelares. Quatro dias depois, ele foi transferido para o CMP.<\/p>\n<p class=\"postParagraph_post-paragraph__juWZN postParagraph_post-paragraph-innerHtml__Q5vwc\">A Pol\u00edcia Penal do Paran\u00e1 disse que a medida foi necess\u00e1ria em raz\u00e3o de \u201curg\u00eancia operacional\u201d e com base em an\u00e1lise t\u00e9cnica de seguran\u00e7a. Em 27 de fevereiro, Moraes determinou o retorno do ex-assessor para a unidade do interior do estado, apontando que a compet\u00eancia do STF foi desrespeitada.<\/p>\n<p class=\"postParagraph_post-paragraph__juWZN postParagraph_post-paragraph-innerHtml__Q5vwc\">Martins voltou \u00e0 Ponta Grossa no dia 3 de mar\u00e7o. Segundo os advogados, o ex-assessor vinha sendo &#8220;sistematicamente hostilizado pela popula\u00e7\u00e3o carcer\u00e1ria&#8221;, recebendo amea\u00e7as que colocariam sua integridade f\u00edsica em risco na Cadeia P\u00fablica.<\/p>\n<p class=\"postParagraph_post-paragraph__juWZN postParagraph_post-paragraph-innerHtml__Q5vwc\">No recurso, a defesa argumentou ainda que o retorno representaria um &#8220;potencial agravamento de vulnerabilidade&#8221;, pedindo que Martins fosse mantido no CMP sob a justificativa de que a unidade possui maior rigor de controle e monitoramento cont\u00ednuo.<\/p>\n<p class=\"postParagraph_post-paragraph__juWZN postParagraph_post-paragraph-innerHtml__Q5vwc\">Apesar disso, o ministro destacou que a execu\u00e7\u00e3o penal est\u00e1 submetida ao controle permanente do Ju\u00edzo da Execu\u00e7\u00e3o, conforme previsto na Lei de Execu\u00e7\u00e3o Penal (LEP).<\/p>\n<p class=\"postParagraph_post-paragraph__juWZN postParagraph_post-paragraph-innerHtml__Q5vwc\">Moraes ressaltou que, embora a administra\u00e7\u00e3o penitenci\u00e1ria fa\u00e7a a gest\u00e3o das unidades, a altera\u00e7\u00e3o do local de cust\u00f3dia &#8220;n\u00e3o pode ocorrer \u00e0 margem do controle jurisdicional&#8221;.<\/p>\n<p class=\"postParagraph_post-paragraph__juWZN postParagraph_post-paragraph-innerHtml__Q5vwc\">O magistrado apontou que a transfer\u00eancia de Martins foi realizada por ato administrativo sem autoriza\u00e7\u00e3o pr\u00e9via, o que configurou um desrespeito \u00e0 compet\u00eancia do STF.<\/p>\n<p class=\"postParagraph_post-paragraph__juWZN postParagraph_post-paragraph-innerHtml__Q5vwc\">Para o relator, ordenar o retorno do r\u00e9u \u00e0 unidade original n\u00e3o \u00e9 uma inger\u00eancia indevida na administra\u00e7\u00e3o, mas o &#8220;exerc\u00edcio leg\u00edtimo do poder-dever&#8221; de assegurar a legalidade da execu\u00e7\u00e3o penal.<\/p>\n<p class=\"postParagraph_post-paragraph__juWZN postParagraph_post-paragraph-innerHtml__Q5vwc\">A Procuradoria-Geral da Rep\u00fablica (PGR) tamb\u00e9m se manifestou contra o recurso da defesa. O \u00f3rg\u00e3o refor\u00e7ou que a autoridade penitenci\u00e1ria n\u00e3o possui compet\u00eancia para autorizar tais transfer\u00eancias por conta pr\u00f3pria quando o r\u00e9u est\u00e1 submetido a uma pris\u00e3o preventiva determinada pela Corte.<\/p>\n<p class=\"postParagraph_post-paragraph__juWZN postParagraph_post-paragraph-innerHtml__Q5vwc\">O ministro concluiu que n\u00e3o foram apresentados novos argumentos capazes de mudar o entendimento anterior, votando pelo n\u00e3o provimento do agravo regimental.<\/p>\n<\/div>\n<p><br \/>\n<br \/>Fonte: <a href=\"https:\/\/www.gazetadopovo.com.br\/republica\/moraes-vota-para-manter-filipe-martins-em-prisao-que-defesa-considera-insegura\/\">Revista Oeste<\/a><\/p>\n","protected":false},"excerpt":{"rendered":"<p>O ministro Alexandre de Moraes, do Supremo Tribunal Federal (STF), votou nesta sexta-feira (3) para negar o recurso da defesa de Filipe Martins, mantendo a determina\u00e7\u00e3o para que ele retorne \u00e0 Cadeia P\u00fablica de Ponta Grossa, no interior do Paran\u00e1. A Primeira Turma do STF analisa o recurso no plen\u00e1rio virtual at\u00e9 o pr\u00f3ximo dia [&hellip;]<\/p>\n","protected":false},"author":5,"featured_media":71128,"comment_status":"open","ping_status":"open","sticky":false,"template":"","format":"standard","meta":{"_seopress_robots_primary_cat":"","_seopress_titles_title":"","_seopress_titles_desc":"","_seopress_robots_index":"","footnotes":""},"categories":[1],"tags":[],"class_list":["post-71127","post","type-post","status-publish","format-standard","has-post-thumbnail","hentry","category-ultimas-noticias"],"_links":{"self":[{"href":"https:\/\/mussicom.com\/noticias\/wp-json\/wp\/v2\/posts\/71127","targetHints":{"allow":["GET"]}}],"collection":[{"href":"https:\/\/mussicom.com\/noticias\/wp-json\/wp\/v2\/posts"}],"about":[{"href":"https:\/\/mussicom.com\/noticias\/wp-json\/wp\/v2\/types\/post"}],"author":[{"embeddable":true,"href":"https:\/\/mussicom.com\/noticias\/wp-json\/wp\/v2\/users\/5"}],"replies":[{"embeddable":true,"href":"https:\/\/mussicom.com\/noticias\/wp-json\/wp\/v2\/comments?post=71127"}],"version-history":[{"count":0,"href":"https:\/\/mussicom.com\/noticias\/wp-json\/wp\/v2\/posts\/71127\/revisions"}],"wp:featuredmedia":[{"embeddable":true,"href":"https:\/\/mussicom.com\/noticias\/wp-json\/wp\/v2\/media\/71128"}],"wp:attachment":[{"href":"https:\/\/mussicom.com\/noticias\/wp-json\/wp\/v2\/media?parent=71127"}],"wp:term":[{"taxonomy":"category","embeddable":true,"href":"https:\/\/mussicom.com\/noticias\/wp-json\/wp\/v2\/categories?post=71127"},{"taxonomy":"post_tag","embeddable":true,"href":"https:\/\/mussicom.com\/noticias\/wp-json\/wp\/v2\/tags?post=71127"}],"curies":[{"name":"wp","href":"https:\/\/api.w.org\/{rel}","templated":true}]}}