{"id":71120,"date":"2026-04-03T17:28:19","date_gmt":"2026-04-03T20:28:19","guid":{"rendered":"https:\/\/mussicom.com\/ira-abate-jato-americano-e-convoca-cacada-por-piloto-desaparecido\/"},"modified":"2026-04-03T17:28:19","modified_gmt":"2026-04-03T20:28:19","slug":"ira-abate-jato-americano-e-convoca-cacada-por-piloto-desaparecido","status":"publish","type":"post","link":"https:\/\/mussicom.com\/noticias\/ira-abate-jato-americano-e-convoca-cacada-por-piloto-desaparecido\/","title":{"rendered":"Ir\u00e3 abate jato americano e convoca ca\u00e7ada por piloto desaparecido"},"content":{"rendered":"<p> <br \/>\n<\/p>\n<div id=\"tp-post-content\">\n<p class=\"postParagraph_post-paragraph__juWZN postParagraph_post-paragraph-innerHtml__Q5vwc\">Um ca\u00e7a das For\u00e7as Armadas dos Estados Unidos foi abatido em territ\u00f3rio iraniano na sexta-feira (3), em mais um cap\u00edtulo da escalada militar no Oriente M\u00e9dio. O incidente marca a primeira perda confirmada de uma aeronave americana em solo inimigo desde o in\u00edcio da ofensiva conjunta com Israel, h\u00e1 cerca de cinco semanas.<\/p>\n<p class=\"postParagraph_post-paragraph__juWZN postParagraph_post-paragraph-innerHtml__Q5vwc\">Enquanto Washington se mobilizou rapidamente meios para resgatar sua tripula\u00e7\u00e3o, o regime iraniano reagiu com medidas que ampliam a tens\u00e3o \u2014 incluindo a oferta de recompensas pela captura dos dois pilotos.<\/p>\n<p class=\"postParagraph_post-paragraph__juWZN postParagraph_post-paragraph-innerHtml__Q5vwc\">Um dos tripulantes, no entanto, j\u00e1 foi localizado e retirado com vida. O militar est\u00e1 sob cust\u00f3dia dos EUA e recebendo tratamento m\u00e9dico.<\/p>\n<p class=\"postParagraph_post-paragraph__juWZN postParagraph_post-paragraph-innerHtml__Q5vwc\">O segundo tripulante permanece desaparecido. For\u00e7as de Israel est\u00e3o auxiliando os americanos nas buscas, que envolvem helic\u00f3pteros, drones e avi\u00f5es de reabastecimento sobrevoando \u00e1reas montanhosas e rurais.<\/p>\n<h2 class=\"postParagraph_post-paragraph__juWZN postParagraph_post-paragraph-innerHtml__Q5vwc postParagraph_type-tag-h2__TtFkT\">Ironia e &#8220;recompensa generosa&#8221;<\/h2>\n<p class=\"postParagraph_post-paragraph__juWZN postParagraph_post-paragraph-innerHtml__Q5vwc\">O regime iraniano apelou para a popula\u00e7\u00e3o civil na tentativa de capturar o militar americano remanescente. Emissoras estatais e autoridades locais anunciaram uma &#8220;recompensa generosa&#8221; para qualquer cidad\u00e3o que entregue os &#8220;pilotos inimigos&#8221; \u00e0s for\u00e7as de seguran\u00e7a.<\/p>\n<p class=\"postParagraph_post-paragraph__juWZN postParagraph_post-paragraph-innerHtml__Q5vwc\">Algumas mensagens exibidas na televis\u00e3o chegam a incitar a popula\u00e7\u00e3o a &#8220;atirar neles se os vissem&#8221; \u2014 uma postura que levanta questionamentos sobre o respeito \u00e0s normas internacionais de guerra.<\/p>\n<p class=\"postParagraph_post-paragraph__juWZN postParagraph_post-paragraph-innerHtml__Q5vwc\">Al\u00e9m da ca\u00e7ada humana, a c\u00fapula do regime utilizou o epis\u00f3dio para destilar sarcasmo. O presidente do Parlamento do Ir\u00e3, Mohammad Bagher Ghalibaf, ironizou a situa\u00e7\u00e3o nas redes sociais, chamando as autoridades americanas de &#8220;g\u00eanios absolutos&#8221;.<\/p>\n<p class=\"postParagraph_post-paragraph__juWZN postParagraph_post-paragraph-innerHtml__Q5vwc\">Ghalibaf ainda tripudiou sobre a mudan\u00e7a de tom de Washington. Segundo ele, a estrat\u00e9gia americana foi rebaixada de &#8220;mudan\u00e7a de regime&#8221; para pedidos desesperados por ajuda para encontrar seus pilotos.<\/p>\n<\/div>\n<p><br \/>\n<br \/>Fonte: <a href=\"https:\/\/www.gazetadopovo.com.br\/mundo\/ira-abate-jato-militar-americano-convoca-cacada-humana-piloto-desaparecido\/\">Revista Oeste<\/a><\/p>\n","protected":false},"excerpt":{"rendered":"<p>Um ca\u00e7a das For\u00e7as Armadas dos Estados Unidos foi abatido em territ\u00f3rio iraniano na sexta-feira (3), em mais um cap\u00edtulo da escalada militar no Oriente M\u00e9dio. O incidente marca a primeira perda confirmada de uma aeronave americana em solo inimigo desde o in\u00edcio da ofensiva conjunta com Israel, h\u00e1 cerca de cinco semanas. Enquanto Washington [&hellip;]<\/p>\n","protected":false},"author":5,"featured_media":71121,"comment_status":"open","ping_status":"open","sticky":false,"template":"","format":"standard","meta":{"_seopress_robots_primary_cat":"","_seopress_titles_title":"","_seopress_titles_desc":"","_seopress_robots_index":"","footnotes":""},"categories":[1],"tags":[],"class_list":["post-71120","post","type-post","status-publish","format-standard","has-post-thumbnail","hentry","category-ultimas-noticias"],"_links":{"self":[{"href":"https:\/\/mussicom.com\/noticias\/wp-json\/wp\/v2\/posts\/71120","targetHints":{"allow":["GET"]}}],"collection":[{"href":"https:\/\/mussicom.com\/noticias\/wp-json\/wp\/v2\/posts"}],"about":[{"href":"https:\/\/mussicom.com\/noticias\/wp-json\/wp\/v2\/types\/post"}],"author":[{"embeddable":true,"href":"https:\/\/mussicom.com\/noticias\/wp-json\/wp\/v2\/users\/5"}],"replies":[{"embeddable":true,"href":"https:\/\/mussicom.com\/noticias\/wp-json\/wp\/v2\/comments?post=71120"}],"version-history":[{"count":0,"href":"https:\/\/mussicom.com\/noticias\/wp-json\/wp\/v2\/posts\/71120\/revisions"}],"wp:featuredmedia":[{"embeddable":true,"href":"https:\/\/mussicom.com\/noticias\/wp-json\/wp\/v2\/media\/71121"}],"wp:attachment":[{"href":"https:\/\/mussicom.com\/noticias\/wp-json\/wp\/v2\/media?parent=71120"}],"wp:term":[{"taxonomy":"category","embeddable":true,"href":"https:\/\/mussicom.com\/noticias\/wp-json\/wp\/v2\/categories?post=71120"},{"taxonomy":"post_tag","embeddable":true,"href":"https:\/\/mussicom.com\/noticias\/wp-json\/wp\/v2\/tags?post=71120"}],"curies":[{"name":"wp","href":"https:\/\/api.w.org\/{rel}","templated":true}]}}