{"id":71111,"date":"2026-04-03T16:27:19","date_gmt":"2026-04-03T19:27:19","guid":{"rendered":"https:\/\/mussicom.com\/nasa-revela-foto-da-terra-feita-pela-missao-artemis-ii\/"},"modified":"2026-04-03T16:27:19","modified_gmt":"2026-04-03T19:27:19","slug":"nasa-revela-foto-da-terra-feita-pela-missao-artemis-ii","status":"publish","type":"post","link":"https:\/\/mussicom.com\/noticias\/nasa-revela-foto-da-terra-feita-pela-missao-artemis-ii\/","title":{"rendered":"Nasa revela foto da Terra feita pela miss\u00e3o Artemis II"},"content":{"rendered":"<p> <br \/>\n<\/p>\n<div id=\"tp-post-content\">\n<p class=\"postParagraph_post-paragraph__juWZN postParagraph_post-paragraph-innerHtml__Q5vwc\">A Nasa divulgou nesta sexta-feira (3) a primeira imagem da Terra capturada pela tripula\u00e7\u00e3o da Artemis II \u2014 um registro que marca o retorno dos seres humanos ao espa\u00e7o profundo ap\u00f3s 54 anos. O comandante Reid Wiseman fotografou o planeta atrav\u00e9s de uma janela da c\u00e1psula Orion, logo ap\u00f3s os motores retirem a nave da \u00f3rbita terrestre. A imagem mostra auroras nos cantos superior e inferior, a luz zodiacal e a massa continental da \u00c1frica \u2014 um retrato raro do nosso planeta visto de longe.<\/p>\n<p class=\"postParagraph_post-paragraph__juWZN postParagraph_post-paragraph-innerHtml__Q5vwc\">O momento representa mais que nostalgia espacial. A Artemis II \u00e9 um voo de teste de 10 dias que valida sistemas cr\u00edticos de suporte de vida, comunica\u00e7\u00e3o e navega\u00e7\u00e3o fora da prote\u00e7\u00e3o dos sat\u00e9lites terrestres. O acionamento dos motores inseriu a Orion em uma trajet\u00f3ria de retorno livre \u2014 um caminho que usa a gravidade da Lua para reduzir custos de combust\u00edvel em futuras miss\u00f5es, tornando a explora\u00e7\u00e3o lunar economicamente vi\u00e1vel.<\/p>\n<p class=\"postParagraph_post-paragraph__juWZN postParagraph_post-paragraph-innerHtml__Q5vwc\">A Artemis II abre as portas para um mercado que deve movimentar trilh\u00f5es de d\u00f3lares nas pr\u00f3ximas d\u00e9cadas. Empresas como SpaceX, Blue Origin e Axiom Space j\u00e1 desenvolvem m\u00f3dulos lunares e esta\u00e7\u00f5es orbitais. Minera\u00e7\u00e3o lunar, turismo espacial e pesquisa cient\u00edfica deixam de ser fic\u00e7\u00e3o cient\u00edfica para virar oportunidade de neg\u00f3cio real.<\/p>\n<p class=\"postParagraph_post-paragraph__juWZN postParagraph_post-paragraph-innerHtml__Q5vwc\">A Orion entrar\u00e1 na \u00f3rbita lunar no final do dia 5. O sobrevoo ocorre em 6 de abril, a poucos milhares de quil\u00f4metros da superf\u00edcie. O encerramento est\u00e1 previsto para o dia 10, com resgate no Oceano Pac\u00edfico.<\/p>\n<\/div>\n<p><br \/>\n<br \/>Fonte: <a href=\"https:\/\/www.gazetadopovo.com.br\/mundo\/nasa-revela-primeira-foto-da-terra-capturada-pela-missao-artemis-ii\/\">Revista Oeste<\/a><\/p>\n","protected":false},"excerpt":{"rendered":"<p>A Nasa divulgou nesta sexta-feira (3) a primeira imagem da Terra capturada pela tripula\u00e7\u00e3o da Artemis II \u2014 um registro que marca o retorno dos seres humanos ao espa\u00e7o profundo ap\u00f3s 54 anos. O comandante Reid Wiseman fotografou o planeta atrav\u00e9s de uma janela da c\u00e1psula Orion, logo ap\u00f3s os motores retirem a nave da [&hellip;]<\/p>\n","protected":false},"author":5,"featured_media":71112,"comment_status":"open","ping_status":"open","sticky":false,"template":"","format":"standard","meta":{"_seopress_robots_primary_cat":"","_seopress_titles_title":"","_seopress_titles_desc":"","_seopress_robots_index":"","footnotes":""},"categories":[1],"tags":[],"class_list":["post-71111","post","type-post","status-publish","format-standard","has-post-thumbnail","hentry","category-ultimas-noticias"],"_links":{"self":[{"href":"https:\/\/mussicom.com\/noticias\/wp-json\/wp\/v2\/posts\/71111","targetHints":{"allow":["GET"]}}],"collection":[{"href":"https:\/\/mussicom.com\/noticias\/wp-json\/wp\/v2\/posts"}],"about":[{"href":"https:\/\/mussicom.com\/noticias\/wp-json\/wp\/v2\/types\/post"}],"author":[{"embeddable":true,"href":"https:\/\/mussicom.com\/noticias\/wp-json\/wp\/v2\/users\/5"}],"replies":[{"embeddable":true,"href":"https:\/\/mussicom.com\/noticias\/wp-json\/wp\/v2\/comments?post=71111"}],"version-history":[{"count":0,"href":"https:\/\/mussicom.com\/noticias\/wp-json\/wp\/v2\/posts\/71111\/revisions"}],"wp:featuredmedia":[{"embeddable":true,"href":"https:\/\/mussicom.com\/noticias\/wp-json\/wp\/v2\/media\/71112"}],"wp:attachment":[{"href":"https:\/\/mussicom.com\/noticias\/wp-json\/wp\/v2\/media?parent=71111"}],"wp:term":[{"taxonomy":"category","embeddable":true,"href":"https:\/\/mussicom.com\/noticias\/wp-json\/wp\/v2\/categories?post=71111"},{"taxonomy":"post_tag","embeddable":true,"href":"https:\/\/mussicom.com\/noticias\/wp-json\/wp\/v2\/tags?post=71111"}],"curies":[{"name":"wp","href":"https:\/\/api.w.org\/{rel}","templated":true}]}}