{"id":7111,"date":"2025-03-21T23:17:05","date_gmt":"2025-03-22T02:17:05","guid":{"rendered":"https:\/\/mussicom.com\/juiza-dos-eua-proibe-deportacao-de-acusado-de-antissemitismo\/"},"modified":"2025-03-21T23:17:05","modified_gmt":"2025-03-22T02:17:05","slug":"juiza-dos-eua-proibe-deportacao-de-acusado-de-antissemitismo","status":"publish","type":"post","link":"https:\/\/mussicom.com\/noticias\/juiza-dos-eua-proibe-deportacao-de-acusado-de-antissemitismo\/","title":{"rendered":"Ju\u00edza dos EUA pro\u00edbe deporta\u00e7\u00e3o de acusado de antissemitismo"},"content":{"rendered":"<p> <br \/>\n<\/p>\n<div id=\"hd80s9wa1h892edh8192\">\n<p>A ju\u00edza federal norte-americana Patricia Tolliver Giles impediu nesta quinta-feira, 20, a deporta\u00e7\u00e3o do pesquisador indiano Badar Khan Suri, preso pelo governo Trump sob a acusa\u00e7\u00e3o de disseminar propaganda pr\u00f3-Hamas e antissemitismo.<\/p>\n<p><strong>+ Leia mais not\u00edcias de\u00a0Pol\u00edtica\u00a0em Oeste<\/strong><\/p>\n<p>Giles determinou que o cientista \u201cn\u00e3o deve ser removido dos Estados Unidos, a menos e at\u00e9 que o Tribunal emita uma ordem em contr\u00e1rio\u201d. Seu advogado, Hassan Ahmad, disse que seu cliente foi alvo das autoridades por causa de suas postagens nas redes sociais e da \u201cidentidade de sua mulher, Mapheze Saleh, como <strong>palestina<\/strong>\u201c.<\/p>\n<p>\u201cDr. Suri \u00e9 um acad\u00eamico, n\u00e3o um ativista\u201d, disse. \u201cEle se manifestou nas redes sociais sobre suas opini\u00f5es sobre a guerra Israel-Gaza. Al\u00e9m disso, sua mulher \u00e9 uma cr\u00edtica ferrenha do governo israelense e da viol\u00eancia que ele tem perpetrado contra os palestinos.\u201d<\/p>\n<p>O advogado argumentou que as autoridades n\u00e3o forneceram nenhuma evid\u00eancia de que ele tenha cometido crimes e que sua deten\u00e7\u00e3o viola seus direitos de <strong>liberdade de express\u00e3o<\/strong>. Suri, que n\u00e3o tem antecedentes criminais, possui um visto que autoriza sua perman\u00eancia nos EUA como acad\u00eamico visitante.<\/p>\n<p>\u201cA administra\u00e7\u00e3o Trump expressou abertamente sua inten\u00e7\u00e3o de usar a lei de imigra\u00e7\u00e3o como arma para punir n\u00e3o cidad\u00e3os cujas opini\u00f5es sejam consideradas cr\u00edticas \u00e0 pol\u00edtica dos EUA em rela\u00e7\u00e3o a Israel\u201d, denunciou o advogado.<\/p>\n<p><related-posts class=\"border-y border-gray-300 py-5\"><\/p>\n<h2 class=\"!text-2xl text-black font-primary font-semibold leading-none mb-3\">\n    Leia mais:<br \/>\n  <\/h2>\n<p><\/related-posts><\/p>\n<h2 class=\"wp-block-heading\">Estudante indiano foi acusado de antissemitismo<\/h2>\n<p>Suri foi acusado de \u201cdisseminar propaganda do Hamas e promover o antissemitismo nas redes sociais\u201d, segundo a secret\u00e1ria-assistente de Seguran\u00e7a Interna, Tricia McLaughlin. Ele foi preso na noite da \u00faltima segunda-feira, 17, em sua casa na Virg\u00ednia, onde mora com sua mulher e seus tr\u00eas filhos, com idades entre cinco e nove anos.<\/p>\n<p>Agentes mascarados \u201cse recusaram a informar a raz\u00e3o da pris\u00e3o, algemaram-no e o for\u00e7aram a entrar em um SUV preto sem identifica\u00e7\u00e3o\u201d, de acordo com seu advogado. \u201cA mulher do Dr. Suri chegou rapidamente ao local e implorou por respostas; os agentes apenas disseram que eram do Departamento de Seguran\u00e7a Interna.\u201d<\/p>\n<p>\u201cSinto-me completamente insegura e n\u00e3o consigo parar de olhar para a porta, aterrorizada de que algu\u00e9m venha e leve a mim e \u00e0s crian\u00e7as tamb\u00e9m\u201d, disse Saleh, em depoimento \u00e0 pol\u00edcia norte-americana.<\/p>\n<figure class=\"wp-block-image aligncenter size-full is-resized\"><picture><source data-srcset=\"https:\/\/medias.revistaoeste.com\/wp-content\/uploads\/2023\/11\/Antissemitismo-Universidades-scaled.jpg.webp 2560w, https:\/\/medias.revistaoeste.com\/wp-content\/uploads\/2023\/11\/Antissemitismo-Universidades-300x200.jpg.webp 300w\" data-sizes=\"(max-width: 2560px) 100vw, 2560px\" type=\"image\/webp\"><img fetchpriority=\"high\" decoding=\"async\" width=\"2560\" height=\"1708\" src=\"https:\/\/medias.revistaoeste.com\/wp-content\/uploads\/2023\/11\/Antissemitismo-Universidades-scaled.jpg\" alt=\"Antissemitismo Universidades\" class=\"wp-image-1152996\" style=\"width:768px;height:auto\" srcset=\"https:\/\/medias.revistaoeste.com\/wp-content\/uploads\/2023\/11\/Antissemitismo-Universidades-scaled.jpg 2560w, https:\/\/medias.revistaoeste.com\/wp-content\/uploads\/2023\/11\/Antissemitismo-Universidades-300x200.jpg 300w\" sizes=\"(max-width: 2560px) 100vw, 2560px\" data-eio=\"p\"\/><\/source><\/picture><figcaption class=\"wp-element-caption\">Estudantes participam de um protesto em apoio aos palestinos na Universidade de Columbia, em Nova York | Foto: Jeenah Moon\/Reuters<\/figcaption><\/figure>\n<p>O Centro Alwaleed para Compreens\u00e3o Mu\u00e7ulmano-Crist\u00e3 da Universidade de Georgetown, onde Suri \u00e9 p\u00f3s-doutorando, afirmou em comunicado que sua pris\u00e3o faz parte de uma \u201ccampanha do governo Trump para destruir o ensino superior nos Estados Unidos e punir seus opositores pol\u00edticos\u201d.<\/p>\n<p>Suri foi posteriormente levado para um centro de deten\u00e7\u00e3o na Louisiana, de acordo o governo. Seus advogados buscam sua liberta\u00e7\u00e3o imediata e a suspens\u00e3o do processo de deporta\u00e7\u00e3o por meio de um habeas corpus apresentado na ter\u00e7a-feira, 18.<\/p>\n<p><strong>Leia tamb\u00e9m:\u00a0\u201cLiga\u00e7\u00f5es cabulosas\u201d, reportagem de Silvio Navarro publicada na Edi\u00e7\u00e3o 158 da Revista Oeste<\/strong><\/p>\n<\/p><\/div>\n<p><br \/>\n<br \/>Fonte: <a href=\"https:\/\/revistaoeste.com\/mundo\/juiza-dos-eua-proibe-deportacao-de-pesquisador-acusado-de-antissemitismo\/\">Revista Oeste<\/a><\/p>\n","protected":false},"excerpt":{"rendered":"<p>A ju\u00edza federal norte-americana Patricia Tolliver Giles impediu nesta quinta-feira, 20, a deporta\u00e7\u00e3o do pesquisador indiano Badar Khan Suri, preso pelo governo Trump sob a acusa\u00e7\u00e3o de disseminar propaganda pr\u00f3-Hamas e antissemitismo. + Leia mais not\u00edcias de\u00a0Pol\u00edtica\u00a0em Oeste Giles determinou que o cientista \u201cn\u00e3o deve ser removido dos Estados Unidos, a menos e at\u00e9 que [&hellip;]<\/p>\n","protected":false},"author":5,"featured_media":7112,"comment_status":"open","ping_status":"open","sticky":false,"template":"","format":"standard","meta":{"_seopress_robots_primary_cat":"","_seopress_titles_title":"","_seopress_titles_desc":"","_seopress_robots_index":"","footnotes":""},"categories":[48],"tags":[],"class_list":["post-7111","post","type-post","status-publish","format-standard","has-post-thumbnail","hentry","category-internacional"],"_links":{"self":[{"href":"https:\/\/mussicom.com\/noticias\/wp-json\/wp\/v2\/posts\/7111","targetHints":{"allow":["GET"]}}],"collection":[{"href":"https:\/\/mussicom.com\/noticias\/wp-json\/wp\/v2\/posts"}],"about":[{"href":"https:\/\/mussicom.com\/noticias\/wp-json\/wp\/v2\/types\/post"}],"author":[{"embeddable":true,"href":"https:\/\/mussicom.com\/noticias\/wp-json\/wp\/v2\/users\/5"}],"replies":[{"embeddable":true,"href":"https:\/\/mussicom.com\/noticias\/wp-json\/wp\/v2\/comments?post=7111"}],"version-history":[{"count":0,"href":"https:\/\/mussicom.com\/noticias\/wp-json\/wp\/v2\/posts\/7111\/revisions"}],"wp:featuredmedia":[{"embeddable":true,"href":"https:\/\/mussicom.com\/noticias\/wp-json\/wp\/v2\/media\/7112"}],"wp:attachment":[{"href":"https:\/\/mussicom.com\/noticias\/wp-json\/wp\/v2\/media?parent=7111"}],"wp:term":[{"taxonomy":"category","embeddable":true,"href":"https:\/\/mussicom.com\/noticias\/wp-json\/wp\/v2\/categories?post=7111"},{"taxonomy":"post_tag","embeddable":true,"href":"https:\/\/mussicom.com\/noticias\/wp-json\/wp\/v2\/tags?post=7111"}],"curies":[{"name":"wp","href":"https:\/\/api.w.org\/{rel}","templated":true}]}}