{"id":71096,"date":"2026-04-03T14:27:23","date_gmt":"2026-04-03T17:27:23","guid":{"rendered":"https:\/\/mussicom.com\/governo-reve-regulacao-da-uber-e-ifood-por-receio-de-taxas\/"},"modified":"2026-04-03T14:27:23","modified_gmt":"2026-04-03T17:27:23","slug":"governo-reve-regulacao-da-uber-e-ifood-por-receio-de-taxas","status":"publish","type":"post","link":"https:\/\/mussicom.com\/noticias\/governo-reve-regulacao-da-uber-e-ifood-por-receio-de-taxas\/","title":{"rendered":"Governo rev\u00ea regula\u00e7\u00e3o da Uber e iFood por receio de taxas"},"content":{"rendered":"<p> <br \/>\n<\/p>\n<div id=\"tp-post-content\">\n<p class=\"postParagraph_post-paragraph__juWZN postParagraph_post-paragraph-innerHtml__Q5vwc\">Em Bras\u00edlia, o governo Lula decidiu reavaliar a urg\u00eancia da regulamenta\u00e7\u00e3o do trabalho por aplicativos. O receio \u00e9 que a medida provoque aumento de pre\u00e7os ao consumidor e queda na renda de motoristas e entregadores, gerando um desgaste pol\u00edtico semelhante ao ocorrido com a taxa\u00e7\u00e3o de compras internacionais.<\/p>\n<h2 class=\"postParagraph_post-paragraph__juWZN postParagraph_post-paragraph-innerHtml__Q5vwc postParagraph_type-tag-h2__TtFkT\">Qual \u00e9 o principal impasse no Projeto de Lei Complementar?<\/h2>\n<p class=\"postParagraph_post-paragraph__juWZN postParagraph_post-paragraph-innerHtml__Q5vwc\">O ponto mais pol\u00eamico \u00e9 a cria\u00e7\u00e3o de uma remunera\u00e7\u00e3o m\u00ednima por corrida ou entrega. Enquanto o governo e aliados defendem o valor para garantir ganhos b\u00e1sicos aos trabalhadores, as empresas de tecnologia veem a medida como uma interven\u00e7\u00e3o estatal excessiva que pode inviabilizar o modelo de neg\u00f3cios atual.<\/p>\n<h2 class=\"postParagraph_post-paragraph__juWZN postParagraph_post-paragraph-innerHtml__Q5vwc postParagraph_type-tag-h2__TtFkT\">Por que o governo teme um efeito parecido com a chamada &#8216;taxa das blusinhas&#8217;?<\/h2>\n<p class=\"postParagraph_post-paragraph__juWZN postParagraph_post-paragraph-innerHtml__Q5vwc\">A &#8216;taxa das blusinhas&#8217; foi como ficou conhecida a taxa\u00e7\u00e3o de encomendas internacionais baratas, que gerou enorme repercuss\u00e3o negativa nas redes sociais. Agora, o temor \u00e9 que a nova regula\u00e7\u00e3o encare\u00e7a os servi\u00e7os de transporte e entrega em at\u00e9 30%, afetando o bolso do cidad\u00e3o comum e derrubando a popularidade do presidente em ano eleitoral.<\/p>\n<h2 class=\"postParagraph_post-paragraph__juWZN postParagraph_post-paragraph-innerHtml__Q5vwc postParagraph_type-tag-h2__TtFkT\">Quais s\u00e3o os valores em discuss\u00e3o para o pagamento dos entregadores?<\/h2>\n<p class=\"postParagraph_post-paragraph__juWZN postParagraph_post-paragraph-innerHtml__Q5vwc\">Existem tr\u00eas frentes: o ministro Guilherme Boulos defende R$ 10 por corrida; o relator do projeto na C\u00e2mara, Augusto Coutinho, sugere um meio-termo de R$ 8,50; j\u00e1 as plataformas, representadas pela Amobitec, s\u00e3o contra qualquer valor fixado por lei, defendendo que o pagamento deve ser negociado diretamente entre as empresas e os trabalhadores.<\/p>\n<h2 class=\"postParagraph_post-paragraph__juWZN postParagraph_post-paragraph-innerHtml__Q5vwc postParagraph_type-tag-h2__TtFkT\">Como est\u00e1 a divis\u00e3o de opini\u00f5es dentro do pr\u00f3prio governo?<\/h2>\n<p class=\"postParagraph_post-paragraph__juWZN postParagraph_post-paragraph-innerHtml__Q5vwc\">H\u00e1 um racha evidente. De um lado, a ala ligada ao Psol e sindicatos pressiona por regras r\u00edgidas e benef\u00edcios imediatos. Do outro, o chamado &#8216;n\u00facleo duro&#8217; do governo e o Minist\u00e9rio da Fazenda est\u00e3o preocupados com os impactos econ\u00f4micos e defendem o adiamento da vota\u00e7\u00e3o para evitar um &#8216;erro estrat\u00e9gico&#8217; antes das elei\u00e7\u00f5es.<\/p>\n<h2 class=\"postParagraph_post-paragraph__juWZN postParagraph_post-paragraph-innerHtml__Q5vwc postParagraph_type-tag-h2__TtFkT\">O que acontece agora com o projeto de lei na C\u00e2mara?<\/h2>\n<p class=\"postParagraph_post-paragraph__juWZN postParagraph_post-paragraph-innerHtml__Q5vwc\">O novo texto deve ser apresentado pelo relator na segunda semana de abril. Apesar da press\u00e3o para que a proposta v\u00e1 direto ao plen\u00e1rio, cresce a aposta de que o projeto possa perder for\u00e7a e ser adiado, permitindo mais tempo para analisar como garantir direitos previdenci\u00e1rios sem destruir a autonomia dos 2,2 milh\u00f5es de trabalhadores do setor.<\/p>\n<p class=\"postParagraph_post-paragraph__juWZN postParagraph_post-paragraph-innerHtml__Q5vwc\"><i>Conte\u00fado produzido a partir de informa\u00e7\u00f5es apuradas pela equipe de rep\u00f3rteres da Gazeta do Povo. Para acessar a informa\u00e7\u00e3o na \u00edntegra e se aprofundar sobre o tema leia a reportagem abaixo.<\/i><\/p>\n<div class=\"postViewMore_post-view-more-container___5wai\" data-mrf-recirculation=\"Post - Veja tamb\u00e9m\">\n<p class=\"gp-styles-module-size-small-afeYRa gp-styles-module-font-family2-afeYRa gp-styles-module-color-secondary-afeYRa gp-styles-module-weight-bold-afeYRa\">VEJA TAMB\u00c9M:<\/p>\n<ul class=\"postViewMore_post-view-more-list__CU_CE\">\n<li class=\"postViewMore_post-view-more-item__2MzRb\"><span class=\"postViewMore_post-view-more-link-icon___stPC\"><svg xmlns=\"http:\/\/www.w3.org\/2000\/svg\" width=\"16\" height=\"16\" viewbox=\"0 0 16 16\"><rect width=\"16\" height=\"16\" fill=\"none\"\/><g transform=\"translate(3 3)\"><path d=\"M22.5,15l3.4,3.4-3.4,3.4\" transform=\"translate(-15.896 -11.793)\" fill=\"none\" stroke=\"#717171\" stroke-linecap=\"round\" stroke-width=\"1.4\"\/><path d=\"M6,6v4.2a2.452,2.452,0,0,0,2.5,2.4H16\" transform=\"translate(-6 -6)\" fill=\"none\" stroke=\"#717171\" stroke-linecap=\"round\" stroke-width=\"1.4\"\/><\/g><\/svg><\/span><span class=\"postViewMore_post-view-more-link-text__hO_kM\">Regulamenta\u00e7\u00e3o do trabalho por aplicativos pode virar nova \u201ctaxa das blusinhas\u201d para o governo<\/span><\/li>\n<\/ul>\n<\/div>\n<\/div>\n<p><br \/>\n<br \/>Fonte: <a href=\"https:\/\/www.gazetadopovo.com.br\/economia\/por-que-o-governo-recuou-na-regulamentacao-de-aplicativos-como-uber-e-ifood\/\">Gazeta do Povo<\/a><\/p>\n","protected":false},"excerpt":{"rendered":"<p>Em Bras\u00edlia, o governo Lula decidiu reavaliar a urg\u00eancia da regulamenta\u00e7\u00e3o do trabalho por aplicativos. O receio \u00e9 que a medida provoque aumento de pre\u00e7os ao consumidor e queda na renda de motoristas e entregadores, gerando um desgaste pol\u00edtico semelhante ao ocorrido com a taxa\u00e7\u00e3o de compras internacionais. Qual \u00e9 o principal impasse no Projeto [&hellip;]<\/p>\n","protected":false},"author":5,"featured_media":71097,"comment_status":"open","ping_status":"open","sticky":false,"template":"","format":"standard","meta":{"_seopress_robots_primary_cat":"","_seopress_titles_title":"","_seopress_titles_desc":"","_seopress_robots_index":"","footnotes":""},"categories":[45],"tags":[],"class_list":["post-71096","post","type-post","status-publish","format-standard","has-post-thumbnail","hentry","category-economia"],"_links":{"self":[{"href":"https:\/\/mussicom.com\/noticias\/wp-json\/wp\/v2\/posts\/71096","targetHints":{"allow":["GET"]}}],"collection":[{"href":"https:\/\/mussicom.com\/noticias\/wp-json\/wp\/v2\/posts"}],"about":[{"href":"https:\/\/mussicom.com\/noticias\/wp-json\/wp\/v2\/types\/post"}],"author":[{"embeddable":true,"href":"https:\/\/mussicom.com\/noticias\/wp-json\/wp\/v2\/users\/5"}],"replies":[{"embeddable":true,"href":"https:\/\/mussicom.com\/noticias\/wp-json\/wp\/v2\/comments?post=71096"}],"version-history":[{"count":0,"href":"https:\/\/mussicom.com\/noticias\/wp-json\/wp\/v2\/posts\/71096\/revisions"}],"wp:featuredmedia":[{"embeddable":true,"href":"https:\/\/mussicom.com\/noticias\/wp-json\/wp\/v2\/media\/71097"}],"wp:attachment":[{"href":"https:\/\/mussicom.com\/noticias\/wp-json\/wp\/v2\/media?parent=71096"}],"wp:term":[{"taxonomy":"category","embeddable":true,"href":"https:\/\/mussicom.com\/noticias\/wp-json\/wp\/v2\/categories?post=71096"},{"taxonomy":"post_tag","embeddable":true,"href":"https:\/\/mussicom.com\/noticias\/wp-json\/wp\/v2\/tags?post=71096"}],"curies":[{"name":"wp","href":"https:\/\/api.w.org\/{rel}","templated":true}]}}