{"id":71052,"date":"2026-04-03T06:23:12","date_gmt":"2026-04-03T09:23:12","guid":{"rendered":"https:\/\/mussicom.com\/suspenso-contra-o-flamengo-por-cartoes-neymar-reclama-da-arbitragem-na-vila\/"},"modified":"2026-04-03T06:23:12","modified_gmt":"2026-04-03T09:23:12","slug":"suspenso-contra-o-flamengo-por-cartoes-neymar-reclama-da-arbitragem-na-vila","status":"publish","type":"post","link":"https:\/\/mussicom.com\/noticias\/suspenso-contra-o-flamengo-por-cartoes-neymar-reclama-da-arbitragem-na-vila\/","title":{"rendered":"Suspenso contra o Flamengo por cart\u00f5es, Neymar reclama da arbitragem na Vila"},"content":{"rendered":"<p> <br \/>\n<\/p>\n<div>\n<div id=\"attachment_181635\" style=\"width: 1011px\" class=\"wp-caption aligncenter\"><img alt=\"\" fetchpriority=\"high\" fetchpriority=\"high\" decoding=\"async\" aria-describedby=\"caption-attachment-181635\" class=\"wp-image-181635\" src=\"https:\/\/www.diariodopeixe.com.br\/wp-content\/uploads\/2026\/04\/Santos-x-Remo-Neymar-2-300x264.jpeg\" alt=\"\" width=\"1001\" height=\"881\" srcset=\"https:\/\/www.diariodopeixe.com.br\/wp-content\/uploads\/2026\/04\/Santos-x-Remo-Neymar-2-200x176.jpeg 200w, https:\/\/www.diariodopeixe.com.br\/wp-content\/uploads\/2026\/04\/Santos-x-Remo-Neymar-2-300x264.jpeg 300w, https:\/\/www.diariodopeixe.com.br\/wp-content\/uploads\/2026\/04\/Santos-x-Remo-Neymar-2-400x352.jpeg 400w, https:\/\/www.diariodopeixe.com.br\/wp-content\/uploads\/2026\/04\/Santos-x-Remo-Neymar-2-600x528.jpeg 600w, https:\/\/www.diariodopeixe.com.br\/wp-content\/uploads\/2026\/04\/Santos-x-Remo-Neymar-2-768x676.jpeg 768w, https:\/\/www.diariodopeixe.com.br\/wp-content\/uploads\/2026\/04\/Santos-x-Remo-Neymar-2-800x704.jpeg 800w, https:\/\/www.diariodopeixe.com.br\/wp-content\/uploads\/2026\/04\/Santos-x-Remo-Neymar-2-1024x902.jpeg 1024w, https:\/\/www.diariodopeixe.com.br\/wp-content\/uploads\/2026\/04\/Santos-x-Remo-Neymar-2.jpeg 1079w\" sizes=\"(max-width: 1001px) 100vw, 1001px\"\/><\/p>\n<p id=\"caption-attachment-181635\" class=\"wp-caption-text\">Neymar recebeu o terceiro cart\u00e3o amarelo contra o Remo (Cr\u00e9dito: Raul Baretta\/SantosFC)<\/p>\n<\/div>\n<p>O <strong>Santos<\/strong> n\u00e3o poder\u00e1 contar com Neymar e Rony para o confronto contra o Flamengo, no pr\u00f3ximo domingo (5), \u00e0s 17h30, no Maracan\u00e3, pela 10\u00aa rodada do Campeonato Brasileiro. A dupla recebeu cart\u00e3o amarelo na vit\u00f3ria por 2 a 0 sobre o Remo e cumprir\u00e1 suspens\u00e3o.<\/p>\n<p>Rony foi advertido ap\u00f3s cometer uma falta mais dura durante a partida. J\u00e1 Neymar recebeu o cart\u00e3o nos minutos finais, ap\u00f3s um desentendimento com Diego Hern\u00e1ndez, do Remo. O craque lamentou a decis\u00e3o do \u00e1rbitro Savio Pereira Sampaio.<\/p>\n<p>\u201c\u00c9 injusto. Sofri uma entrada desleal, final do jogo, sem necessidade. N\u00e3o foi a primeira, foi a terceira ou quarta. Fui reclamar e tomei o amarelo. S\u00e1vio \u00e9 assim, acordou meio de chico e veio assim para o jogo. Quer ser a figura do jogo, falta de respeito muito grande com os jogadores, n\u00e3o quer papo, n\u00e3o quer conversa, \u00e9 um cara quem manda de jogo, quer comandar tudo, vai reclamar, \u00e9 futebol. Ele tem que saber levar isso. Fica desrespeitoso\u201d, afirmou Neymar.<\/p>\n<p>Com os desfalques, o t\u00e9cnico Cuca perde duas pe\u00e7as do setor ofensivo para o pr\u00f3ximo compromisso fora de casa. A tend\u00eancia \u00e9 que o treinador precise ajustar a forma\u00e7\u00e3o, principalmente na cria\u00e7\u00e3o e no ataque.<\/p>\n<p>Para a vaga de Rony, o Santos pode ter o retorno de Gabriel Barbosa. O atacante se recupera de les\u00e3o muscular e tem chances de ficar \u00e0 disposi\u00e7\u00e3o, surgindo como principal op\u00e7\u00e3o para o setor.<\/p>\n<p>J\u00e1 para a fun\u00e7\u00e3o exercida por Neymar, as alternativas passam por Mois\u00e9s, Gabriel Bontempo ou Rollheiser, jogadores que podem atuar entre o meio-campo e o ataque.<\/p>\n<p>Com a vit\u00f3ria sobre o Remo, o Santos chegou aos 10 pontos, deixou a zona de rebaixamento e subiu para a 10\u00aa coloca\u00e7\u00e3o na tabela do Brasileir\u00e3o.<\/p>\n<\/p><\/div>\n<p><br \/>\n<br \/>Fonte: <a href=\"https:\/\/www.diariodopeixe.com.br\/noticias\/suspenso-contra-o-flamengo-por-cartoes-neymar-reclama-da-arbitragem-na-vila\/\">Di\u00e1rio do Peixe<\/a><\/p>\n","protected":false},"excerpt":{"rendered":"<p>Neymar recebeu o terceiro cart\u00e3o amarelo contra o Remo (Cr\u00e9dito: Raul Baretta\/SantosFC) O Santos n\u00e3o poder\u00e1 contar com Neymar e Rony para o confronto contra o Flamengo, no pr\u00f3ximo domingo (5), \u00e0s 17h30, no Maracan\u00e3, pela 10\u00aa rodada do Campeonato Brasileiro. A dupla recebeu cart\u00e3o amarelo na vit\u00f3ria por 2 a 0 sobre o Remo [&hellip;]<\/p>\n","protected":false},"author":5,"featured_media":71053,"comment_status":"open","ping_status":"open","sticky":false,"template":"","format":"standard","meta":{"_seopress_robots_primary_cat":"","_seopress_titles_title":"","_seopress_titles_desc":"","_seopress_robots_index":"","footnotes":""},"categories":[55],"tags":[],"class_list":["post-71052","post","type-post","status-publish","format-standard","has-post-thumbnail","hentry","category-santos-fc"],"_links":{"self":[{"href":"https:\/\/mussicom.com\/noticias\/wp-json\/wp\/v2\/posts\/71052","targetHints":{"allow":["GET"]}}],"collection":[{"href":"https:\/\/mussicom.com\/noticias\/wp-json\/wp\/v2\/posts"}],"about":[{"href":"https:\/\/mussicom.com\/noticias\/wp-json\/wp\/v2\/types\/post"}],"author":[{"embeddable":true,"href":"https:\/\/mussicom.com\/noticias\/wp-json\/wp\/v2\/users\/5"}],"replies":[{"embeddable":true,"href":"https:\/\/mussicom.com\/noticias\/wp-json\/wp\/v2\/comments?post=71052"}],"version-history":[{"count":0,"href":"https:\/\/mussicom.com\/noticias\/wp-json\/wp\/v2\/posts\/71052\/revisions"}],"wp:featuredmedia":[{"embeddable":true,"href":"https:\/\/mussicom.com\/noticias\/wp-json\/wp\/v2\/media\/71053"}],"wp:attachment":[{"href":"https:\/\/mussicom.com\/noticias\/wp-json\/wp\/v2\/media?parent=71052"}],"wp:term":[{"taxonomy":"category","embeddable":true,"href":"https:\/\/mussicom.com\/noticias\/wp-json\/wp\/v2\/categories?post=71052"},{"taxonomy":"post_tag","embeddable":true,"href":"https:\/\/mussicom.com\/noticias\/wp-json\/wp\/v2\/tags?post=71052"}],"curies":[{"name":"wp","href":"https:\/\/api.w.org\/{rel}","templated":true}]}}