{"id":70954,"date":"2026-04-02T18:14:26","date_gmt":"2026-04-02T21:14:26","guid":{"rendered":"https:\/\/mussicom.com\/justica-revoga-liminar-dos-permissionarios-contra-reorganizacao-da-orla-do-itarare\/"},"modified":"2026-04-02T18:14:26","modified_gmt":"2026-04-02T21:14:26","slug":"justica-revoga-liminar-dos-permissionarios-contra-reorganizacao-da-orla-do-itarare","status":"publish","type":"post","link":"https:\/\/mussicom.com\/noticias\/justica-revoga-liminar-dos-permissionarios-contra-reorganizacao-da-orla-do-itarare\/","title":{"rendered":"Justi\u00e7a revoga liminar dos permission\u00e1rios contra reorganiza\u00e7\u00e3o da Orla do Itarar\u00e9"},"content":{"rendered":"<p> <br \/>\n<\/p>\n<div id=\"texto\">\n<p>A Prefeitura de S\u00e3o Vicente informa que a Justi\u00e7a julgou improcedente o mandado de seguran\u00e7a movido por permission\u00e1rios de quiosques da Orla do Itarar\u00e9. A decis\u00e3o emitida pelo Tribunal de Justi\u00e7a do Estado de S\u00e3o Paulo reconhece a legalidade dos atos administrativos adotados pelo Munic\u00edpio.<br \/>&#13;<br \/>\n\u00a0<\/p>\n<p>No documento, o Judici\u00e1rio entendeu que n\u00e3o houve qualquer a\u00e7\u00e3o coletiva ou arbitr\u00e1ria por parte da Administra\u00e7\u00e3o Municipal, mas sim medidas individualizadas, fundamentadas em crit\u00e9rios t\u00e9cnicos e no cumprimento da legisla\u00e7\u00e3o vigente. A senten\u00e7a tamb\u00e9m reafirma que as permiss\u00f5es de uso de bem p\u00fablico possuem car\u00e1ter prec\u00e1rio, podendo ser revistas pelo poder p\u00fablico conforme o interesse coletivo e o ordenamento legal.<br \/>&#13;<br \/>\n\u00a0<\/p>\n<p>Com a decis\u00e3o, fica revogada a liminar anteriormente concedida, restabelecendo a plena efic\u00e1cia das a\u00e7\u00f5es administrativas conduzidas pelo Munic\u00edpio.<br \/>&#13;<br \/>\n\u00a0<\/p>\n<p>A proposta \u00e9 avan\u00e7ar com o projeto de reurbaniza\u00e7\u00e3o da Divisa, dando sequ\u00eancia ao pacote de investimentos estruturais no Itarar\u00e9, iniciado com a implanta\u00e7\u00e3o do Parque da Juventude e da Academia do Itarar\u00e9, al\u00e9m da revitaliza\u00e7\u00e3o em andamento da Pra\u00e7a 21 Irm\u00e3os, da constru\u00e7\u00e3o da base de seguran\u00e7a da PM e da GCM e futura constru\u00e7\u00e3o do Parque Pet. A iniciativa integra o programa S\u00e3o Vicente de Cara Nova.<br \/>&#13;<br \/>\n\u00a0<\/p>\n<p>Por fim, a Prefeitura de S\u00e3o Vicente refor\u00e7a que todas as medidas adotadas seguem os princ\u00edpios da legalidade, transpar\u00eancia e responsabilidade na gest\u00e3o dos espa\u00e7os p\u00fablicos. Destaca, ainda, que eventuais projetos futuros para a orla ser\u00e3o conduzidos com planejamento t\u00e9cnico, ampla publicidade, di\u00e1logo com os permission\u00e1rios e participa\u00e7\u00e3o da sociedade, garantindo o desenvolvimento ordenado da regi\u00e3o e a valoriza\u00e7\u00e3o do espa\u00e7o p\u00fablico.<\/p>\n<\/p><\/div>\n<p><script async defer crossorigin=\"anonymous\" src=\"https:\/\/connect.facebook.net\/pt_BR\/sdk.js#xfbml=1&#038;version=v12.0&#038;appId=&#038;autoLogAppEvents=1\" nonce=\"ou0fI1lo\"><\/script><br \/>\n<br \/><br \/>\n<br \/>Fonte: <a href=\"https:\/\/www.bs9.com.br\/litoral\/justica-revoga-liminar-dos-permissionarios-contra-reorganizacao-da\/38654\/\">BS9<\/a><\/p>\n","protected":false},"excerpt":{"rendered":"<p>A Prefeitura de S\u00e3o Vicente informa que a Justi\u00e7a julgou improcedente o mandado de seguran\u00e7a movido por permission\u00e1rios de quiosques da Orla do Itarar\u00e9. A decis\u00e3o emitida pelo Tribunal de Justi\u00e7a do Estado de S\u00e3o Paulo reconhece a legalidade dos atos administrativos adotados pelo Munic\u00edpio.&#13; \u00a0 No documento, o Judici\u00e1rio entendeu que n\u00e3o houve qualquer [&hellip;]<\/p>\n","protected":false},"author":5,"featured_media":70955,"comment_status":"open","ping_status":"open","sticky":false,"template":"","format":"standard","meta":{"_seopress_robots_primary_cat":"","_seopress_titles_title":"","_seopress_titles_desc":"","_seopress_robots_index":"","footnotes":""},"categories":[52],"tags":[],"class_list":["post-70954","post","type-post","status-publish","format-standard","has-post-thumbnail","hentry","category-santoseregiao"],"_links":{"self":[{"href":"https:\/\/mussicom.com\/noticias\/wp-json\/wp\/v2\/posts\/70954","targetHints":{"allow":["GET"]}}],"collection":[{"href":"https:\/\/mussicom.com\/noticias\/wp-json\/wp\/v2\/posts"}],"about":[{"href":"https:\/\/mussicom.com\/noticias\/wp-json\/wp\/v2\/types\/post"}],"author":[{"embeddable":true,"href":"https:\/\/mussicom.com\/noticias\/wp-json\/wp\/v2\/users\/5"}],"replies":[{"embeddable":true,"href":"https:\/\/mussicom.com\/noticias\/wp-json\/wp\/v2\/comments?post=70954"}],"version-history":[{"count":0,"href":"https:\/\/mussicom.com\/noticias\/wp-json\/wp\/v2\/posts\/70954\/revisions"}],"wp:featuredmedia":[{"embeddable":true,"href":"https:\/\/mussicom.com\/noticias\/wp-json\/wp\/v2\/media\/70955"}],"wp:attachment":[{"href":"https:\/\/mussicom.com\/noticias\/wp-json\/wp\/v2\/media?parent=70954"}],"wp:term":[{"taxonomy":"category","embeddable":true,"href":"https:\/\/mussicom.com\/noticias\/wp-json\/wp\/v2\/categories?post=70954"},{"taxonomy":"post_tag","embeddable":true,"href":"https:\/\/mussicom.com\/noticias\/wp-json\/wp\/v2\/tags?post=70954"}],"curies":[{"name":"wp","href":"https:\/\/api.w.org\/{rel}","templated":true}]}}