{"id":70862,"date":"2026-04-02T10:13:16","date_gmt":"2026-04-02T13:13:16","guid":{"rendered":"https:\/\/mussicom.com\/depois-de-moraes-toffoli-tambem-viajou-em-voos-de-empresas-ligadas-a-vorcaro\/"},"modified":"2026-04-02T10:13:16","modified_gmt":"2026-04-02T13:13:16","slug":"depois-de-moraes-toffoli-tambem-viajou-em-voos-de-empresas-ligadas-a-vorcaro","status":"publish","type":"post","link":"https:\/\/mussicom.com\/noticias\/depois-de-moraes-toffoli-tambem-viajou-em-voos-de-empresas-ligadas-a-vorcaro\/","title":{"rendered":"Depois de Moraes, Toffoli tamb\u00e9m viajou em voos de empresas ligadas a Vorcaro"},"content":{"rendered":"<p> <br \/>\n<\/p>\n<div id=\"tp-post-content\">\n<p class=\"postParagraph_post-paragraph__juWZN postParagraph_post-paragraph-innerHtml__Q5vwc\">Um dia depois de apura\u00e7\u00f5es revelarem que o ministro Alexandre de Moraes, do Supremo Tribunal Federal (STF), utilizou voos de empresas ligadas ao banqueiro Daniel Vorcaro, do liquidado Banco Master, novos registros oficiais apontam que Dias Toffoli tamb\u00e9m viajou em avi\u00f5es de neg\u00f3cios pr\u00f3ximos ao empres\u00e1rio.<\/p>\n<p class=\"postParagraph_post-paragraph__juWZN postParagraph_post-paragraph-innerHtml__Q5vwc\">Uma reportagem publicada nesta quinta (2) pela <em>Folha de S. Paulo<\/em> aponta, pelo menos, dez voos de Toffoli em jatinhos particulares a partir do terminal privado no aeroporto de Bras\u00edlia ao longo do ano passado, sendo cinco deles ligados ou pr\u00f3ximos ao empres\u00e1rio preso por comandar um grande esquema de fraudes financeiras.<\/p>\n<p class=\"postParagraph_post-paragraph__juWZN postParagraph_post-paragraph-innerHtml__Q5vwc\">A <strong>Gazeta do Povo <\/strong>entrou em contato com o gabinete de Dias Toffoli no STF e com a defesa de Vorcaro para se pronunciarem sobre a apura\u00e7\u00e3o e aguarda retorno.<\/p>\n<div class=\"postViewMore_post-view-more-container___5wai\" data-mrf-recirculation=\"Post - Veja tamb\u00e9m\">\n<p class=\"gp-styles-module-size-small-afeYRa gp-styles-module-font-family2-afeYRa gp-styles-module-color-secondary-afeYRa gp-styles-module-weight-bold-afeYRa\">VEJA TAMB\u00c9M:<\/p>\n<ul class=\"postViewMore_post-view-more-list__CU_CE\">\n<li class=\"postViewMore_post-view-more-item__2MzRb\">\n<div class=\"postViewMore_post-view-more-image__5gUSe\"><picture class=\"imageDefault_image-container__XGd8_\"><\/picture><\/div>\n<p>Deltan Dallagnol: enquanto Moraes tem reuni\u00e3o secreta com Lula, Mendon\u00e7a espreme Vorcaro<\/li>\n<\/ul>\n<\/div>\n<p class=\"postParagraph_post-paragraph__juWZN postParagraph_post-paragraph-innerHtml__Q5vwc\">Segundo documentos da Ag\u00eancia Nacional de Avia\u00e7\u00e3o Civil (Anac) e do Departamento de Controle do Espa\u00e7o A\u00e9reo (Decea) obtidos pela reportagem e cruzados entre si, Dias Toffoli viajou em avi\u00f5es de diversas empresas que t\u00eam ou j\u00e1 tiveram liga\u00e7\u00e3o com Daniel Vorcaro:<\/p>\n<ul class=\"postList_post-list-container__W0E4y postList_visual-type-unordered-list__M8U7t\">\n<li class=\"postList_post-list-item__34Ck1\">Prime Aviation: teve Vorcaro como s\u00f3cio at\u00e9 recentemente e era propriet\u00e1ria de sua mans\u00e3o em Bras\u00edlia;<\/li>\n<li class=\"postList_post-list-item__34Ck1\">Petras Participa\u00e7\u00f5es: dona do resort de luxo Tayay\u00e1, no interior do Paran\u00e1, que teve Toffoli e seus irm\u00e3os como s\u00f3cios junto de um fundo ligado ao cunhado do banqueiro, o pastor Fabiano Zettel, apontado pela Pol\u00edcia Federal como operador financeiro das fraudes do Master;<\/li>\n<li class=\"postList_post-list-item__34Ck1\">Ibrame: companhia do empres\u00e1rio Luiz Pastore e dona do jatinho que Toffoli viajou ao Peru, no final de 2025, para assistir \u00e0 final da Copa Libertadores da Am\u00e9rica com o advogado Augusto de Arruda Botelho, que defende um dos executivos do Master.<\/li>\n<\/ul>\n<p class=\"postParagraph_post-paragraph__juWZN postParagraph_post-paragraph-innerHtml__Q5vwc\">A <em>Folha de S. Paulo<\/em> cita, ainda, dois voos com as empresas OSN Administra\u00e7\u00e3o e Participa\u00e7\u00e3o e \u00e0 Heringer T\u00e1xi A\u00e9reo a Goi\u00e2nia, em fevereiro de 2025, mas sem apontar liga\u00e7\u00f5es com a rede de Daniel Vorcaro. J\u00e1 os demais voos suspeitos ocorreram nos meses de abril, junho, julho e outubro com destino \u00e0 capital paulista e \u00e0s cidades de Ourinhos, no interior do estado, pr\u00f3xima ao resort Tayay\u00e1, e a Mar\u00edlia, munic\u00edpio onde moram os irm\u00e3os do ministro.<\/p>\n<h2 class=\"postParagraph_post-paragraph__juWZN postParagraph_post-paragraph-innerHtml__Q5vwc postParagraph_type-tag-h2__TtFkT\">Viagens de Toffoli<\/h2>\n<p class=\"postParagraph_post-paragraph__juWZN postParagraph_post-paragraph-innerHtml__Q5vwc\">Segundo a apura\u00e7\u00e3o, no dia 4 de julho de 2025, Toffoli acessou o terminal executivo do aeroporto de Bras\u00edlia \u00e0s 10h e, dez minutos depois, um avi\u00e3o de prefixo PR-SAD decolou com destino a Mar\u00edlia (SP), sua cidade natal. O mesmo modelo de aeronave teria sido utilizado por Moraes em tr\u00eas ocasi\u00f5es distintas, conforme cruzamento de registros oficiais.<\/p>\n<p class=\"postParagraph_post-paragraph__juWZN postParagraph_post-paragraph-innerHtml__Q5vwc\">Moraes negou ter viajado em jatinhos pertencentes a Vorcaro e afirmou que a apura\u00e7\u00e3o \u00e9 &#8220;fantasiosa&#8221; e que as afirma\u00e7\u00f5es s\u00e3o &#8220;ila\u00e7\u00f5es&#8221; e &#8220;absolutamente falsas&#8221;.<\/p>\n<p class=\"postParagraph_post-paragraph__juWZN postParagraph_post-paragraph-innerHtml__Q5vwc\">Na mesma data, seguran\u00e7as do Tribunal Regional do Trabalho de S\u00e3o Paulo foram deslocados para Ribeir\u00e3o Claro (PR), onde fica o resort Tayay\u00e1, frequentado pelo ministro e localizado a cerca de 150 quil\u00f4metros de Mar\u00edlia. Segundo a Corte, o envio ocorreu a pedido do STF para atender uma autoridade presente na regi\u00e3o.<\/p>\n<p class=\"postParagraph_post-paragraph__juWZN postParagraph_post-paragraph-innerHtml__Q5vwc\">A Prime Aviation, respons\u00e1vel por uma das aeronaves utilizadas, afirmou \u00e0 reportagem que \u201cpor quest\u00f5es de confidencialidade dos contratos, e em respeito \u00e0 Lei Geral de Prote\u00e7\u00e3o de Dados, n\u00e3o divulga dados sobre os usu\u00e1rios das aeronaves do seu portf\u00f3lio\u201d. A empresa integra um fundo voltado ao compartilhamento de bens de luxo, do qual Vorcaro foi s\u00f3cio direto at\u00e9 setembro do ano passado.<\/p>\n<p class=\"postParagraph_post-paragraph__juWZN postParagraph_post-paragraph-innerHtml__Q5vwc\">Outros registros mostram coincid\u00eancias entre hor\u00e1rios de embarque de Toffoli e voos de aeronaves ligadas \u00e0 empresa Petras Participa\u00e7\u00f5es, que tem entre seus s\u00f3cios o empres\u00e1rio Paulo Humberto Barbosa, atual dono do resort Tayay\u00e1. Em 17 de junho, o ministro entrou no terminal \u00e0s 10h, e minutos depois um avi\u00e3o decolou rumo a Ourinhos (SP), aeroporto mais pr\u00f3ximo do empreendimento.<\/p>\n<p class=\"postParagraph_post-paragraph__juWZN postParagraph_post-paragraph-innerHtml__Q5vwc\">Situa\u00e7\u00e3o semelhante ocorreu em 1\u00ba de outubro, quando Toffoli chegou ao terminal \u00e0s 19h20 e, pouco depois, uma aeronave da mesma empresa partiu para Congonhas. Dados de di\u00e1rias pagas a seguran\u00e7as indicam que havia um ministro do STF na regi\u00e3o do resort em datas coincidentes com esses deslocamentos.<\/p>\n<p class=\"postParagraph_post-paragraph__juWZN postParagraph_post-paragraph-innerHtml__Q5vwc\">H\u00e1 ainda registro de voo em 10 de abril de 2025 em aeronave ligada ao empres\u00e1rio Luiz Pastore, amigo pessoal do ministro. Na ocasi\u00e3o, Toffoli entrou no terminal \u00e0s 19h e, minutos depois, o avi\u00e3o prefixo PT-STU decolou para S\u00e3o Paulo.<\/p>\n<p class=\"postParagraph_post-paragraph__juWZN postParagraph_post-paragraph-innerHtml__Q5vwc\">Toffoli e Pastore mant\u00eam rela\u00e7\u00e3o pr\u00f3xima, sendo em um avi\u00e3o do empres\u00e1rio que o magistrado viajou para acompanhar a final da Copa Libertadores em Lima, no Peru, junto do advogado Augusto de Arruda Botelho, que atua na defesa de um dos executivos do Banco Master.<\/p>\n<p class=\"postParagraph_post-paragraph__juWZN postParagraph_post-paragraph-innerHtml__Q5vwc\">At\u00e9 o come\u00e7o deste ano, Toffoli relatava os processos referentes ao Master no STF e mantinha sil\u00eancio sobre apura\u00e7\u00f5es em rela\u00e7\u00e3o ao resort Tayay\u00e1 &#8212; embora funcion\u00e1rios do local o considerassem como propriet\u00e1rio do empreendimento. No entanto, ap\u00f3s a Pol\u00edcia Federal revelar di\u00e1logos com o empres\u00e1rio, o ministro deixou o caso e, pouco tempo depois, se declarou suspeito de participar do julgamento colegiado do mandado de pris\u00e3o preventiva emitido monocraticamente por Andr\u00e9 Mendon\u00e7a, que assumiu a relatoria.<\/p>\n<p class=\"postParagraph_post-paragraph__juWZN postParagraph_post-paragraph-innerHtml__Q5vwc\">O magistrado tamb\u00e9m confirmou, em meio \u00e0s revela\u00e7\u00f5es da imprensa, que era s\u00f3cio dos irm\u00e3os no resort Tayay\u00e1, mas alegou que n\u00e3o atuava na administra\u00e7\u00e3o da Maridt Participa\u00e7\u00f5es, que detinha cotas do empreendimento negociadas com o fundo Arleen, de propriedade de Zettel.<\/p>\n<\/div>\n<p><br \/>\n<br \/>Fonte: <a href=\"https:\/\/www.gazetadopovo.com.br\/republica\/depois-moraes-toffoli-viajou-voos-empresas-ligadas-vorcaro\/\">Revista Oeste<\/a><\/p>\n","protected":false},"excerpt":{"rendered":"<p>Um dia depois de apura\u00e7\u00f5es revelarem que o ministro Alexandre de Moraes, do Supremo Tribunal Federal (STF), utilizou voos de empresas ligadas ao banqueiro Daniel Vorcaro, do liquidado Banco Master, novos registros oficiais apontam que Dias Toffoli tamb\u00e9m viajou em avi\u00f5es de neg\u00f3cios pr\u00f3ximos ao empres\u00e1rio. Uma reportagem publicada nesta quinta (2) pela Folha de [&hellip;]<\/p>\n","protected":false},"author":5,"featured_media":70863,"comment_status":"open","ping_status":"open","sticky":false,"template":"","format":"standard","meta":{"_seopress_robots_primary_cat":"","_seopress_titles_title":"","_seopress_titles_desc":"","_seopress_robots_index":"","footnotes":""},"categories":[1],"tags":[],"class_list":["post-70862","post","type-post","status-publish","format-standard","has-post-thumbnail","hentry","category-ultimas-noticias"],"_links":{"self":[{"href":"https:\/\/mussicom.com\/noticias\/wp-json\/wp\/v2\/posts\/70862","targetHints":{"allow":["GET"]}}],"collection":[{"href":"https:\/\/mussicom.com\/noticias\/wp-json\/wp\/v2\/posts"}],"about":[{"href":"https:\/\/mussicom.com\/noticias\/wp-json\/wp\/v2\/types\/post"}],"author":[{"embeddable":true,"href":"https:\/\/mussicom.com\/noticias\/wp-json\/wp\/v2\/users\/5"}],"replies":[{"embeddable":true,"href":"https:\/\/mussicom.com\/noticias\/wp-json\/wp\/v2\/comments?post=70862"}],"version-history":[{"count":0,"href":"https:\/\/mussicom.com\/noticias\/wp-json\/wp\/v2\/posts\/70862\/revisions"}],"wp:featuredmedia":[{"embeddable":true,"href":"https:\/\/mussicom.com\/noticias\/wp-json\/wp\/v2\/media\/70863"}],"wp:attachment":[{"href":"https:\/\/mussicom.com\/noticias\/wp-json\/wp\/v2\/media?parent=70862"}],"wp:term":[{"taxonomy":"category","embeddable":true,"href":"https:\/\/mussicom.com\/noticias\/wp-json\/wp\/v2\/categories?post=70862"},{"taxonomy":"post_tag","embeddable":true,"href":"https:\/\/mussicom.com\/noticias\/wp-json\/wp\/v2\/tags?post=70862"}],"curies":[{"name":"wp","href":"https:\/\/api.w.org\/{rel}","templated":true}]}}