{"id":70828,"date":"2026-04-02T06:57:17","date_gmt":"2026-04-02T09:57:17","guid":{"rendered":"https:\/\/mussicom.com\/tempo-fica-instavel-e-mar-permanece-calmo-aponta-previsao\/"},"modified":"2026-04-02T06:57:17","modified_gmt":"2026-04-02T09:57:17","slug":"tempo-fica-instavel-e-mar-permanece-calmo-aponta-previsao","status":"publish","type":"post","link":"https:\/\/mussicom.com\/noticias\/tempo-fica-instavel-e-mar-permanece-calmo-aponta-previsao\/","title":{"rendered":"Tempo fica inst\u00e1vel e mar permanece calmo, aponta previs\u00e3o"},"content":{"rendered":"<p> <br \/>\n<\/p>\n<div>\n<p>A atua\u00e7\u00e3o de \u00e1reas de instabilidade no litoral paulista deve provocar mudan\u00e7as no tempo em Santos a partir desta quinta-feira (2). Segundo o boletim da Defesa Civil de Santos, h\u00e1 previs\u00e3o de pancadas de chuva r\u00e1pidas e de baixo volume ao longo do dia.<\/p>\n<p>Na sexta-feira (3), o tempo apresenta melhora, com diminui\u00e7\u00e3o das instabilidades e per\u00edodos de sol entre nuvens. No entanto, o final de semana volta a ser marcado por mudan\u00e7as.<\/p>\n<p>Para o s\u00e1bado (4), a previs\u00e3o indica chuva de intensidade moderada, especialmente no fim da tarde, com volume entre 10 e 20 mil\u00edmetros.<\/p>\n<p>J\u00e1 no domingo (5), a tend\u00eancia \u00e9 de precipita\u00e7\u00f5es mais fracas a moderadas, com volumes entre 5 e 10 mil\u00edmetros, principalmente na madrugada de s\u00e1bado para domingo.<\/p>\n<p><strong>MAR\u00c9<\/strong><\/p>\n<p>De acordo com o N\u00facleo de Pesquisas Hidrodin\u00e2mica (NPH-Unisanta e da Sala de Situa\u00e7\u00e3o da Baixada Santista), n\u00e3o h\u00e1 alertas quanto \u00e0s condi\u00e7\u00f5es mar\u00edtimas, apesar das condi\u00e7\u00f5es do mar serem de agita\u00e7\u00e3o. Em caso de emerg\u00eancia ligue 199.<\/p>\n<\/div>\n<p><br \/>\n<br \/>Fonte: <a href=\"https:\/\/jornaldaorla.com.br\/noticias\/tempo-fica-instavel-e-mar-permanece-calmo-aponta-previsao\/\">Jornal Da Orla<\/a><\/p>\n","protected":false},"excerpt":{"rendered":"<p>A atua\u00e7\u00e3o de \u00e1reas de instabilidade no litoral paulista deve provocar mudan\u00e7as no tempo em Santos a partir desta quinta-feira (2). Segundo o boletim da Defesa Civil de Santos, h\u00e1 previs\u00e3o de pancadas de chuva r\u00e1pidas e de baixo volume ao longo do dia. Na sexta-feira (3), o tempo apresenta melhora, com diminui\u00e7\u00e3o das instabilidades [&hellip;]<\/p>\n","protected":false},"author":5,"featured_media":29087,"comment_status":"open","ping_status":"open","sticky":false,"template":"","format":"standard","meta":{"_seopress_robots_primary_cat":"","_seopress_titles_title":"","_seopress_titles_desc":"","_seopress_robots_index":"","footnotes":""},"categories":[52],"tags":[],"class_list":["post-70828","post","type-post","status-publish","format-standard","has-post-thumbnail","hentry","category-santoseregiao"],"_links":{"self":[{"href":"https:\/\/mussicom.com\/noticias\/wp-json\/wp\/v2\/posts\/70828","targetHints":{"allow":["GET"]}}],"collection":[{"href":"https:\/\/mussicom.com\/noticias\/wp-json\/wp\/v2\/posts"}],"about":[{"href":"https:\/\/mussicom.com\/noticias\/wp-json\/wp\/v2\/types\/post"}],"author":[{"embeddable":true,"href":"https:\/\/mussicom.com\/noticias\/wp-json\/wp\/v2\/users\/5"}],"replies":[{"embeddable":true,"href":"https:\/\/mussicom.com\/noticias\/wp-json\/wp\/v2\/comments?post=70828"}],"version-history":[{"count":0,"href":"https:\/\/mussicom.com\/noticias\/wp-json\/wp\/v2\/posts\/70828\/revisions"}],"wp:featuredmedia":[{"embeddable":true,"href":"https:\/\/mussicom.com\/noticias\/wp-json\/wp\/v2\/media\/29087"}],"wp:attachment":[{"href":"https:\/\/mussicom.com\/noticias\/wp-json\/wp\/v2\/media?parent=70828"}],"wp:term":[{"taxonomy":"category","embeddable":true,"href":"https:\/\/mussicom.com\/noticias\/wp-json\/wp\/v2\/categories?post=70828"},{"taxonomy":"post_tag","embeddable":true,"href":"https:\/\/mussicom.com\/noticias\/wp-json\/wp\/v2\/tags?post=70828"}],"curies":[{"name":"wp","href":"https:\/\/api.w.org\/{rel}","templated":true}]}}