{"id":70780,"date":"2026-04-01T22:48:39","date_gmt":"2026-04-02T01:48:39","guid":{"rendered":"https:\/\/mussicom.com\/ex-assessor-de-trump-diz-que-cerco-esta-se-fechando-para-moraes\/"},"modified":"2026-04-01T22:48:39","modified_gmt":"2026-04-02T01:48:39","slug":"ex-assessor-de-trump-diz-que-cerco-esta-se-fechando-para-moraes","status":"publish","type":"post","link":"https:\/\/mussicom.com\/noticias\/ex-assessor-de-trump-diz-que-cerco-esta-se-fechando-para-moraes\/","title":{"rendered":"Ex-assessor de Trump diz que cerco est\u00e1 se fechando para Moraes"},"content":{"rendered":"<p> <br \/>\n<\/p>\n<div id=\"tp-post-content\">\n<p class=\"postParagraph_post-paragraph__juWZN postParagraph_post-paragraph-innerHtml__Q5vwc\">Jason Miller, ex-assessor pol\u00edtico do presidente dos EUA, Donald Trump, se manifestou nesta quarta-feira (1\u00ba) sobre o novo relat\u00f3rio do Comit\u00ea Judici\u00e1rio da C\u00e2mara dos Representantes que acusa o ministro do Supremo Tribunal Federal (STF) Alexandre de Moraes de censura.<\/p>\n<p class=\"postParagraph_post-paragraph__juWZN postParagraph_post-paragraph-innerHtml__Q5vwc\">Nas redes sociais, o estrategista americano disse que o &#8220;cerco est\u00e1 se fechando&#8221; para o magistrado, citando o documento.<\/p>\n<p class=\"postParagraph_post-paragraph__juWZN postParagraph_post-paragraph-innerHtml__Q5vwc\">O relat\u00f3rio divulgado nesta quarta revela uma preocupa\u00e7\u00e3o do Congresso americano sobre decis\u00f5es tomadas pela Justi\u00e7a brasileira a respeito das redes sociais que supostamente violam a liberdade de express\u00e3o.<\/p>\n<p class=\"postParagraph_post-paragraph__juWZN postParagraph_post-paragraph-innerHtml__Q5vwc\">Segundo o comit\u00ea, algumas ordens de Moraes no STF constituem censura e podem influenciar as elei\u00e7\u00f5es presidenciais de outubro.<\/p>\n<p class=\"postParagraph_post-paragraph__juWZN postParagraph_post-paragraph-innerHtml__Q5vwc\">Nesta semana, o ex-assessor de Trump tamb\u00e9m voltou a manifestar seu apoio \u00e0 candidatura do senador Fl\u00e1vio Bolsonaro (PL-RJ) para o Planalto.<\/p>\n<\/div>\n<p><br \/>\n<br \/>Fonte: <a href=\"https:\/\/www.gazetadopovo.com.br\/mundo\/ex-assessor-trump-reage-relatorio-acusa-moraes-censura-cerco-esta-se-fechando\/\">Revista Oeste<\/a><\/p>\n","protected":false},"excerpt":{"rendered":"<p>Jason Miller, ex-assessor pol\u00edtico do presidente dos EUA, Donald Trump, se manifestou nesta quarta-feira (1\u00ba) sobre o novo relat\u00f3rio do Comit\u00ea Judici\u00e1rio da C\u00e2mara dos Representantes que acusa o ministro do Supremo Tribunal Federal (STF) Alexandre de Moraes de censura. Nas redes sociais, o estrategista americano disse que o &#8220;cerco est\u00e1 se fechando&#8221; para o [&hellip;]<\/p>\n","protected":false},"author":5,"featured_media":70781,"comment_status":"open","ping_status":"open","sticky":false,"template":"","format":"standard","meta":{"_seopress_robots_primary_cat":"","_seopress_titles_title":"","_seopress_titles_desc":"","_seopress_robots_index":"","footnotes":""},"categories":[48],"tags":[],"class_list":["post-70780","post","type-post","status-publish","format-standard","has-post-thumbnail","hentry","category-internacional"],"_links":{"self":[{"href":"https:\/\/mussicom.com\/noticias\/wp-json\/wp\/v2\/posts\/70780","targetHints":{"allow":["GET"]}}],"collection":[{"href":"https:\/\/mussicom.com\/noticias\/wp-json\/wp\/v2\/posts"}],"about":[{"href":"https:\/\/mussicom.com\/noticias\/wp-json\/wp\/v2\/types\/post"}],"author":[{"embeddable":true,"href":"https:\/\/mussicom.com\/noticias\/wp-json\/wp\/v2\/users\/5"}],"replies":[{"embeddable":true,"href":"https:\/\/mussicom.com\/noticias\/wp-json\/wp\/v2\/comments?post=70780"}],"version-history":[{"count":0,"href":"https:\/\/mussicom.com\/noticias\/wp-json\/wp\/v2\/posts\/70780\/revisions"}],"wp:featuredmedia":[{"embeddable":true,"href":"https:\/\/mussicom.com\/noticias\/wp-json\/wp\/v2\/media\/70781"}],"wp:attachment":[{"href":"https:\/\/mussicom.com\/noticias\/wp-json\/wp\/v2\/media?parent=70780"}],"wp:term":[{"taxonomy":"category","embeddable":true,"href":"https:\/\/mussicom.com\/noticias\/wp-json\/wp\/v2\/categories?post=70780"},{"taxonomy":"post_tag","embeddable":true,"href":"https:\/\/mussicom.com\/noticias\/wp-json\/wp\/v2\/tags?post=70780"}],"curies":[{"name":"wp","href":"https:\/\/api.w.org\/{rel}","templated":true}]}}