{"id":70695,"date":"2026-04-01T15:39:36","date_gmt":"2026-04-01T18:39:36","guid":{"rendered":"https:\/\/mussicom.com\/petrobras-volta-atras-e-reajusta-querosene-de-aviacao-em-apenas-18\/"},"modified":"2026-04-01T15:39:36","modified_gmt":"2026-04-01T18:39:36","slug":"petrobras-volta-atras-e-reajusta-querosene-de-aviacao-em-apenas-18","status":"publish","type":"post","link":"https:\/\/mussicom.com\/noticias\/petrobras-volta-atras-e-reajusta-querosene-de-aviacao-em-apenas-18\/","title":{"rendered":"Petrobras volta atr\u00e1s e reajusta querosene de avia\u00e7\u00e3o em apenas 18%"},"content":{"rendered":"<p> <br \/>\n<\/p>\n<div id=\"tp-post-content\">\n<p class=\"postParagraph_post-paragraph__juWZN postParagraph_post-paragraph-innerHtml__Q5vwc\">A Petrobras informou, na tarde desta quarta-feira (1\u00ba), que n\u00e3o aplicar\u00e1 o reajuste de quase 55% no querosene de avia\u00e7\u00e3o (QAV), conforme as distribuidoras haviam informado \u00e0s companhias a\u00e9reas no come\u00e7o desta semana. A estatal aplicar\u00e1 um aumento de 18% em abril, com possibilidade de parcelamento para n\u00e3o impactar as tarifas imediatamente.<\/p>\n<p class=\"postParagraph_post-paragraph__juWZN postParagraph_post-paragraph-innerHtml__Q5vwc\">Em nota \u00e0 <strong>Gazeta do Povo<\/strong>, a petroleira justificou a redu\u00e7\u00e3o como uma consequ\u00eancia da guerra no Oriente M\u00e9dio de forma a \u201cpreservar a demanda pelo produto\u201d e \u201cmitigar os efeitos do reajuste no setor de avia\u00e7\u00e3o brasileiro, assegurando o bom funcionamento do mercado\u201d (veja na \u00edntegra mais abaixo).<\/p>\n<p class=\"postParagraph_post-paragraph__juWZN postParagraph_post-paragraph-innerHtml__Q5vwc\">Isso, porque, algumas companhias a\u00e9reas j\u00e1 previam uma disparada nos pre\u00e7os das passagens com o reajuste completo de 54,8%. Em uma confer\u00eancia com analistas, o diretor da holding Abra, que re\u00fane a Gol e a Avianca, Manuel Irarr\u00e1zaval, afirmou que cada aumento de US$ 1 no combust\u00edvel representa 10% de reajuste nas tarifas.<\/p>\n<div class=\"postViewMore_post-view-more-container___5wai\" data-mrf-recirculation=\"Post - Veja tamb\u00e9m\">\n<p class=\"gp-styles-module-size-small-afeYRa gp-styles-module-font-family2-afeYRa gp-styles-module-color-secondary-afeYRa gp-styles-module-weight-bold-afeYRa\">VEJA TAMB\u00c9M:<\/p>\n<ul class=\"postViewMore_post-view-more-list__CU_CE\">\n<li class=\"postViewMore_post-view-more-item__2MzRb\">\n<div class=\"postViewMore_post-view-more-image__5gUSe\"><picture class=\"imageDefault_image-container__XGd8_\"><\/picture><\/div>\n<p>Lula defende Ir\u00e3 e diz que tem \u201cmuito malandro\u201d querendo lucrar com crise dos combust\u00edveis<\/li>\n<\/ul>\n<\/div>\n<p class=\"postParagraph_post-paragraph__juWZN postParagraph_post-paragraph-innerHtml__Q5vwc\">A Petrobras informou, ainda, ao mercado que esse reajuste de 18% em abril no pre\u00e7o do QAV poder\u00e1 inclusive ser parcelado em seis vezes pelos clientes da estatal, com a primeira parcela a vencer a partir do m\u00eas de julho. As parcelas de maio e junho ainda ter\u00e3o os par\u00e2metros calculados. O termo de ades\u00e3o das distribuidoras a essa revis\u00e3o da tarifa ser\u00e1 apresentado at\u00e9 o pr\u00f3ximo dia 6 \u00e0s empresas.<\/p>\n<p class=\"postParagraph_post-paragraph__juWZN postParagraph_post-paragraph-innerHtml__Q5vwc\">\u201cEsse instrumento contribui com a sa\u00fade financeira dos clientes da companhia ao mesmo tempo em que preserva neutralidade financeira para a Petrobras, considerando o cen\u00e1rio de forte eleva\u00e7\u00e3o das cota\u00e7\u00f5es internacionais dos derivados de petr\u00f3leo, intensificado por tens\u00f5es geopol\u00edticas recentes no Oriente M\u00e9dio\u201d, pontuou a estatal.<\/p>\n<p class=\"postParagraph_post-paragraph__juWZN postParagraph_post-paragraph-innerHtml__Q5vwc\">Na \u00faltima segunda-feira (30), a Vibra Energia, principal distribuidora de querosene de avia\u00e7\u00e3o nos aeroportos brasileiros, havia confirmado que repassaria o reajuste aplicado pela Petrobras \u00e0s empresas. Com a decis\u00e3o desta quarta-feira (1\u00ba), a expectativa \u00e9 de que n\u00e3o haja uma disparada nos pre\u00e7os das passagens a\u00e9reas no curto prazo, j\u00e1 que o reajuste do QAV poder\u00e1 ser parcelado pelas empresas.<\/p>\n<p class=\"postParagraph_post-paragraph__juWZN postParagraph_post-paragraph-innerHtml__Q5vwc\">Apesar da tentativa do governo de segurar os pre\u00e7os das passagens \u2013 que poderia impactar em toda a cadeia produtiva, j\u00e1 que os avi\u00f5es s\u00e3o utilizados tamb\u00e9m para o transporte de outras cargas \u2013 sites de vendas dos bilhetes verificaram um aumento m\u00e9dio de 15% nas tarifas em apenas 10 dias.<\/p>\n<p class=\"postParagraph_post-paragraph__juWZN postParagraph_post-paragraph-innerHtml__Q5vwc\">Ao mesmo tempo, o IBGE apontou que as tarifas subiram 5,94% na primeira quinzena de mar\u00e7o, sendo o item individual com maior impacto na infla\u00e7\u00e3o do m\u00eas.<\/p>\n<h2 class=\"postParagraph_post-paragraph__juWZN postParagraph_post-paragraph-innerHtml__Q5vwc postParagraph_type-tag-h2__TtFkT\">Reajuste menor<\/h2>\n<p class=\"postParagraph_post-paragraph__juWZN postParagraph_post-paragraph-innerHtml__Q5vwc\">Veja abaixo a nota completa da <strong>Petrobras <\/strong>sobre a revis\u00e3o do reajuste do QAV a partir desta quarta-feira (1\u00ba):<\/p>\n<p class=\"postParagraph_post-paragraph__juWZN postParagraph_post-paragraph-innerHtml__Q5vwc\"><em>A Petrobras disponibilizar\u00e1 ao mercado, at\u00e9 segunda-feira (06\/04), um termo de ades\u00e3o para reduzir os efeitos do reajuste do pre\u00e7o do QAV, com validade a partir de hoje (01\/04).<\/em><\/p>\n<p class=\"postParagraph_post-paragraph__juWZN postParagraph_post-paragraph-innerHtml__Q5vwc\"><em>A iniciativa permite que as distribuidoras que atendem avia\u00e7\u00e3o comercial paguem um aumento de apenas 18% em abril no pre\u00e7o do querosene de avia\u00e7\u00e3o (QAV), percentual menor que o reajuste de 54,8% previsto em contrato. A diferen\u00e7a poder\u00e1 ser parcelada em seis vezes pelos clientes da Petrobras, com primeira parcela a partir de julho de 2026.<\/em><\/p>\n<p class=\"postParagraph_post-paragraph__juWZN postParagraph_post-paragraph-innerHtml__Q5vwc\"><em>Essa medida visa preservar a demanda pelo produto e mitigar os efeitos do reajuste no setor de avia\u00e7\u00e3o brasileiro, assegurando o bom funcionamento do mercado.<\/em><\/p>\n<p class=\"postParagraph_post-paragraph__juWZN postParagraph_post-paragraph-innerHtml__Q5vwc\"><em>Esse instrumento contribui com a sa\u00fade financeira dos clientes da companhia ao mesmo tempo em que preserva neutralidade financeira para a Petrobras, considerando o cen\u00e1rio de forte eleva\u00e7\u00e3o das cota\u00e7\u00f5es internacionais dos derivados de petr\u00f3leo, intensificado por tens\u00f5es geopol\u00edticas recentes no Oriente M\u00e9dio.<\/em><\/p>\n<p class=\"postParagraph_post-paragraph__juWZN postParagraph_post-paragraph-innerHtml__Q5vwc\"><em>O mecanismo de parcelamento que reduz os efeitos dos reajustes poder\u00e1 ser ofertado em maio e junho, com par\u00e2metros ainda a serem calculados.<\/em><\/p>\n<p class=\"postParagraph_post-paragraph__juWZN postParagraph_post-paragraph-innerHtml__Q5vwc\"><em>A Petrobras segue comprometida com uma atua\u00e7\u00e3o respons\u00e1vel, equilibrada e transparente, sem repassar volatilidade de curto prazo aos pre\u00e7os nacionais.<\/em><\/p>\n<\/div>\n<p><br \/>\n<br \/>Fonte: <a href=\"https:\/\/www.gazetadopovo.com.br\/economia\/petrobras-volta-atras-reajustara-querosene-aviacao-apenas-18\/\">Gazeta do Povo<\/a><\/p>\n","protected":false},"excerpt":{"rendered":"<p>A Petrobras informou, na tarde desta quarta-feira (1\u00ba), que n\u00e3o aplicar\u00e1 o reajuste de quase 55% no querosene de avia\u00e7\u00e3o (QAV), conforme as distribuidoras haviam informado \u00e0s companhias a\u00e9reas no come\u00e7o desta semana. A estatal aplicar\u00e1 um aumento de 18% em abril, com possibilidade de parcelamento para n\u00e3o impactar as tarifas imediatamente. Em nota \u00e0 [&hellip;]<\/p>\n","protected":false},"author":5,"featured_media":70696,"comment_status":"open","ping_status":"open","sticky":false,"template":"","format":"standard","meta":{"_seopress_robots_primary_cat":"","_seopress_titles_title":"","_seopress_titles_desc":"","_seopress_robots_index":"","footnotes":""},"categories":[45],"tags":[],"class_list":["post-70695","post","type-post","status-publish","format-standard","has-post-thumbnail","hentry","category-economia"],"_links":{"self":[{"href":"https:\/\/mussicom.com\/noticias\/wp-json\/wp\/v2\/posts\/70695","targetHints":{"allow":["GET"]}}],"collection":[{"href":"https:\/\/mussicom.com\/noticias\/wp-json\/wp\/v2\/posts"}],"about":[{"href":"https:\/\/mussicom.com\/noticias\/wp-json\/wp\/v2\/types\/post"}],"author":[{"embeddable":true,"href":"https:\/\/mussicom.com\/noticias\/wp-json\/wp\/v2\/users\/5"}],"replies":[{"embeddable":true,"href":"https:\/\/mussicom.com\/noticias\/wp-json\/wp\/v2\/comments?post=70695"}],"version-history":[{"count":0,"href":"https:\/\/mussicom.com\/noticias\/wp-json\/wp\/v2\/posts\/70695\/revisions"}],"wp:featuredmedia":[{"embeddable":true,"href":"https:\/\/mussicom.com\/noticias\/wp-json\/wp\/v2\/media\/70696"}],"wp:attachment":[{"href":"https:\/\/mussicom.com\/noticias\/wp-json\/wp\/v2\/media?parent=70695"}],"wp:term":[{"taxonomy":"category","embeddable":true,"href":"https:\/\/mussicom.com\/noticias\/wp-json\/wp\/v2\/categories?post=70695"},{"taxonomy":"post_tag","embeddable":true,"href":"https:\/\/mussicom.com\/noticias\/wp-json\/wp\/v2\/tags?post=70695"}],"curies":[{"name":"wp","href":"https:\/\/api.w.org\/{rel}","templated":true}]}}