{"id":70662,"date":"2026-04-01T12:50:16","date_gmt":"2026-04-01T15:50:16","guid":{"rendered":"https:\/\/mussicom.com\/equiparar-faccoes-a-terrorismo-dificultaria-cooperacao-internacional\/"},"modified":"2026-04-01T12:50:16","modified_gmt":"2026-04-01T15:50:16","slug":"equiparar-faccoes-a-terrorismo-dificultaria-cooperacao-internacional","status":"publish","type":"post","link":"https:\/\/mussicom.com\/noticias\/equiparar-faccoes-a-terrorismo-dificultaria-cooperacao-internacional\/","title":{"rendered":"equiparar fac\u00e7\u00f5es a terrorismo dificultaria coopera\u00e7\u00e3o internacional"},"content":{"rendered":"<p> <br \/>\n<\/p>\n<div id=\"tp-post-content\">\n<p class=\"postParagraph_post-paragraph__juWZN postParagraph_post-paragraph-innerHtml__Q5vwc\">O novo secret\u00e1rio nacional de Seguran\u00e7a P\u00fablica, Chico Lucas, argumentou que a classifica\u00e7\u00e3o do Comando Vermelho (CV) e do Primeiro Comando da Capital (PCC) como organiza\u00e7\u00f5es terroristas poderia dificultar a coopera\u00e7\u00e3o com outros pa\u00edses. Ele citou como exemplo os Estados Unidos.<\/p>\n<p class=\"postParagraph_post-paragraph__juWZN postParagraph_post-paragraph-innerHtml__Q5vwc\">&#8220;Ao inv\u00e9s de n\u00f3s sentarmos com o FBI, com o \u00f3rg\u00e3o de repress\u00e3o a drogas, n\u00f3s ter\u00edamos a CIA, e a CIA tem um n\u00edvel de sigilosidade (sic) muito maior do que essas outras ag\u00eancias americanas. Ent\u00e3o a coopera\u00e7\u00e3o internacional, que \u00e9 o caminho que n\u00f3s defendemos, restaria prejudicada&#8221;, defendeu, em entrevista \u00e0 CNN Brasil nesta quarta-feira (1\u00ba).<\/p>\n<p class=\"postParagraph_post-paragraph__juWZN postParagraph_post-paragraph-innerHtml__Q5vwc\">O secret\u00e1rio ainda falou em risco de &#8220;enfronhamento&#8221; de outros pa\u00edses em assuntos internos e citou o projeto de lei antifac\u00e7\u00e3o como medida de &#8220;arranjo institucional&#8221; que permitiria o enfrentamento \u00e0s fac\u00e7\u00f5es internamente, sem a classifica\u00e7\u00e3o como terrorismo que poderia, em sua vis\u00e3o, atrair interven\u00e7\u00e3o estrangeira.<\/p>\n<div class=\"postViewMore_post-view-more-container___5wai\" data-mrf-recirculation=\"Post - Veja tamb\u00e9m\">\n<p class=\"gp-styles-module-size-small-afeYRa gp-styles-module-font-family2-afeYRa gp-styles-module-color-secondary-afeYRa gp-styles-module-weight-bold-afeYRa\">VEJA TAMB\u00c9M:<\/p>\n<ul class=\"postViewMore_post-view-more-list__CU_CE\">\n<li class=\"postViewMore_post-view-more-item__2MzRb\"><span class=\"postViewMore_post-view-more-link-icon___stPC\"><svg xmlns=\"http:\/\/www.w3.org\/2000\/svg\" width=\"16\" height=\"16\" viewbox=\"0 0 16 16\"><rect width=\"16\" height=\"16\" fill=\"none\"\/><g transform=\"translate(3 3)\"><path d=\"M22.5,15l3.4,3.4-3.4,3.4\" transform=\"translate(-15.896 -11.793)\" fill=\"none\" stroke=\"#717171\" stroke-linecap=\"round\" stroke-width=\"1.4\"\/><path d=\"M6,6v4.2a2.452,2.452,0,0,0,2.5,2.4H16\" transform=\"translate(-6 -6)\" fill=\"none\" stroke=\"#717171\" stroke-linecap=\"round\" stroke-width=\"1.4\"\/><\/g><\/svg><\/span><span class=\"postViewMore_post-view-more-link-text__hO_kM\">O que muda se os EUA declararem o PCC e o CV grupos terroristas?<\/span><\/li>\n<li class=\"postViewMore_post-view-more-item__2MzRb\"><span class=\"postViewMore_post-view-more-link-icon___stPC\"><svg xmlns=\"http:\/\/www.w3.org\/2000\/svg\" width=\"16\" height=\"16\" viewbox=\"0 0 16 16\"><rect width=\"16\" height=\"16\" fill=\"none\"\/><g transform=\"translate(3 3)\"><path d=\"M22.5,15l3.4,3.4-3.4,3.4\" transform=\"translate(-15.896 -11.793)\" fill=\"none\" stroke=\"#717171\" stroke-linecap=\"round\" stroke-width=\"1.4\"\/><path d=\"M6,6v4.2a2.452,2.452,0,0,0,2.5,2.4H16\" transform=\"translate(-6 -6)\" fill=\"none\" stroke=\"#717171\" stroke-linecap=\"round\" stroke-width=\"1.4\"\/><\/g><\/svg><\/span><span class=\"postViewMore_post-view-more-link-text__hO_kM\">Vieira diz a Rubio que Brasil rejeita classificar PCC e CV como terroristas<\/span><\/li>\n<\/ul>\n<\/div>\n<h2 class=\"postParagraph_post-paragraph__juWZN postParagraph_post-paragraph-innerHtml__Q5vwc postParagraph_type-tag-h2__TtFkT\">Conceito penal de fac\u00e7\u00e3o foi alterado, mas n\u00e3o entrou na classifica\u00e7\u00e3o de terrorismo<\/h2>\n<div class=\"postImage_post-content-image__2CJdu\"><picture class=\"imageDefault_image-container__XGd8_\"><source type=\"image\/webp\" srcset=\"https:\/\/media.gazetadopovo.com.br\/2026\/04\/01113807\/8023410792001w-1280x720.jpg.webp 1280w, https:\/\/media.gazetadopovo.com.br\/2026\/04\/01113807\/8023410792001w-960x540.jpg.webp 960w, https:\/\/media.gazetadopovo.com.br\/2026\/04\/01113807\/8023410792001w-660x372.jpg.webp 660w, https:\/\/media.gazetadopovo.com.br\/2026\/04\/01113807\/8023410792001w-540x360.jpg.webp 540w, https:\/\/media.gazetadopovo.com.br\/2026\/04\/01113807\/8023410792001w-380x214.jpg.webp 380w, https:\/\/media.gazetadopovo.com.br\/2026\/04\/01113807\/8023410792001w-720x720.jpg.webp 720w, https:\/\/media.gazetadopovo.com.br\/2026\/04\/01113807\/8023410792001w-540x540.jpg.webp 540w, https:\/\/media.gazetadopovo.com.br\/2026\/04\/01113807\/8023410792001w-372x372.jpg.webp 372w, https:\/\/media.gazetadopovo.com.br\/2026\/04\/01113807\/8023410792001w-214x214.jpg.webp 214w, https:\/\/media.gazetadopovo.com.br\/2026\/04\/01113807\/8023410792001w.jpg.webp 1920w\" sizes=\"(max-width: 767px) 328px, 638px\"\/><source type=\"image\/jpeg\" srcset=\"https:\/\/media.gazetadopovo.com.br\/2026\/04\/01113807\/8023410792001w-1280x720.jpg.webp 1280w, https:\/\/media.gazetadopovo.com.br\/2026\/04\/01113807\/8023410792001w-960x540.jpg.webp 960w, https:\/\/media.gazetadopovo.com.br\/2026\/04\/01113807\/8023410792001w-660x372.jpg.webp 660w, https:\/\/media.gazetadopovo.com.br\/2026\/04\/01113807\/8023410792001w-540x360.jpg.webp 540w, https:\/\/media.gazetadopovo.com.br\/2026\/04\/01113807\/8023410792001w-380x214.jpg.webp 380w, https:\/\/media.gazetadopovo.com.br\/2026\/04\/01113807\/8023410792001w-720x720.jpg.webp 720w, https:\/\/media.gazetadopovo.com.br\/2026\/04\/01113807\/8023410792001w-540x540.jpg.webp 540w, https:\/\/media.gazetadopovo.com.br\/2026\/04\/01113807\/8023410792001w-372x372.jpg.webp 372w, https:\/\/media.gazetadopovo.com.br\/2026\/04\/01113807\/8023410792001w-214x214.jpg.webp 214w, https:\/\/media.gazetadopovo.com.br\/2026\/04\/01113807\/8023410792001w.jpg.webp 1920w\" sizes=\"(max-width: 767px) 328px, 638px\"\/><\/picture><i class=\"postImage_post-image-caption__yoE82\">Defini\u00e7\u00e3o de terrorismo na lei brasileira prev\u00ea atendado \u00e0 paz p\u00fablica e riscos \u00e0 popula\u00e7\u00e3o, mas exige vincula\u00e7\u00e3o a racismo ou xenofobia. <!-- --> <!-- -->(Foto: Andr\u00e9 Coelho\/EFE)<\/i><\/div>\n<p class=\"postParagraph_post-paragraph__juWZN postParagraph_post-paragraph-innerHtml__Q5vwc\">At\u00e9 a san\u00e7\u00e3o do PL antifac\u00e7\u00e3o, as fac\u00e7\u00f5es eram tratadas como organiza\u00e7\u00f5es criminosas. Este crime exige ao menos quatro pessoas, divis\u00e3o de tarefas e cometimento de il\u00edcitos com penas m\u00e1ximas superiores a quatro anos de pris\u00e3o.<\/p>\n<p class=\"postParagraph_post-paragraph__juWZN postParagraph_post-paragraph-innerHtml__Q5vwc\">Agora, as fac\u00e7\u00f5es s\u00e3o consideradas como um termo coloquial para designar organiza\u00e7\u00f5es criminosas ultraviolentas. Sua caracteriza\u00e7\u00e3o depende da reuni\u00e3o de pelo menos tr\u00eas pessoas que empreguem viol\u00eancia ou amea\u00e7a e atitudes como &#8220;impor controle territorial ou social, intimidar popula\u00e7\u00f5es ou autoridades ou atacar servi\u00e7os, infraestrutura ou equipamentos essenciais&#8221;.<\/p>\n<p class=\"postParagraph_post-paragraph__juWZN postParagraph_post-paragraph-innerHtml__Q5vwc\">Do outro lado, o conceito penal de terrorismo, como est\u00e1 hoje, exige uma motiva\u00e7\u00e3o espec\u00edfica: o preconceito. A finalidade precisa ser, necessariamente, colocar em risco &#8220;pessoa, patrim\u00f4nio, a paz p\u00fablica ou a incolumidade p\u00fablica&#8221; por meio de &#8220;terror social ou generalizado&#8221;.<\/p>\n<p class=\"postParagraph_post-paragraph__juWZN postParagraph_post-paragraph-innerHtml__Q5vwc\">A discuss\u00e3o sobre a equipara\u00e7\u00e3o entre faccionamento e terrorismo ganhou f\u00f4lego ap\u00f3s a Opera\u00e7\u00e3o Conten\u00e7\u00e3o, que combateu o avan\u00e7o do CV nas comunidades cariocas. O combate levou a mais de 120 mortes, incluindo cinco policiais. Foi a opera\u00e7\u00e3o policial mais letal da hist\u00f3ria do Brasil, rendendo um cerco do ministro do Supremo Tribunal Federal (STF) Alexandre de Moraes ao governo do Rio de Janeiro no \u00e2mbito da chamada ADPF das Favelas.<\/p>\n<\/div>\n<p><br \/>\n<br \/>Fonte: <a href=\"https:\/\/www.gazetadopovo.com.br\/republica\/secretario-de-seguranca-publica-equiparar-faccoes-a-terrorismo-dificultaria-cooperacao-internacional\/\">Revista Oeste<\/a><\/p>\n","protected":false},"excerpt":{"rendered":"<p>O novo secret\u00e1rio nacional de Seguran\u00e7a P\u00fablica, Chico Lucas, argumentou que a classifica\u00e7\u00e3o do Comando Vermelho (CV) e do Primeiro Comando da Capital (PCC) como organiza\u00e7\u00f5es terroristas poderia dificultar a coopera\u00e7\u00e3o com outros pa\u00edses. Ele citou como exemplo os Estados Unidos. &#8220;Ao inv\u00e9s de n\u00f3s sentarmos com o FBI, com o \u00f3rg\u00e3o de repress\u00e3o a [&hellip;]<\/p>\n","protected":false},"author":5,"featured_media":70663,"comment_status":"open","ping_status":"open","sticky":false,"template":"","format":"standard","meta":{"_seopress_robots_primary_cat":"","_seopress_titles_title":"","_seopress_titles_desc":"","_seopress_robots_index":"","footnotes":""},"categories":[1],"tags":[],"class_list":["post-70662","post","type-post","status-publish","format-standard","has-post-thumbnail","hentry","category-ultimas-noticias"],"_links":{"self":[{"href":"https:\/\/mussicom.com\/noticias\/wp-json\/wp\/v2\/posts\/70662","targetHints":{"allow":["GET"]}}],"collection":[{"href":"https:\/\/mussicom.com\/noticias\/wp-json\/wp\/v2\/posts"}],"about":[{"href":"https:\/\/mussicom.com\/noticias\/wp-json\/wp\/v2\/types\/post"}],"author":[{"embeddable":true,"href":"https:\/\/mussicom.com\/noticias\/wp-json\/wp\/v2\/users\/5"}],"replies":[{"embeddable":true,"href":"https:\/\/mussicom.com\/noticias\/wp-json\/wp\/v2\/comments?post=70662"}],"version-history":[{"count":0,"href":"https:\/\/mussicom.com\/noticias\/wp-json\/wp\/v2\/posts\/70662\/revisions"}],"wp:featuredmedia":[{"embeddable":true,"href":"https:\/\/mussicom.com\/noticias\/wp-json\/wp\/v2\/media\/70663"}],"wp:attachment":[{"href":"https:\/\/mussicom.com\/noticias\/wp-json\/wp\/v2\/media?parent=70662"}],"wp:term":[{"taxonomy":"category","embeddable":true,"href":"https:\/\/mussicom.com\/noticias\/wp-json\/wp\/v2\/categories?post=70662"},{"taxonomy":"post_tag","embeddable":true,"href":"https:\/\/mussicom.com\/noticias\/wp-json\/wp\/v2\/tags?post=70662"}],"curies":[{"name":"wp","href":"https:\/\/api.w.org\/{rel}","templated":true}]}}