{"id":70650,"date":"2026-04-01T11:38:22","date_gmt":"2026-04-01T14:38:22","guid":{"rendered":"https:\/\/mussicom.com\/incendio-atinge-borracharia-e-provoca-susto-em-vicente-de-carvalho\/"},"modified":"2026-04-01T11:38:22","modified_gmt":"2026-04-01T14:38:22","slug":"incendio-atinge-borracharia-e-provoca-susto-em-vicente-de-carvalho","status":"publish","type":"post","link":"https:\/\/mussicom.com\/noticias\/incendio-atinge-borracharia-e-provoca-susto-em-vicente-de-carvalho\/","title":{"rendered":"Inc\u00eandio atinge borracharia e provoca susto em Vicente de Carvalho"},"content":{"rendered":"<p> <br \/>\n<\/p>\n<div>\n<p>Um inc\u00eandio atingiu uma borracharia na manh\u00e3 desta quarta-feira (1), no Parque Estu\u00e1rio, em Vicente de Carvalho. N\u00e3o houve feridos.<\/p>\n<p>De acordo com o Corpo de Bombeiros, o fogo come\u00e7ou por volta das 7h20. Tr\u00eas viaturas e sete homens foram para o local e o fogo foi controlado em poucos minutos.<\/p>\n<p>Apesar da opera\u00e7\u00e3o r\u00e1pida e da inexist\u00eancia de feridos, a altura das chamas chamou a aten\u00e7\u00e3o de quem passava pr\u00f3ximo ao local. As causas do inc\u00eandio ser\u00e3o apuradas.<\/p>\n<\/div>\n<p><br \/>\n<br \/>Fonte: <a href=\"https:\/\/jornaldaorla.com.br\/noticias\/incendio-atinge-borracharia-e-provoca-susto-em-vicente-de-carvalho\/\">Jornal Da Orla<\/a><\/p>\n","protected":false},"excerpt":{"rendered":"<p>Um inc\u00eandio atingiu uma borracharia na manh\u00e3 desta quarta-feira (1), no Parque Estu\u00e1rio, em Vicente de Carvalho. N\u00e3o houve feridos. De acordo com o Corpo de Bombeiros, o fogo come\u00e7ou por volta das 7h20. Tr\u00eas viaturas e sete homens foram para o local e o fogo foi controlado em poucos minutos. Apesar da opera\u00e7\u00e3o r\u00e1pida [&hellip;]<\/p>\n","protected":false},"author":5,"featured_media":70651,"comment_status":"open","ping_status":"open","sticky":false,"template":"","format":"standard","meta":{"_seopress_robots_primary_cat":"","_seopress_titles_title":"","_seopress_titles_desc":"","_seopress_robots_index":"","footnotes":""},"categories":[52],"tags":[],"class_list":["post-70650","post","type-post","status-publish","format-standard","has-post-thumbnail","hentry","category-santoseregiao"],"_links":{"self":[{"href":"https:\/\/mussicom.com\/noticias\/wp-json\/wp\/v2\/posts\/70650","targetHints":{"allow":["GET"]}}],"collection":[{"href":"https:\/\/mussicom.com\/noticias\/wp-json\/wp\/v2\/posts"}],"about":[{"href":"https:\/\/mussicom.com\/noticias\/wp-json\/wp\/v2\/types\/post"}],"author":[{"embeddable":true,"href":"https:\/\/mussicom.com\/noticias\/wp-json\/wp\/v2\/users\/5"}],"replies":[{"embeddable":true,"href":"https:\/\/mussicom.com\/noticias\/wp-json\/wp\/v2\/comments?post=70650"}],"version-history":[{"count":0,"href":"https:\/\/mussicom.com\/noticias\/wp-json\/wp\/v2\/posts\/70650\/revisions"}],"wp:featuredmedia":[{"embeddable":true,"href":"https:\/\/mussicom.com\/noticias\/wp-json\/wp\/v2\/media\/70651"}],"wp:attachment":[{"href":"https:\/\/mussicom.com\/noticias\/wp-json\/wp\/v2\/media?parent=70650"}],"wp:term":[{"taxonomy":"category","embeddable":true,"href":"https:\/\/mussicom.com\/noticias\/wp-json\/wp\/v2\/categories?post=70650"},{"taxonomy":"post_tag","embeddable":true,"href":"https:\/\/mussicom.com\/noticias\/wp-json\/wp\/v2\/tags?post=70650"}],"curies":[{"name":"wp","href":"https:\/\/api.w.org\/{rel}","templated":true}]}}