{"id":70635,"date":"2026-04-01T09:37:54","date_gmt":"2026-04-01T12:37:54","guid":{"rendered":"https:\/\/mussicom.com\/bolivia-perde-para-o-iraque-e-miguelito-nao-vai-disputar-a-copa\/"},"modified":"2026-04-01T09:37:54","modified_gmt":"2026-04-01T12:37:54","slug":"bolivia-perde-para-o-iraque-e-miguelito-nao-vai-disputar-a-copa","status":"publish","type":"post","link":"https:\/\/mussicom.com\/noticias\/bolivia-perde-para-o-iraque-e-miguelito-nao-vai-disputar-a-copa\/","title":{"rendered":"Bol\u00edvia perde para o Iraque e Miguelito n\u00e3o vai disputar a Copa"},"content":{"rendered":"<p> <br \/>\n<\/p>\n<div>\n<div id=\"attachment_181565\" style=\"width: 1071px\" class=\"wp-caption aligncenter\"><\/p>\n<p id=\"caption-attachment-181565\" class=\"wp-caption-text\">Miguelito se despediu da chance de disputar uma Copa (Cr\u00e9dito: Divulga\u00e7\u00e3o)<\/p>\n<\/div>\n<p>O meia-atacante Miguelito, do Santos, foi titular na derrota da Sele\u00e7\u00e3o Boliviana para o Iraque por 2 a 1, no Estadio BBVA, em Guardalupe, no M\u00e9xico, na madrugada desta quarta-feira (01). Com o resultado, a La Verde n\u00e3o conseguiu a vaga para a Copa do Mundo, que foi conquistada pelo time iraniano.<\/p>\n<p>Al\u00e9m de Miguel, o zagueiro Marcelo Contreras, do Sub-20, e o atacante Enzo Monteiro, que est\u00e1 emprestado pelo Peixe \u00e0 Coreia do Sul, tamb\u00e9m estiveram com a Bol\u00edvia nesta Data Fifa. O defensor ficou no banco no confronto e o centroavante entrou aos 45 minutos do segundo tempo. O trio do Alvinegro j\u00e1 tinha atuado no jogo anterior da Sele\u00e7\u00e3o.<\/p>\n<p>Na \u00faltima quinta-feira (26), a Bol\u00edvia havia vencido o Suriname por 2 a 1, no mesmo palco. Miguelito foi titular tamb\u00e9m, levou amarelo e marcou de p\u00eanalti o gol da virada. Enzo tamb\u00e9m tinha iniciou como titular, mas saiu aos 29 minutos do segundo tempo. Contreras n\u00e3o saiu do banco. Agora, o trio retorna \u00e0s atividades aos clube.<\/p>\n<p>Miguel ainda desfalca o Alvinegro diante do Remo nesta quinta-feira (02), \u00e0s 19 horas, na Vila Belmiro, pela nona rodada do Brasileir\u00e3o. Mas, deve ficar \u00e0 disposi\u00e7\u00e3o na pr\u00f3xima rodada contra o Flamengo. Contreras tamb\u00e9m \u00e9 baixa na base no confronto contra o Athletico-PR nesta quarta-feira (01), \u00e0s 15 horas, no CAT do Caju, pela quarta rodada do Brasileiro Sub-20.<\/p>\n<p>Ambos ter\u00e3o as renova\u00e7\u00f5es discutidas pelo Santos. O contrato de Miguel \u00e9 v\u00e1lido at\u00e9 24 de abril do ano que vem enquanto o de Marcelo at\u00e9 junho do ano que vem. Enzo viaja de volta ao pa\u00eds oriental.<\/p>\n<\/p><\/div>\n<p><br \/>\n<br \/>Fonte: <a href=\"https:\/\/www.diariodopeixe.com.br\/noticias\/bolivia-perde-para-o-iraque-e-miguelito-nao-vai-disputar-a-copa\/\">Di\u00e1rio do Peixe<\/a><\/p>\n","protected":false},"excerpt":{"rendered":"<p>Miguelito se despediu da chance de disputar uma Copa (Cr\u00e9dito: Divulga\u00e7\u00e3o) O meia-atacante Miguelito, do Santos, foi titular na derrota da Sele\u00e7\u00e3o Boliviana para o Iraque por 2 a 1, no Estadio BBVA, em Guardalupe, no M\u00e9xico, na madrugada desta quarta-feira (01). Com o resultado, a La Verde n\u00e3o conseguiu a vaga para a Copa [&hellip;]<\/p>\n","protected":false},"author":5,"featured_media":70636,"comment_status":"open","ping_status":"open","sticky":false,"template":"","format":"standard","meta":{"_seopress_robots_primary_cat":"","_seopress_titles_title":"","_seopress_titles_desc":"","_seopress_robots_index":"","footnotes":""},"categories":[55],"tags":[],"class_list":["post-70635","post","type-post","status-publish","format-standard","has-post-thumbnail","hentry","category-santos-fc"],"_links":{"self":[{"href":"https:\/\/mussicom.com\/noticias\/wp-json\/wp\/v2\/posts\/70635","targetHints":{"allow":["GET"]}}],"collection":[{"href":"https:\/\/mussicom.com\/noticias\/wp-json\/wp\/v2\/posts"}],"about":[{"href":"https:\/\/mussicom.com\/noticias\/wp-json\/wp\/v2\/types\/post"}],"author":[{"embeddable":true,"href":"https:\/\/mussicom.com\/noticias\/wp-json\/wp\/v2\/users\/5"}],"replies":[{"embeddable":true,"href":"https:\/\/mussicom.com\/noticias\/wp-json\/wp\/v2\/comments?post=70635"}],"version-history":[{"count":0,"href":"https:\/\/mussicom.com\/noticias\/wp-json\/wp\/v2\/posts\/70635\/revisions"}],"wp:featuredmedia":[{"embeddable":true,"href":"https:\/\/mussicom.com\/noticias\/wp-json\/wp\/v2\/media\/70636"}],"wp:attachment":[{"href":"https:\/\/mussicom.com\/noticias\/wp-json\/wp\/v2\/media?parent=70635"}],"wp:term":[{"taxonomy":"category","embeddable":true,"href":"https:\/\/mussicom.com\/noticias\/wp-json\/wp\/v2\/categories?post=70635"},{"taxonomy":"post_tag","embeddable":true,"href":"https:\/\/mussicom.com\/noticias\/wp-json\/wp\/v2\/tags?post=70635"}],"curies":[{"name":"wp","href":"https:\/\/api.w.org\/{rel}","templated":true}]}}