{"id":70565,"date":"2026-04-01T01:32:18","date_gmt":"2026-04-01T04:32:18","guid":{"rendered":"https:\/\/mussicom.com\/nova-fase-da-feira-do-joquei-leva-mais-conforto-e-valorizacao-ao-comercio-local\/"},"modified":"2026-04-01T01:32:18","modified_gmt":"2026-04-01T04:32:18","slug":"nova-fase-da-feira-do-joquei-leva-mais-conforto-e-valorizacao-ao-comercio-local","status":"publish","type":"post","link":"https:\/\/mussicom.com\/noticias\/nova-fase-da-feira-do-joquei-leva-mais-conforto-e-valorizacao-ao-comercio-local\/","title":{"rendered":"Nova fase da feira do J\u00f3quei leva mais conforto e valoriza\u00e7\u00e3o ao com\u00e9rcio local"},"content":{"rendered":"<p> <br \/>\n<\/p>\n<div id=\"texto\">\n<p>A tradicional feira livre do j\u00f3quei clube iniciou um novo capitulo. Saindo da Rua Dom Duarte da Costa, a feira foi transferida para a Pra\u00e7a Mateo Bei, trazendo mais conforto, organiza\u00e7\u00e3o e qualidade para feirantes e frequentadores. Pouco mais de um m\u00eas depois da mudan\u00e7a, o que se v\u00ea \u00e9 uma s\u00e9rie de elogios de feirantes confiantes com o local e melhora na mobilidade urbana, proporcionando uma experi\u00eancia mais agrad\u00e1vel aos empreendedores e \u00e0 popula\u00e7\u00e3o.<br \/>&#13;<br \/>\n\u00a0<\/p>\n<p>Com a nova localiza\u00e7\u00e3o, a feira passa a contar com melhor estrutura, \u00e1reas mais amplas para circula\u00e7\u00e3o e maior facilidade de acesso, tanto para pedestres quanto para motoristas. A reorganiza\u00e7\u00e3o tamb\u00e9m contribui para a valoriza\u00e7\u00e3o dos comerciantes, que agora disp\u00f5em de um ambiente mais funcional para expor seus produtos, garantindo mais visibilidade e comodidade nas vendas.<br \/>&#13;<br \/>\n\u00a0<\/p>\n<p>Priorit\u00e1rio de uma barraca de peixes h\u00e1 52 anos na feira, Nilson Bispo celebrou as melhorias proporcionadas pela mudan\u00e7a. &#8220;Agora temos mais espa\u00e7o, mais organiza\u00e7\u00e3o e mais facilidade pra trabalhar. Mas o que realmente enche a barraca n\u00e3o \u00e9 s\u00f3 o lugar, mas a confian\u00e7a constru\u00edda ao longo dos anos. Aqui, o cliente n\u00e3o compra s\u00f3 peixe,compra tradi\u00e7\u00e3o, qualidade e a certeza de que est\u00e1 levando o melhor&#8221;.<br \/>&#13;<br \/>\n\u00a0<\/p>\n<p>Outro ponto positivo \u00e9 o impacto direto na rotina dos moradores da regi\u00e3o, que passam a conviver com um espa\u00e7o mais organizado, limpo e seguro. A mudan\u00e7a ainda favorece o desenvolvimento do entorno, estimulando o com\u00e9rcio local e fortalecendo a economia da \u00e1rea.<br \/>&#13;<br \/>\n\u00a0<\/p>\n<p>Morador do bairro, Mario Nunes, ressalta o impacto da novidade. &#8220;O local \u00e9 excelente, pois no garante a possibilidade de comprar em um ambiente aberto e movimentado&#8221;.<\/p>\n<p>Propriet\u00e1ria de da barraca de carnes, Frango Feira Express, Magali de Lima, tamb\u00e9m elogiou a iniciativa. &#8220;A mudan\u00e7a trouxe um ganho enorme: hoje temos um espa\u00e7o melhor, mais organizado e, principalmente, estruturado. O movimento ainda est\u00e1 se ajustando, porque toda mudan\u00e7a leva tempo, mas a experi\u00eancia mostra que, em cerca de um ano, tudo melhora. E o que mant\u00e9m o cliente fiel n\u00e3o \u00e9 s\u00f3 o lugar: \u00e9 a qualidade. Aqui, n\u00e3o se trabalha com produto congelado ou estoque antigo, \u00e9 tudo fresco, pensado para a semana. Quem vem \u00e0 feira n\u00e3o busca apenas pre\u00e7o, busca sabor, confian\u00e7a e uma qualidade que faz toda a diferen\u00e7a&#8221;.<br \/>&#13;<br \/>\n\u00a0<\/p>\n<p>Secret\u00e1rio de Com\u00e9rcio, Ind\u00fastria e Neg\u00f3cios Portu\u00e1rios (Secinp), Fernando Paulino refor\u00e7a a import\u00e2ncia das feiras para o com\u00e9rcio local, e objetivo da mudan\u00e7a. &#8220;A feira \u00e9 muito mais do que com\u00e9rcio, \u00e9 uma ponte entre o empreendedor e a popula\u00e7\u00e3o. Ela movimenta a economia, leva produtos para perto das pessoas e traz comodidade ao dia a dia de cada bairro. Mais do que isso, mant\u00e9m viva a conviv\u00eancia, o encontro, a conversa, a tradi\u00e7\u00e3o. Com a mudan\u00e7a, a feira ficou mais organizada, segura e valorizou todo o entorno, mostrando que, quando bem estruturada, ela beneficia todos: quem vende, quem compra e toda a comunidade&#8221;.<\/p>\n<p>\u00a0<\/p>\n<p><strong>Servi\u00e7o<\/strong><\/p>\n<p>A Feira Livre do J\u00f3quei Clube funciona \u00e0s quartas-feiras, das 7h \u00e0s 13h. As demais feiras do Munic\u00edpio podem ser conferidas no link:\u00a0https:\/\/share.google\/3PxpFGk0sPADMbZ62<\/p>\n<\/p><\/div>\n<p><script async defer crossorigin=\"anonymous\" src=\"https:\/\/connect.facebook.net\/pt_BR\/sdk.js#xfbml=1&#038;version=v12.0&#038;appId=&#038;autoLogAppEvents=1\" nonce=\"ou0fI1lo\"><\/script><br \/>\n<br \/><br \/>\n<br \/>Fonte: <a href=\"https:\/\/www.bs9.com.br\/litoral\/nova-fase-da-feira-do-joquei-leva-mais-conforto-e-valorizacao-ao\/38613\/\">BS9<\/a><\/p>\n","protected":false},"excerpt":{"rendered":"<p>A tradicional feira livre do j\u00f3quei clube iniciou um novo capitulo. Saindo da Rua Dom Duarte da Costa, a feira foi transferida para a Pra\u00e7a Mateo Bei, trazendo mais conforto, organiza\u00e7\u00e3o e qualidade para feirantes e frequentadores. Pouco mais de um m\u00eas depois da mudan\u00e7a, o que se v\u00ea \u00e9 uma s\u00e9rie de elogios de [&hellip;]<\/p>\n","protected":false},"author":5,"featured_media":70566,"comment_status":"open","ping_status":"open","sticky":false,"template":"","format":"standard","meta":{"_seopress_robots_primary_cat":"","_seopress_titles_title":"","_seopress_titles_desc":"","_seopress_robots_index":"","footnotes":""},"categories":[52],"tags":[],"class_list":["post-70565","post","type-post","status-publish","format-standard","has-post-thumbnail","hentry","category-santoseregiao"],"_links":{"self":[{"href":"https:\/\/mussicom.com\/noticias\/wp-json\/wp\/v2\/posts\/70565","targetHints":{"allow":["GET"]}}],"collection":[{"href":"https:\/\/mussicom.com\/noticias\/wp-json\/wp\/v2\/posts"}],"about":[{"href":"https:\/\/mussicom.com\/noticias\/wp-json\/wp\/v2\/types\/post"}],"author":[{"embeddable":true,"href":"https:\/\/mussicom.com\/noticias\/wp-json\/wp\/v2\/users\/5"}],"replies":[{"embeddable":true,"href":"https:\/\/mussicom.com\/noticias\/wp-json\/wp\/v2\/comments?post=70565"}],"version-history":[{"count":0,"href":"https:\/\/mussicom.com\/noticias\/wp-json\/wp\/v2\/posts\/70565\/revisions"}],"wp:featuredmedia":[{"embeddable":true,"href":"https:\/\/mussicom.com\/noticias\/wp-json\/wp\/v2\/media\/70566"}],"wp:attachment":[{"href":"https:\/\/mussicom.com\/noticias\/wp-json\/wp\/v2\/media?parent=70565"}],"wp:term":[{"taxonomy":"category","embeddable":true,"href":"https:\/\/mussicom.com\/noticias\/wp-json\/wp\/v2\/categories?post=70565"},{"taxonomy":"post_tag","embeddable":true,"href":"https:\/\/mussicom.com\/noticias\/wp-json\/wp\/v2\/tags?post=70565"}],"curies":[{"name":"wp","href":"https:\/\/api.w.org\/{rel}","templated":true}]}}