{"id":70518,"date":"2026-03-31T21:28:16","date_gmt":"2026-04-01T00:28:16","guid":{"rendered":"https:\/\/mussicom.com\/prefeitura-de-sao-vicente-cria-vale-refeicao-para-servidores-municipais\/"},"modified":"2026-03-31T21:28:16","modified_gmt":"2026-04-01T00:28:16","slug":"prefeitura-de-sao-vicente-cria-vale-refeicao-para-servidores-municipais","status":"publish","type":"post","link":"https:\/\/mussicom.com\/noticias\/prefeitura-de-sao-vicente-cria-vale-refeicao-para-servidores-municipais\/","title":{"rendered":"Prefeitura de S\u00e3o Vicente cria vale-refei\u00e7\u00e3o para servidores municipais"},"content":{"rendered":"<p> <br \/>\n<\/p>\n<div id=\"texto\">\n<p>Nesta semana, a proposta enviada pela Prefeitura para a cria\u00e7\u00e3o de vale-refei\u00e7\u00e3o aos servidores p\u00fablicos de S\u00e3o Vicente foi aprovada pela C\u00e2mara Municipal. A iniciativa, que j\u00e1 havia recebido aval dos servidores, por meio de assembleia, visa corrigir distor\u00e7\u00f5es e garantir o direito \u00e0 alimenta\u00e7\u00e3o durante a jornada de trabalho.<br \/>&#13;<br \/>\n\u00a0<\/p>\n<p>A medida in\u00e9dita, que contempla todos os cargos do funcionalismo, prev\u00ea a concess\u00e3o de aux\u00edlio-refei\u00e7\u00e3o de R$ 51 por dia para plant\u00f5es de 12 horas, R$ 34 por dia para jornadas di\u00e1rias iguais ou superiores a seis horas e R$ 17 para expedientes inferiores a esse per\u00edodo.<br \/>&#13;<br \/>\n\u00a0<\/p>\n<p>Aos professores titulares e adjuntos, o aux\u00edlio-refei\u00e7\u00e3o di\u00e1rio ser\u00e1 de R$ 11,33 para jornada mensal de 60 a 109 horas; R$ 34 para 160 a 200 horas mensais; R$ 45,33 para 201 a 260 horas trabalhadas por m\u00eas; R$ 56,66 para aqueles que trabalharem de 261 a 360 horas; e R$ 68 para jornadas acima de 361 horas.<br \/>&#13;<br \/>\n\u00a0<\/p>\n<p>A proposta aprovada pelos sindicatos e pelo Legislativo tamb\u00e9m garante reajuste salarial a todos os servidores no \u00edndice inflacion\u00e1rio de 4,26%, entre outros benef\u00edcios, como o descongelamento de 583 dias referentes ao per\u00edodo da pandemia, a partir de 1\u00ba de julho, e a eleva\u00e7\u00e3o do adicional de insalubridade.<br \/>&#13;<br \/>\n\u00a0<\/p>\n<p>Al\u00e9m disso, o pacote contempla melhorias espec\u00edficas para auxiliares de sa\u00fade bucal, t\u00e9cnicos de radiologia, motoristas, agentes comunit\u00e1rios de sa\u00fade e de endemias e agentes de tr\u00e2nsito.<br \/>&#13;<br \/>\n\u00a0<\/p>\n<p>O secret\u00e1rio de Gest\u00e3o, Yuri C\u00e2mara Batista, enfatiza que, al\u00e9m do benef\u00edcio financeiro, a Administra\u00e7\u00e3o Municipal tem desenvolvido iniciativas voltadas \u00e0 melhoria da gest\u00e3o da carreira do servidor.<br \/>&#13;<br \/>\n&#8220;Tamb\u00e9m temos uma s\u00e9rie de compromissos e mudan\u00e7as de cunho n\u00e3o econ\u00f4mico. S\u00e3o a\u00e7\u00f5es voltadas \u00e0 melhoria da gest\u00e3o p\u00fablica e do ambiente de trabalho dos servidores. Outras incluem a valoriza\u00e7\u00e3o do corpo de servidores efetivos, por meio de planos de carreira que nos comprometemos a criar e implementar neste ano&#8221;.<br \/>&#13;<br \/>\n\u00a0<\/p>\n<p>&#8220;Vou sempre buscar as melhores condi\u00e7\u00f5es para os servidores, com responsabilidade e dentro das limita\u00e7\u00f5es or\u00e7ament\u00e1rias do munic\u00edpio. O vale-refei\u00e7\u00e3o corrige uma distor\u00e7\u00e3o do passado. Quando assumi a Prefeitura, os sal\u00e1rios estavam atrasados. Desde que eu sou prefeito, nenhum sal\u00e1rio ficou em atraso, e tenho muito orgulho disso. Cuidar de quem cuida da cidade \u00e9 fundamental. A caminhada \u00e9 \u00e1rdua, mas, dia ap\u00f3s dia, estamos melhorando S\u00e3o Vicente&#8221;, ressaltou o prefeito Kayo Amado.<\/p>\n<\/p><\/div>\n<p><script async defer crossorigin=\"anonymous\" src=\"https:\/\/connect.facebook.net\/pt_BR\/sdk.js#xfbml=1&#038;version=v12.0&#038;appId=&#038;autoLogAppEvents=1\" nonce=\"ou0fI1lo\"><\/script><br \/>\n<br \/><br \/>\n<br \/>Fonte: <a href=\"https:\/\/www.bs9.com.br\/litoral\/prefeitura-de-sao-vicente-cria-vale-refeicao-para-servidores\/38618\/\">BS9<\/a><\/p>\n","protected":false},"excerpt":{"rendered":"<p>Nesta semana, a proposta enviada pela Prefeitura para a cria\u00e7\u00e3o de vale-refei\u00e7\u00e3o aos servidores p\u00fablicos de S\u00e3o Vicente foi aprovada pela C\u00e2mara Municipal. A iniciativa, que j\u00e1 havia recebido aval dos servidores, por meio de assembleia, visa corrigir distor\u00e7\u00f5es e garantir o direito \u00e0 alimenta\u00e7\u00e3o durante a jornada de trabalho.&#13; \u00a0 A medida in\u00e9dita, que [&hellip;]<\/p>\n","protected":false},"author":5,"featured_media":70519,"comment_status":"open","ping_status":"open","sticky":false,"template":"","format":"standard","meta":{"_seopress_robots_primary_cat":"","_seopress_titles_title":"","_seopress_titles_desc":"","_seopress_robots_index":"","footnotes":""},"categories":[52],"tags":[],"class_list":["post-70518","post","type-post","status-publish","format-standard","has-post-thumbnail","hentry","category-santoseregiao"],"_links":{"self":[{"href":"https:\/\/mussicom.com\/noticias\/wp-json\/wp\/v2\/posts\/70518","targetHints":{"allow":["GET"]}}],"collection":[{"href":"https:\/\/mussicom.com\/noticias\/wp-json\/wp\/v2\/posts"}],"about":[{"href":"https:\/\/mussicom.com\/noticias\/wp-json\/wp\/v2\/types\/post"}],"author":[{"embeddable":true,"href":"https:\/\/mussicom.com\/noticias\/wp-json\/wp\/v2\/users\/5"}],"replies":[{"embeddable":true,"href":"https:\/\/mussicom.com\/noticias\/wp-json\/wp\/v2\/comments?post=70518"}],"version-history":[{"count":0,"href":"https:\/\/mussicom.com\/noticias\/wp-json\/wp\/v2\/posts\/70518\/revisions"}],"wp:featuredmedia":[{"embeddable":true,"href":"https:\/\/mussicom.com\/noticias\/wp-json\/wp\/v2\/media\/70519"}],"wp:attachment":[{"href":"https:\/\/mussicom.com\/noticias\/wp-json\/wp\/v2\/media?parent=70518"}],"wp:term":[{"taxonomy":"category","embeddable":true,"href":"https:\/\/mussicom.com\/noticias\/wp-json\/wp\/v2\/categories?post=70518"},{"taxonomy":"post_tag","embeddable":true,"href":"https:\/\/mussicom.com\/noticias\/wp-json\/wp\/v2\/tags?post=70518"}],"curies":[{"name":"wp","href":"https:\/\/api.w.org\/{rel}","templated":true}]}}