{"id":70513,"date":"2026-03-31T21:21:22","date_gmt":"2026-04-01T00:21:22","guid":{"rendered":"https:\/\/mussicom.com\/mais-de-80-dos-estados-aderem-a-subsidio-a-diesel-importado\/"},"modified":"2026-03-31T21:21:22","modified_gmt":"2026-04-01T00:21:22","slug":"mais-de-80-dos-estados-aderem-a-subsidio-a-diesel-importado","status":"publish","type":"post","link":"https:\/\/mussicom.com\/noticias\/mais-de-80-dos-estados-aderem-a-subsidio-a-diesel-importado\/","title":{"rendered":"Mais de 80% dos estados aderem a subs\u00eddio a diesel importado"},"content":{"rendered":"<p> <br \/>\n<\/p>\n<div>\n<p><strong>Mais de 80% dos estados brasileiros indicaram ades\u00e3o \u00e0 proposta de subs\u00eddio ao diesel importado apresentada pelo Minist\u00e9rio da Fazenda, informou a pasta em nota conjunta divulgada com o Comit\u00ea dos Secret\u00e1rios de Fazenda dos Estados e do Distrito Federal (Comsefaz).<\/strong><img decoding=\"async\" src=\"https:\/\/agenciabrasil.ebc.com.br\/ebc.gif?id=1684461&amp;o=node\" style=\"width:1px; height:1px; display:inline;\"\/><\/p>\n<p>A medida busca conter a alta dos combust\u00edveis provocada pela guerra no Oriente M\u00e9dio. A propor\u00e7\u00e3o de 80% das 27 unidades da Federa\u00e7\u00e3o significa que 22 ou 23 aceitaram a proposta do governo.<\/p>\n<p><strong>Oficialmente, a Fazenda n\u00e3o divulga as unidades da Federa\u00e7\u00e3o que n\u00e3o aderiram. A assessoria da pasta informou que n\u00e3o pode repassar as informa\u00e7\u00f5es porque as conversas ainda n\u00e3o foram conclu\u00eddas<\/strong><\/p>\n<p>Mais cedo, o novo ministro da Fazenda, Dario Durigan, disse que a medida provis\u00f3ria com o subs\u00eddio sai ainda esta semana. Embora a subven\u00e7\u00e3o n\u00e3o exija o compromisso de todos os governadores, o ministro explicou\u00a0as negocia\u00e7\u00f5es para conseguir a ades\u00e3o de todas as unidades da Federa\u00e7\u00e3o contunuam.<\/p>\n<p>De car\u00e1ter tempor\u00e1rio e excepcional, a proposta prev\u00ea um subs\u00eddio total de R$ 1,20 por litro de diesel importado por dois meses. O custo ser\u00e1 dividido igualmente entre o governo federal e os estados, com R$ 0,60 arcados pela Uni\u00e3o e os outros R$ 0,60 pelas unidades da federa\u00e7\u00e3o.<\/p>\n<h2>Propor\u00e7\u00e3o<\/h2>\n<p><strong>Segundo o comunicado, a participa\u00e7\u00e3o dos estados ser\u00e1 proporcional ao volume de diesel consumido em cada regi\u00e3o, embora os crit\u00e9rios espec\u00edficos ainda estejam em defini\u00e7\u00e3o.<\/strong><\/p>\n<p>A iniciativa ter\u00e1 dura\u00e7\u00e3o limitada, com o objetivo de evitar impactos fiscais permanentes. A ades\u00e3o \u00e9 volunt\u00e1ria, conforme discutido pelo Conselho Nacional de Pol\u00edtica Fazend\u00e1ria (Confaz), \u00f3rg\u00e3o deliberativo que re\u00fane os secret\u00e1rios estaduais da \u00e1rea, acima do Comsefaz.<\/p>\n<p><strong>O texto tamb\u00e9m estabelece que as cotas dos estados que optarem por n\u00e3o participar n\u00e3o ser\u00e3o redistribu\u00eddas entre os demais, preservando a autonomia das unidades federativas.<\/strong><\/p>\n<p>\u201cA iniciativa refor\u00e7a o di\u00e1logo cooperativo entre Uni\u00e3o e estados na busca por solu\u00e7\u00f5es conjuntas para o mercado de combust\u00edveis, com foco na previsibilidade de pre\u00e7os, na seguran\u00e7a do abastecimento e na manuten\u00e7\u00e3o do equil\u00edbrio das contas p\u00fablicas em todos os n\u00edveis de governo\u201d, ressaltou a nota conjunta.<\/p>\n<p>      <!-- Relacionada --><\/p>\n<p>            <!-- Relacionada -->\n    <\/div>\n<p><br \/>\n<br \/>Fonte: <a href=\"https:\/\/agenciabrasil.ebc.com.br\/economia\/noticia\/2026-03\/mais-de-80-dos-estados-aderem-subsidio-diesel-importado\">Gazeta do Povo<\/a><\/p>\n","protected":false},"excerpt":{"rendered":"<p>Mais de 80% dos estados brasileiros indicaram ades\u00e3o \u00e0 proposta de subs\u00eddio ao diesel importado apresentada pelo Minist\u00e9rio da Fazenda, informou a pasta em nota conjunta divulgada com o Comit\u00ea dos Secret\u00e1rios de Fazenda dos Estados e do Distrito Federal (Comsefaz). A medida busca conter a alta dos combust\u00edveis provocada pela guerra no Oriente M\u00e9dio. [&hellip;]<\/p>\n","protected":false},"author":5,"featured_media":70514,"comment_status":"open","ping_status":"open","sticky":false,"template":"","format":"standard","meta":{"_seopress_robots_primary_cat":"","_seopress_titles_title":"","_seopress_titles_desc":"","_seopress_robots_index":"","footnotes":""},"categories":[45],"tags":[],"class_list":["post-70513","post","type-post","status-publish","format-standard","has-post-thumbnail","hentry","category-economia"],"_links":{"self":[{"href":"https:\/\/mussicom.com\/noticias\/wp-json\/wp\/v2\/posts\/70513","targetHints":{"allow":["GET"]}}],"collection":[{"href":"https:\/\/mussicom.com\/noticias\/wp-json\/wp\/v2\/posts"}],"about":[{"href":"https:\/\/mussicom.com\/noticias\/wp-json\/wp\/v2\/types\/post"}],"author":[{"embeddable":true,"href":"https:\/\/mussicom.com\/noticias\/wp-json\/wp\/v2\/users\/5"}],"replies":[{"embeddable":true,"href":"https:\/\/mussicom.com\/noticias\/wp-json\/wp\/v2\/comments?post=70513"}],"version-history":[{"count":0,"href":"https:\/\/mussicom.com\/noticias\/wp-json\/wp\/v2\/posts\/70513\/revisions"}],"wp:featuredmedia":[{"embeddable":true,"href":"https:\/\/mussicom.com\/noticias\/wp-json\/wp\/v2\/media\/70514"}],"wp:attachment":[{"href":"https:\/\/mussicom.com\/noticias\/wp-json\/wp\/v2\/media?parent=70513"}],"wp:term":[{"taxonomy":"category","embeddable":true,"href":"https:\/\/mussicom.com\/noticias\/wp-json\/wp\/v2\/categories?post=70513"},{"taxonomy":"post_tag","embeddable":true,"href":"https:\/\/mussicom.com\/noticias\/wp-json\/wp\/v2\/tags?post=70513"}],"curies":[{"name":"wp","href":"https:\/\/api.w.org\/{rel}","templated":true}]}}