{"id":70484,"date":"2026-03-31T19:18:23","date_gmt":"2026-03-31T22:18:23","guid":{"rendered":"https:\/\/mussicom.com\/ue-recomenda-menos-viagens-para-enfrentar-crise-de-combustivel\/"},"modified":"2026-03-31T19:18:23","modified_gmt":"2026-03-31T22:18:23","slug":"ue-recomenda-menos-viagens-para-enfrentar-crise-de-combustivel","status":"publish","type":"post","link":"https:\/\/mussicom.com\/noticias\/ue-recomenda-menos-viagens-para-enfrentar-crise-de-combustivel\/","title":{"rendered":"UE recomenda menos viagens para enfrentar crise de combust\u00edvel"},"content":{"rendered":"<p> <br \/>\n<\/p>\n<div id=\"tp-post-content\">\n<p class=\"postParagraph_post-paragraph__juWZN postParagraph_post-paragraph-innerHtml__Q5vwc\">A Uni\u00e3o Europeia (UE) sugeriu nesta ter\u00e7a-feira (31) que os pa\u00edses do bloco incentivem seus cidad\u00e3os a evitar \u201cviagens n\u00e3o essenciais\u201d, especialmente de carro e avi\u00e3o, diante do risco da escassez de combust\u00edvel provocado pela guerra no Oriente M\u00e9dio.<\/p>\n<p class=\"postParagraph_post-paragraph__juWZN postParagraph_post-paragraph-innerHtml__Q5vwc\">Segundo o comiss\u00e1rio de Energia da Uni\u00e3o Europeia, Dan J\u00f8rgensen, a medida integra um conjunto de a\u00e7\u00f5es voltadas \u00e0 redu\u00e7\u00e3o da demanda por petr\u00f3leo e g\u00e1s no continente, com foco no setor de transporte.<\/p>\n<p class=\"postParagraph_post-paragraph__juWZN postParagraph_post-paragraph-innerHtml__Q5vwc\">Em carta enviada aos ministros de Energia do bloco, citada em reportagens da imprensa internacional, J\u00f8rgensen recomenda a ado\u00e7\u00e3o pelos pa\u00edses de \u201cmedidas volunt\u00e1rias de economia\u201d, com aten\u00e7\u00e3o especial ao consumo de combust\u00edveis.<\/p>\n<p class=\"postParagraph_post-paragraph__juWZN postParagraph_post-paragraph-innerHtml__Q5vwc\">De acordo com o documento, os governos podem orientar a popula\u00e7\u00e3o a reduzir deslocamentos, priorizando apenas viagens essenciais, como forma de preservar estoques diante de um cen\u00e1rio de incerteza no fornecimento.<\/p>\n<p class=\"postParagraph_post-paragraph__juWZN postParagraph_post-paragraph-innerHtml__Q5vwc\">Segundo disse J\u00f8rgensen em coletiva nesta ter\u00e7a, a guerra no Oriente M\u00e9dio pode evoluir de uma crise de pre\u00e7os para um problema de abastecimento complexo na Europa. Atualmente, segundo informa\u00e7\u00f5es, a UE depende de pa\u00edses do Golfo P\u00e9rsico para mais de 40% das suas importa\u00e7\u00f5es de diesel e combust\u00edvel de avia\u00e7\u00e3o.<\/p>\n<\/div>\n<p><br \/>\n<br \/>Fonte: <a href=\"https:\/\/www.gazetadopovo.com.br\/mundo\/ue-recomenda-reducao-de-viagens-por-risco-de-falta-de-combustivel\/\">Revista Oeste<\/a><\/p>\n","protected":false},"excerpt":{"rendered":"<p>A Uni\u00e3o Europeia (UE) sugeriu nesta ter\u00e7a-feira (31) que os pa\u00edses do bloco incentivem seus cidad\u00e3os a evitar \u201cviagens n\u00e3o essenciais\u201d, especialmente de carro e avi\u00e3o, diante do risco da escassez de combust\u00edvel provocado pela guerra no Oriente M\u00e9dio. Segundo o comiss\u00e1rio de Energia da Uni\u00e3o Europeia, Dan J\u00f8rgensen, a medida integra um conjunto de [&hellip;]<\/p>\n","protected":false},"author":5,"featured_media":70485,"comment_status":"open","ping_status":"open","sticky":false,"template":"","format":"standard","meta":{"_seopress_robots_primary_cat":"","_seopress_titles_title":"","_seopress_titles_desc":"","_seopress_robots_index":"","footnotes":""},"categories":[1],"tags":[],"class_list":["post-70484","post","type-post","status-publish","format-standard","has-post-thumbnail","hentry","category-ultimas-noticias"],"_links":{"self":[{"href":"https:\/\/mussicom.com\/noticias\/wp-json\/wp\/v2\/posts\/70484","targetHints":{"allow":["GET"]}}],"collection":[{"href":"https:\/\/mussicom.com\/noticias\/wp-json\/wp\/v2\/posts"}],"about":[{"href":"https:\/\/mussicom.com\/noticias\/wp-json\/wp\/v2\/types\/post"}],"author":[{"embeddable":true,"href":"https:\/\/mussicom.com\/noticias\/wp-json\/wp\/v2\/users\/5"}],"replies":[{"embeddable":true,"href":"https:\/\/mussicom.com\/noticias\/wp-json\/wp\/v2\/comments?post=70484"}],"version-history":[{"count":0,"href":"https:\/\/mussicom.com\/noticias\/wp-json\/wp\/v2\/posts\/70484\/revisions"}],"wp:featuredmedia":[{"embeddable":true,"href":"https:\/\/mussicom.com\/noticias\/wp-json\/wp\/v2\/media\/70485"}],"wp:attachment":[{"href":"https:\/\/mussicom.com\/noticias\/wp-json\/wp\/v2\/media?parent=70484"}],"wp:term":[{"taxonomy":"category","embeddable":true,"href":"https:\/\/mussicom.com\/noticias\/wp-json\/wp\/v2\/categories?post=70484"},{"taxonomy":"post_tag","embeddable":true,"href":"https:\/\/mussicom.com\/noticias\/wp-json\/wp\/v2\/tags?post=70484"}],"curies":[{"name":"wp","href":"https:\/\/api.w.org\/{rel}","templated":true}]}}