{"id":70468,"date":"2026-03-31T17:27:14","date_gmt":"2026-03-31T20:27:14","guid":{"rendered":"https:\/\/mussicom.com\/area-de-trigo-deve-cair-na-safra-paranaense\/"},"modified":"2026-03-31T17:27:14","modified_gmt":"2026-03-31T20:27:14","slug":"area-de-trigo-deve-cair-na-safra-paranaense","status":"publish","type":"post","link":"https:\/\/mussicom.com\/noticias\/area-de-trigo-deve-cair-na-safra-paranaense\/","title":{"rendered":"\u00e1rea de trigo deve cair na safra paranaense"},"content":{"rendered":"<p> <br \/>\n<\/p>\n<div>\n<div class=\"row\">\n<div class=\"col-lg col-infos mt-0 mt-lg-0\">\n<div class=\"section-sub-title\">\n<p itemprop=\"description\">&#13;<br \/>\n                                Safra de cevada pode superar 500 mil toneladas&#13;\n                            <\/p>\n<\/p><\/div>\n<div class=\"container\">\n<div class=\"row\">\n<div class=\"col-lg p-0\">\n<div>\n<div class=\"block-news-main-infos mt-3 text-start\">\n<p>                                            <strong class=\"fn\" itemprop=\"author\" style=\"color: rgb(112, 112, 112); \">&#13;<br \/>\n                                                Agrolink&#13;<br \/>\n&#13;<br \/>\n                                                    &#8211; Seane Lennon&#13;<br \/>\n&#13;<br \/>\n                                            <\/strong><br \/>\n                                        <\/p>\n<p>                                            <abbr><time datetime=\"2026 - 03 - 31T17:12\" itemprop=\"datePublished dateModified\"> Publicado em 31\/03\/2026 \u00e0s 17:12h.<\/time><\/abbr>\n                                    <\/div>\n<\/p><\/div>\n<\/p><\/div>\n<div class=\"col-lg p-0 text-lg-end\">\n<div>\n<div id=\"mdEnviarPagina\" class=\"modal fade\" role=\"dialog\">\n<div class=\"modal-dialog\">\n<div class=\"modal-content\">\n<div class=\"modal-body\">\n<p><strong>Estimado usu\u00e1rio.<\/strong><br \/>Preencha o formul\u00e1rio abaixo para remeter a p\u00e1gina.<\/p>\n<\/p><\/div>\n<\/p><\/div>\n<\/p><\/div>\n<\/div><\/div>\n<\/p><\/div>\n<\/p><\/div>\n<\/p><\/div>\n<\/p><\/div>\n<\/p><\/div>\n<div class=\"row justify-content-md-center mt-3\">\n<div class=\"col-lg-auto col-image block-news-main-image\">\n<p>                                <br \/>\n                                                <span class=\"publicity-photo d-block mt-1\">Foto: Divulga\u00e7\u00e3o<\/span><\/p><\/div>\n<\/p><\/div>\n<div class=\"section-description section-description-noticias mt-3\">\n<p style=\"text-align:justify\">A primeira estimativa para a safra de cereais de inverno de 2026 no Paran\u00e1 foi divulgada nesta quinta-feira (26) pelo Departamento de Economia Rural, \u00f3rg\u00e3o da Secretaria de Estado da Agricultura e do Abastecimento do Paran\u00e1. O levantamento integra o Boletim Conjuntural e apresenta as proje\u00e7\u00f5es iniciais para culturas como trigo, cevada e aveia no estado.&#13;\n<\/p>\n<p style=\"text-align:justify\">De acordo com o relat\u00f3rio, a \u00e1rea cultivada com trigo deve registrar redu\u00e7\u00e3o de 6% em rela\u00e7\u00e3o ao ciclo anterior. A retra\u00e7\u00e3o ocorre em um cen\u00e1rio em que parte das \u00e1reas tende a migrar para o cultivo de milho e tamb\u00e9m para outros cultivos de inverno.<\/p>\n<p style=\"text-align:justify\">Enquanto o trigo perde espa\u00e7o, a expectativa \u00e9 de crescimento no plantio de cevada. Segundo o boletim, \u201ca cevada deve ter uma \u00e1rea maior de cultivo mesmo com pre\u00e7os menos atrativos que no ano anterior\u201d. A estimativa indica aumento de 14% na \u00e1rea, passando de 104 mil hectares colhidos em 2025 para cerca de 118 mil hectares previstos para a semeadura em 2026.<\/p>\n<p style=\"text-align:justify\">O desempenho da safra passada influencia diretamente essa proje\u00e7\u00e3o. Conforme o Deral, \u201cpesa favoravelmente a esta situa\u00e7\u00e3o a grande safra obtida em 2025, que mesmo com um grande volume foi totalmente absorvida pelas ind\u00fastrias de malte\u201d. O boletim destaca que essas ind\u00fastrias estimulam o cultivo ao garantir a compra futura da produ\u00e7\u00e3o, desde que os agricultores atendam aos padr\u00f5es de qualidade exigidos.&#13;\n<\/p>\n<p style=\"text-align:justify\">Caso as produtividades obtidas em 2025 se repitam, a produ\u00e7\u00e3o pode superar meio milh\u00e3o de toneladas. Segundo o Deral, esse volume teria potencial para reduzir a necessidade de importa\u00e7\u00f5es brasileiras do cereal realizadas pelas pr\u00f3prias ind\u00fastrias do setor.<\/p>\n<p style=\"text-align:justify\">Outros cereais de inverno tamb\u00e9m devem ampliar presen\u00e7a nas lavouras do estado. A previs\u00e3o \u00e9 de aumento na \u00e1rea cultivada com aveia-preta e aveia-branca. De acordo com o boletim, as \u00e1reas devem crescer 7% e 3%, respectivamente, completando o quadro das principais culturas previstas para o per\u00edodo de plantio de inverno no Paran\u00e1.&#13;\n<\/p>\n<\/p><\/div>\n<\/p><\/div>\n<p><script data-cfasync=\"false\">\n    !function (f, b, e, v, n, t, s) {\n        if (f.fbq) return; n = f.fbq = function () {\n            n.callMethod ?\n                n.callMethod.apply(n, arguments) : n.queue.push(arguments)\n        };\n        if (!f._fbq) f._fbq = n; n.push = n; n.loaded = !0; n.version = '2.0';\n        n.queue = []; t = b.createElement(e); t.async = !0;\n        t.src = v; s = b.getElementsByTagName(e)[0];\n        s.parentNode.insertBefore(t, s)\n    }(window, document, 'script',\n        'https:\/\/connect.facebook.net\/en_US\/fbevents.js');\n    fbq('init', '522546078623747');\n    fbq('track', 'PageView');\n<\/script><br \/>\n<br \/><br \/>\n<br \/>Fonte: <a href=\"https:\/\/www.agrolink.com.br\/noticias\/safra-de-inverno--area-de-trigo-deve-cair-na-safra-paranaense_512625.html\">AGROLINK<\/a><\/p>\n","protected":false},"excerpt":{"rendered":"<p>&#13; Safra de cevada pode superar 500 mil toneladas&#13; &#13; Agrolink&#13; &#13; &#8211; Seane Lennon&#13; &#13; Publicado em 31\/03\/2026 \u00e0s 17:12h. Estimado usu\u00e1rio.Preencha o formul\u00e1rio abaixo para remeter a p\u00e1gina. Foto: Divulga\u00e7\u00e3o A primeira estimativa para a safra de cereais de inverno de 2026 no Paran\u00e1 foi divulgada nesta quinta-feira (26) pelo Departamento de Economia [&hellip;]<\/p>\n","protected":false},"author":5,"featured_media":38049,"comment_status":"open","ping_status":"open","sticky":false,"template":"","format":"standard","meta":{"_seopress_robots_primary_cat":"","_seopress_titles_title":"","_seopress_titles_desc":"","_seopress_robots_index":"","footnotes":""},"categories":[53],"tags":[],"class_list":["post-70468","post","type-post","status-publish","format-standard","has-post-thumbnail","hentry","category-agronegocio"],"_links":{"self":[{"href":"https:\/\/mussicom.com\/noticias\/wp-json\/wp\/v2\/posts\/70468","targetHints":{"allow":["GET"]}}],"collection":[{"href":"https:\/\/mussicom.com\/noticias\/wp-json\/wp\/v2\/posts"}],"about":[{"href":"https:\/\/mussicom.com\/noticias\/wp-json\/wp\/v2\/types\/post"}],"author":[{"embeddable":true,"href":"https:\/\/mussicom.com\/noticias\/wp-json\/wp\/v2\/users\/5"}],"replies":[{"embeddable":true,"href":"https:\/\/mussicom.com\/noticias\/wp-json\/wp\/v2\/comments?post=70468"}],"version-history":[{"count":0,"href":"https:\/\/mussicom.com\/noticias\/wp-json\/wp\/v2\/posts\/70468\/revisions"}],"wp:featuredmedia":[{"embeddable":true,"href":"https:\/\/mussicom.com\/noticias\/wp-json\/wp\/v2\/media\/38049"}],"wp:attachment":[{"href":"https:\/\/mussicom.com\/noticias\/wp-json\/wp\/v2\/media?parent=70468"}],"wp:term":[{"taxonomy":"category","embeddable":true,"href":"https:\/\/mussicom.com\/noticias\/wp-json\/wp\/v2\/categories?post=70468"},{"taxonomy":"post_tag","embeddable":true,"href":"https:\/\/mussicom.com\/noticias\/wp-json\/wp\/v2\/tags?post=70468"}],"curies":[{"name":"wp","href":"https:\/\/api.w.org\/{rel}","templated":true}]}}