{"id":70382,"date":"2026-03-31T09:30:14","date_gmt":"2026-03-31T12:30:14","guid":{"rendered":"https:\/\/mussicom.com\/santos-renova-com-o-goleiro-diogenes-por-mais-duas-temporadas\/"},"modified":"2026-03-31T09:30:14","modified_gmt":"2026-03-31T12:30:14","slug":"santos-renova-com-o-goleiro-diogenes-por-mais-duas-temporadas","status":"publish","type":"post","link":"https:\/\/mussicom.com\/noticias\/santos-renova-com-o-goleiro-diogenes-por-mais-duas-temporadas\/","title":{"rendered":"Santos renova com o goleiro Di\u00f3genes por mais duas temporadas"},"content":{"rendered":"<p> <br \/>\n<\/p>\n<div>\n<div id=\"attachment_179831\" style=\"width: 1034px\" class=\"wp-caption aligncenter\"><img alt=\"\" fetchpriority=\"high\" fetchpriority=\"high\" decoding=\"async\" aria-describedby=\"caption-attachment-179831\" class=\" wp-image-179831\" src=\"https:\/\/www.diariodopeixe.com.br\/wp-content\/uploads\/2026\/02\/55117505997_e679ac0459_o-240x300.jpg\" alt=\"\" width=\"1024\" height=\"1280\" srcset=\"https:\/\/www.diariodopeixe.com.br\/wp-content\/uploads\/2026\/02\/55117505997_e679ac0459_o-200x250.jpg 200w, https:\/\/www.diariodopeixe.com.br\/wp-content\/uploads\/2026\/02\/55117505997_e679ac0459_o-240x300.jpg 240w, https:\/\/www.diariodopeixe.com.br\/wp-content\/uploads\/2026\/02\/55117505997_e679ac0459_o-400x500.jpg 400w, https:\/\/www.diariodopeixe.com.br\/wp-content\/uploads\/2026\/02\/55117505997_e679ac0459_o-600x750.jpg 600w, https:\/\/www.diariodopeixe.com.br\/wp-content\/uploads\/2026\/02\/55117505997_e679ac0459_o-768x960.jpg 768w, https:\/\/www.diariodopeixe.com.br\/wp-content\/uploads\/2026\/02\/55117505997_e679ac0459_o-800x1000.jpg 800w, https:\/\/www.diariodopeixe.com.br\/wp-content\/uploads\/2026\/02\/55117505997_e679ac0459_o-819x1024.jpg 819w, https:\/\/www.diariodopeixe.com.br\/wp-content\/uploads\/2026\/02\/55117505997_e679ac0459_o-1200x1500.jpg 1200w, https:\/\/www.diariodopeixe.com.br\/wp-content\/uploads\/2026\/02\/55117505997_e679ac0459_o-1229x1536.jpg 1229w, https:\/\/www.diariodopeixe.com.br\/wp-content\/uploads\/2026\/02\/55117505997_e679ac0459_o-1638x2048.jpg 1638w\" sizes=\"(max-width: 1024px) 100vw, 1024px\"\/><\/p>\n<p id=\"caption-attachment-179831\" class=\"wp-caption-text\">Santos renova com Di\u00f3genes por mais duas temporadas (Cr\u00e9dito: Raul Baretta\/Santos FC)<\/p>\n<\/div>\n<p>O <strong>Santos<\/strong> renovou com o goleiro Di\u00f3genes at\u00e9 o final de 2028. O novo contrato foi regularizado no BID (Boletim Informativo Di\u00e1rio da CBF) nesta segunda-feira (30). O v\u00ednculo anterior finalizaria em dezembro deste ano. Atualmente, Gabriel Braz\u00e3o \u00e9 o titular na posi\u00e7\u00e3o e o arqueiro tem sido o segundo goleiro do elenco, mas v\u00ea a concorr\u00eancia de Rodrigo Falc\u00e3o e Jo\u00e3o Pedro.<\/p>\n<p>Al\u00e9m da prorroga\u00e7\u00e3o, o goleiro teve aumento salarial. Di\u00f3genes \u00e9 natural da capital de S\u00e3o Paulo, tem 25 anos e 1,90 metro. Ao todo, tem apenas quatro jogos pelo profissional. Estreou sendo titular na vit\u00f3ria sobre o Ituano por 2 a 0, no Novelli J\u00fanior, em Itu, em outubro de 2024, pela S\u00e9rie B. Braz\u00e3o precisou cumprir suspens\u00e3o na partida.<\/p>\n<p>J\u00e1 no ano passado, depois de um choque de cabe\u00e7a de Braz\u00e3o, entrou e atuou 22 minutos no empate com o Atl\u00e9tico-MG em 1 a 1, na Arena MRV, em setembro pelo Brasileir\u00e3o. Al\u00e9m de ter atuado, tamb\u00e9m em 2025, nos amistosos contra Coritiba e Red Bull Leipzig.<\/p>\n<p>Ele chegou do Ava\u00ed ao Peixe em 2020. Naquele ano, teve uma partida pelo Paulista Sub-20. Em 2021, dois duelos pela Copa Paulista; 15 confrontos no banco pela S\u00e9rie A, tr\u00eas pela Sul-Americana e quatro pela Copa do Brasil. Em 2022, se destacou no vice-campeonato da Copa S\u00e3o Paulo pegando p\u00eanaltis em mata-mata e auxiliando em classifica\u00e7\u00f5es.<\/p>\n<p>Ainda ficou no banco em seis confrontos do Paulist\u00e3o com o principal. Foram outros seis duelos no banco na S\u00e9rie A, seis na Sul-Americana e um pela Copa do Brasil. Em outubro daquele ano, chegou a ser afastado por atos de indisciplina por chegar atrasado e at\u00e9 faltar em alguns treinos, mas o insucesso no mercado por goleiros fez que o clube reintegrasse.<\/p>\n<p>Em 2023, ficou no banco em cinco jogos do estadual com o t\u00e9cnico Odair Hellmann. Foram mais nove partidas no banco na S\u00e9rie A e uma pela Sul-Americana. J\u00e1 no ano retrasado, iniciou no \u2018Grupo B\u2019 entre os afastados e foi reintegrado depois da negativa pelo goleiro Tadeu, do Goi\u00e1s. Ele ficou no banco no Paulista e na S\u00e9rie B do Brasileir\u00e3o com o t\u00e9cnico F\u00e1bio Carille, entrando apenas contra o Ituano.<\/p>\n<p>Ano passado, atuou nos dois amistosos e entrou no jogo contra o Galo, ficando no banco no restante. Neste ano, ficou no banco em todos os jogos e n\u00e3o entrou em nenhum.<\/p>\n<\/p><\/div>\n<p><br \/>\n<br \/>Fonte: <a href=\"https:\/\/www.diariodopeixe.com.br\/noticias\/santos-renova-com-o-goleiro-diogenes-por-mais-duas-temporadas\/\">Di\u00e1rio do Peixe<\/a><\/p>\n","protected":false},"excerpt":{"rendered":"<p>Santos renova com Di\u00f3genes por mais duas temporadas (Cr\u00e9dito: Raul Baretta\/Santos FC) O Santos renovou com o goleiro Di\u00f3genes at\u00e9 o final de 2028. O novo contrato foi regularizado no BID (Boletim Informativo Di\u00e1rio da CBF) nesta segunda-feira (30). O v\u00ednculo anterior finalizaria em dezembro deste ano. Atualmente, Gabriel Braz\u00e3o \u00e9 o titular na posi\u00e7\u00e3o [&hellip;]<\/p>\n","protected":false},"author":5,"featured_media":70383,"comment_status":"open","ping_status":"open","sticky":false,"template":"","format":"standard","meta":{"_seopress_robots_primary_cat":"","_seopress_titles_title":"","_seopress_titles_desc":"","_seopress_robots_index":"","footnotes":""},"categories":[55],"tags":[],"class_list":["post-70382","post","type-post","status-publish","format-standard","has-post-thumbnail","hentry","category-santos-fc"],"_links":{"self":[{"href":"https:\/\/mussicom.com\/noticias\/wp-json\/wp\/v2\/posts\/70382","targetHints":{"allow":["GET"]}}],"collection":[{"href":"https:\/\/mussicom.com\/noticias\/wp-json\/wp\/v2\/posts"}],"about":[{"href":"https:\/\/mussicom.com\/noticias\/wp-json\/wp\/v2\/types\/post"}],"author":[{"embeddable":true,"href":"https:\/\/mussicom.com\/noticias\/wp-json\/wp\/v2\/users\/5"}],"replies":[{"embeddable":true,"href":"https:\/\/mussicom.com\/noticias\/wp-json\/wp\/v2\/comments?post=70382"}],"version-history":[{"count":0,"href":"https:\/\/mussicom.com\/noticias\/wp-json\/wp\/v2\/posts\/70382\/revisions"}],"wp:featuredmedia":[{"embeddable":true,"href":"https:\/\/mussicom.com\/noticias\/wp-json\/wp\/v2\/media\/70383"}],"wp:attachment":[{"href":"https:\/\/mussicom.com\/noticias\/wp-json\/wp\/v2\/media?parent=70382"}],"wp:term":[{"taxonomy":"category","embeddable":true,"href":"https:\/\/mussicom.com\/noticias\/wp-json\/wp\/v2\/categories?post=70382"},{"taxonomy":"post_tag","embeddable":true,"href":"https:\/\/mussicom.com\/noticias\/wp-json\/wp\/v2\/tags?post=70382"}],"curies":[{"name":"wp","href":"https:\/\/api.w.org\/{rel}","templated":true}]}}