{"id":70360,"date":"2026-03-31T06:16:21","date_gmt":"2026-03-31T09:16:21","guid":{"rendered":"https:\/\/mussicom.com\/carne-bovina-ganha-forca-e-amplia-mercados-em-2026\/"},"modified":"2026-03-31T06:16:21","modified_gmt":"2026-03-31T09:16:21","slug":"carne-bovina-ganha-forca-e-amplia-mercados-em-2026","status":"publish","type":"post","link":"https:\/\/mussicom.com\/noticias\/carne-bovina-ganha-forca-e-amplia-mercados-em-2026\/","title":{"rendered":"Carne bovina ganha for\u00e7a e amplia mercados em 2026"},"content":{"rendered":"<p> <br \/>\n<\/p>\n<div>\n<p>As exporta\u00e7\u00f5es brasileiras de carne bovina iniciaram 2026 em ritmo acelerado, com crescimento expressivo em volume e faturamento nos principais mercados compradores. Dados compilados pela Associa\u00e7\u00e3o Brasileira de Frigor\u00edficos indicam avan\u00e7o consistente nas vendas externas.&#13;\n<\/p>\n<p>O desempenho no primeiro bimestre mostra aumento tanto na quantidade embarcada quanto na receita, com destaque para a diversifica\u00e7\u00e3o de destinos. Al\u00e9m da China, principal compradora, pa\u00edses como Estados Unidos, Uni\u00e3o Europeia, Chile e R\u00fassia ampliaram suas aquisi\u00e7\u00f5es, refor\u00e7ando a demanda internacional pela prote\u00edna brasileira. Esse movimento sugere que eventuais restri\u00e7\u00f5es comerciais impostas pelo mercado chin\u00eas tendem a ter impacto limitado ao longo do ano.<span style=\"display:none\">\u00a0<\/span><\/p>\n<p>No acumulado de janeiro e fevereiro, as exporta\u00e7\u00f5es somaram US$ 2,865 bilh\u00f5es, alta de 39%, com volume de 557,24 mil toneladas, avan\u00e7o de 22% frente ao mesmo per\u00edodo de 2025. Apenas em fevereiro, o faturamento atingiu US$ 1,449 bilh\u00e3o, com crescimento pr\u00f3ximo de 40%, acompanhado por eleva\u00e7\u00e3o significativa nos embarques.<span style=\"display:none\">\u00a0<\/span>&#13;\n<\/p>\n<p>A China manteve a lideran\u00e7a, apesar de leve redu\u00e7\u00e3o na participa\u00e7\u00e3o total, enquanto os Estados Unidos registraram forte expans\u00e3o nas compras, impulsionados por d\u00e9ficit interno de oferta. A Uni\u00e3o Europeia tamb\u00e9m apresentou crescimento consistente, favorecida por perspectivas comerciais positivas. Na Am\u00e9rica do Sul, o Chile seguiu com desempenho s\u00f3lido, e a R\u00fassia avan\u00e7ou de forma expressiva entre os maiores compradores.<\/p>\n<p>O cen\u00e1rio externo segue favor\u00e1vel, embora fatores como custos log\u00edsticos e tens\u00f5es geopol\u00edticas possam influenciar o ritmo das exporta\u00e7\u00f5es. Ao mesmo tempo, a oferta interna tende a ser mais restrita devido \u00e0 mudan\u00e7a no ciclo pecu\u00e1rio, com menor abate de f\u00eameas. Ainda assim, a abertura e consolida\u00e7\u00e3o de novos mercados indicam continuidade da demanda aquecida ao longo do ano.&#13;\n<\/p>\n<p><span style=\"display:none\">\u00a0<\/span>\u00a0<\/p>\n<\/p><\/div>\n<p><script data-cfasync=\"false\">\n    !function (f, b, e, v, n, t, s) {\n        if (f.fbq) return; n = f.fbq = function () {\n            n.callMethod ?\n                n.callMethod.apply(n, arguments) : n.queue.push(arguments)\n        };\n        if (!f._fbq) f._fbq = n; n.push = n; n.loaded = !0; n.version = '2.0';\n        n.queue = []; t = b.createElement(e); t.async = !0;\n        t.src = v; s = b.getElementsByTagName(e)[0];\n        s.parentNode.insertBefore(t, s)\n    }(window, document, 'script',\n        'https:\/\/connect.facebook.net\/en_US\/fbevents.js');\n    fbq('init', '522546078623747');\n    fbq('track', 'PageView');\n<\/script><br \/>\n<br \/><br \/>\n<br \/>Fonte: <a href=\"https:\/\/www.agrolink.com.br\/noticias\/carne-bovina-ganha-forca-e-amplia-mercados-em-2026_512578.html\">AGROLINK<\/a><\/p>\n","protected":false},"excerpt":{"rendered":"<p>As exporta\u00e7\u00f5es brasileiras de carne bovina iniciaram 2026 em ritmo acelerado, com crescimento expressivo em volume e faturamento nos principais mercados compradores. Dados compilados pela Associa\u00e7\u00e3o Brasileira de Frigor\u00edficos indicam avan\u00e7o consistente nas vendas externas.&#13; O desempenho no primeiro bimestre mostra aumento tanto na quantidade embarcada quanto na receita, com destaque para a diversifica\u00e7\u00e3o de [&hellip;]<\/p>\n","protected":false},"author":5,"featured_media":30120,"comment_status":"open","ping_status":"open","sticky":false,"template":"","format":"standard","meta":{"_seopress_robots_primary_cat":"","_seopress_titles_title":"","_seopress_titles_desc":"","_seopress_robots_index":"","footnotes":""},"categories":[53],"tags":[],"class_list":["post-70360","post","type-post","status-publish","format-standard","has-post-thumbnail","hentry","category-agronegocio"],"_links":{"self":[{"href":"https:\/\/mussicom.com\/noticias\/wp-json\/wp\/v2\/posts\/70360","targetHints":{"allow":["GET"]}}],"collection":[{"href":"https:\/\/mussicom.com\/noticias\/wp-json\/wp\/v2\/posts"}],"about":[{"href":"https:\/\/mussicom.com\/noticias\/wp-json\/wp\/v2\/types\/post"}],"author":[{"embeddable":true,"href":"https:\/\/mussicom.com\/noticias\/wp-json\/wp\/v2\/users\/5"}],"replies":[{"embeddable":true,"href":"https:\/\/mussicom.com\/noticias\/wp-json\/wp\/v2\/comments?post=70360"}],"version-history":[{"count":0,"href":"https:\/\/mussicom.com\/noticias\/wp-json\/wp\/v2\/posts\/70360\/revisions"}],"wp:featuredmedia":[{"embeddable":true,"href":"https:\/\/mussicom.com\/noticias\/wp-json\/wp\/v2\/media\/30120"}],"wp:attachment":[{"href":"https:\/\/mussicom.com\/noticias\/wp-json\/wp\/v2\/media?parent=70360"}],"wp:term":[{"taxonomy":"category","embeddable":true,"href":"https:\/\/mussicom.com\/noticias\/wp-json\/wp\/v2\/categories?post=70360"},{"taxonomy":"post_tag","embeddable":true,"href":"https:\/\/mussicom.com\/noticias\/wp-json\/wp\/v2\/tags?post=70360"}],"curies":[{"name":"wp","href":"https:\/\/api.w.org\/{rel}","templated":true}]}}