{"id":70306,"date":"2026-03-30T19:58:35","date_gmt":"2026-03-30T22:58:35","guid":{"rendered":"https:\/\/mussicom.com\/porto-china-e-tarifas-sao-temas-ciclo-de-palestras-em-santos\/"},"modified":"2026-03-30T19:58:35","modified_gmt":"2026-03-30T22:58:35","slug":"porto-china-e-tarifas-sao-temas-ciclo-de-palestras-em-santos","status":"publish","type":"post","link":"https:\/\/mussicom.com\/noticias\/porto-china-e-tarifas-sao-temas-ciclo-de-palestras-em-santos\/","title":{"rendered":"Porto, China e tarifas s\u00e3o temas ciclo de palestras em Santos"},"content":{"rendered":"<p> <br \/>\n<\/p>\n<div>\n<p>O cen\u00e1rio internacional marcado por disputas comerciais, transforma\u00e7\u00f5es log\u00edsticas e reconfigura\u00e7\u00e3o de poder entre grandes economias ser\u00e1 tema de um ciclo de palestras promovido na ESAMC Santos at\u00e9 quarta-feira (1\u00ba). A proposta \u00e9 aproximar estudantes e o p\u00fablico interessado de discuss\u00f5es atuais que conectam a economia global ao cotidiano da regi\u00e3o. Os encontros acontecem sempre \u00e0s 19 horas.<\/p>\n<p>A programa\u00e7\u00e3o aborda desde quest\u00f5es locais, como os desdobramentos da Parceria P\u00fablico-Privada (PPP) do T\u00fanel Santos-Guaruj\u00e1, at\u00e9 temas de alcance global, como a ascens\u00e3o da China e as tens\u00f5es comerciais envolvendo os Estados Unidos. O evento tamb\u00e9m inclui reflex\u00f5es sobre os efeitos recentes de pol\u00edticas tarif\u00e1rias no com\u00e9rcio exterior brasileiro.<\/p>\n<p>Na ter\u00e7a (31), o historiador Ricardo Ramos Rugai prop\u00f5e uma an\u00e1lise de longo prazo sobre a ascens\u00e3o da China no sistema internacional e as respostas dos Estados Unidos, especialmente durante o per\u00edodo de pol\u00edticas mais protecionistas associadas ao ex-presidente Donald Trump. A abordagem busca contextualizar os movimentos atuais \u00e0 luz da hist\u00f3ria econ\u00f4mica.<\/p>\n<p>Encerrando a programa\u00e7\u00e3o, na quarta-feira (1\u00ba), a analista de importa\u00e7\u00e3o Edna Regina Caridade discutir\u00e1 os efeitos do chamado \u201ctarifa\u00e7o\u201d nas exporta\u00e7\u00f5es e importa\u00e7\u00f5es brasileiras, al\u00e9m de destacar as compet\u00eancias exigidas de profissionais que atuam com an\u00e1lise de cen\u00e1rios internacionais em um ambiente cada vez mais inst\u00e1vel.<\/p>\n<p>Para a coordenadora acad\u00eamica Am\u00e1lia Borges, a proposta do evento \u00e9 ampliar o olhar sobre temas que impactam diretamente a regi\u00e3o. \u201cA expectativa \u00e9 promover um espa\u00e7o de reflex\u00e3o qualificada sobre assuntos que muitas vezes parecem distantes, mas que t\u00eam efeitos concretos na economia local, especialmente em uma cidade portu\u00e1ria como Santos\u201d, afirma.<\/p>\n<p>Ela tamb\u00e9m destaca a import\u00e2ncia de conectar teoria e pr\u00e1tica. \u201cDiscutir desde a infraestrutura regional at\u00e9 disputas comerciais entre grandes pot\u00eancias ajuda a compreender como decis\u00f5es globais influenciam cadeias produtivas, empregos e oportunidades. Esse tipo de debate \u00e9 fundamental para a forma\u00e7\u00e3o cr\u00edtica dos alunos e para o p\u00fablico em geral\u201d, completa.<\/p>\n<p>A ESAMC Santos fica na Rua Dr. Egydio Martins, 181, Ponta da Praia, em Santos.<\/p>\n<\/div>\n<p><br \/>\n<br \/>Fonte: <a href=\"https:\/\/jornaldaorla.com.br\/noticias\/porto-china-e-tarifas-sao-temas-ciclo-de-palestras-em-santos\/\">Jornal Da Orla<\/a><\/p>\n","protected":false},"excerpt":{"rendered":"<p>O cen\u00e1rio internacional marcado por disputas comerciais, transforma\u00e7\u00f5es log\u00edsticas e reconfigura\u00e7\u00e3o de poder entre grandes economias ser\u00e1 tema de um ciclo de palestras promovido na ESAMC Santos at\u00e9 quarta-feira (1\u00ba). A proposta \u00e9 aproximar estudantes e o p\u00fablico interessado de discuss\u00f5es atuais que conectam a economia global ao cotidiano da regi\u00e3o. Os encontros acontecem sempre [&hellip;]<\/p>\n","protected":false},"author":5,"featured_media":60542,"comment_status":"open","ping_status":"open","sticky":false,"template":"","format":"standard","meta":{"_seopress_robots_primary_cat":"","_seopress_titles_title":"","_seopress_titles_desc":"","_seopress_robots_index":"","footnotes":""},"categories":[52],"tags":[],"class_list":["post-70306","post","type-post","status-publish","format-standard","has-post-thumbnail","hentry","category-santoseregiao"],"_links":{"self":[{"href":"https:\/\/mussicom.com\/noticias\/wp-json\/wp\/v2\/posts\/70306","targetHints":{"allow":["GET"]}}],"collection":[{"href":"https:\/\/mussicom.com\/noticias\/wp-json\/wp\/v2\/posts"}],"about":[{"href":"https:\/\/mussicom.com\/noticias\/wp-json\/wp\/v2\/types\/post"}],"author":[{"embeddable":true,"href":"https:\/\/mussicom.com\/noticias\/wp-json\/wp\/v2\/users\/5"}],"replies":[{"embeddable":true,"href":"https:\/\/mussicom.com\/noticias\/wp-json\/wp\/v2\/comments?post=70306"}],"version-history":[{"count":0,"href":"https:\/\/mussicom.com\/noticias\/wp-json\/wp\/v2\/posts\/70306\/revisions"}],"wp:featuredmedia":[{"embeddable":true,"href":"https:\/\/mussicom.com\/noticias\/wp-json\/wp\/v2\/media\/60542"}],"wp:attachment":[{"href":"https:\/\/mussicom.com\/noticias\/wp-json\/wp\/v2\/media?parent=70306"}],"wp:term":[{"taxonomy":"category","embeddable":true,"href":"https:\/\/mussicom.com\/noticias\/wp-json\/wp\/v2\/categories?post=70306"},{"taxonomy":"post_tag","embeddable":true,"href":"https:\/\/mussicom.com\/noticias\/wp-json\/wp\/v2\/tags?post=70306"}],"curies":[{"name":"wp","href":"https:\/\/api.w.org\/{rel}","templated":true}]}}