{"id":70293,"date":"2026-03-30T18:08:14","date_gmt":"2026-03-30T21:08:14","guid":{"rendered":"https:\/\/mussicom.com\/defesa-diz-a-moraes-que-bolsonaro-nao-sabia-sobre-video-de-eduardo\/"},"modified":"2026-03-30T18:08:14","modified_gmt":"2026-03-30T21:08:14","slug":"defesa-diz-a-moraes-que-bolsonaro-nao-sabia-sobre-video-de-eduardo","status":"publish","type":"post","link":"https:\/\/mussicom.com\/noticias\/defesa-diz-a-moraes-que-bolsonaro-nao-sabia-sobre-video-de-eduardo\/","title":{"rendered":"Defesa diz a Moraes que Bolsonaro n\u00e3o sabia sobre v\u00eddeo de Eduardo"},"content":{"rendered":"<p> <br \/>\n<\/p>\n<div id=\"tp-post-content\">\n<p class=\"postParagraph_post-paragraph__juWZN postParagraph_post-paragraph-innerHtml__Q5vwc\">A defesa do ex-presidente Jair Bolsonaro (PL) negou nesta segunda-feira (30) qualquer descumprimento das medidas cautelares impostas em sua pris\u00e3o domiciliar. Neste final de semana, o ex-deputado Eduardo Bolsonaro (PL-SP) disse estar gravando um v\u00eddeo que seria mostrado ao seu pai.<\/p>\n<p class=\"postParagraph_post-paragraph__juWZN postParagraph_post-paragraph-innerHtml__Q5vwc\">Bolsonaro est\u00e1 em pris\u00e3o domiciliar e precisa cumprir uma s\u00e9rie de restri\u00e7\u00f5es para manter o benef\u00edcio, como a proibi\u00e7\u00e3o do uso de celulares e redes sociais. O ministro Alexandre de Moraes, do Supremo Tribunal Federal (STF), deu prazo de 24 horas para os advogados prestarem esclarecimentos.<\/p>\n<p class=\"postParagraph_post-paragraph__juWZN postParagraph_post-paragraph-innerHtml__Q5vwc\">A defesa afirmou que n\u00e3o houve ci\u00eancia pr\u00e9via ou participa\u00e7\u00e3o de Bolsonaro na grava\u00e7\u00e3o ou divulga\u00e7\u00e3o do v\u00eddeo. Os advogados alegam que s\u00f3 tomaram conhecimento do v\u00eddeo ap\u00f3s a intima\u00e7\u00e3o judicial.<\/p>\n<div class=\"postViewMore_post-view-more-container___5wai\" data-mrf-recirculation=\"Post - Veja tamb\u00e9m\">\n<p class=\"gp-styles-module-size-small-afeYRa gp-styles-module-font-family2-afeYRa gp-styles-module-color-secondary-afeYRa gp-styles-module-weight-bold-afeYRa\">VEJA TAMB\u00c9M:<\/p>\n<ul class=\"postViewMore_post-view-more-list__CU_CE\">\n<li class=\"postViewMore_post-view-more-item__2MzRb\"><span class=\"postViewMore_post-view-more-link-icon___stPC\"><svg xmlns=\"http:\/\/www.w3.org\/2000\/svg\" width=\"16\" height=\"16\" viewbox=\"0 0 16 16\"><rect width=\"16\" height=\"16\" fill=\"none\"\/><g transform=\"translate(3 3)\"><path d=\"M22.5,15l3.4,3.4-3.4,3.4\" transform=\"translate(-15.896 -11.793)\" fill=\"none\" stroke=\"#717171\" stroke-linecap=\"round\" stroke-width=\"1.4\"\/><path d=\"M6,6v4.2a2.452,2.452,0,0,0,2.5,2.4H16\" transform=\"translate(-6 -6)\" fill=\"none\" stroke=\"#717171\" stroke-linecap=\"round\" stroke-width=\"1.4\"\/><\/g><\/svg><\/span><span class=\"postViewMore_post-view-more-link-text__hO_kM\">Ronaldo Caiado ser\u00e1 candidato a presidente pelo PSD<\/span><\/li>\n<\/ul>\n<\/div>\n<p class=\"postParagraph_post-paragraph__juWZN postParagraph_post-paragraph-innerHtml__Q5vwc\">\u201cInicialmente, esclarece-se que o conhecimento do fato mencionado somente ocorreu por ocasi\u00e3o da intima\u00e7\u00e3o do r. despacho, n\u00e3o havendo ci\u00eancia pr\u00e9via da grava\u00e7\u00e3o realizada por terceiro durante evento ocorrido no exterior, tampouco de sua posterior divulga\u00e7\u00e3o em rede social\u201d, diz o documento.<\/p>\n<p class=\"postParagraph_post-paragraph__juWZN postParagraph_post-paragraph-innerHtml__Q5vwc\">Nas imagens, gravadas durante a Confer\u00eancia de A\u00e7\u00e3o Pol\u00edtica Conservadora (CPAC) nos Estados Unidos, Eduardo dirige-se ao p\u00fablico afirmando: &#8220;Voc\u00eas sabem por que eu estou fazendo esse v\u00eddeo? Porque eu estou mostrando para o meu pai e eu vou provar para todo mundo no Brasil que voc\u00ea n\u00e3o pode calar um movimento de forma injusta&#8221;.<\/p>\n<p class=\"postParagraph_post-paragraph__juWZN postParagraph_post-paragraph-innerHtml__Q5vwc\">A defesa sustenta que o conte\u00fado \u00e9 uma &#8220;manifesta\u00e7\u00e3o verbal de terceiro&#8221; ocorrida no exterior, sem qualquer envolvimento do ex-presidente.<\/p>\n<p class=\"postParagraph_post-paragraph__juWZN postParagraph_post-paragraph-innerHtml__Q5vwc\">Segundo os advogados, n\u00e3o existe nenhum dado objetivo que comprove uma \u201ccomunica\u00e7\u00e3o atual, direta ou indireta\u201d, entre Eduardo e seu pai, nem o uso de aparelhos vedados pela justi\u00e7a.<\/p>\n<p class=\"postParagraph_post-paragraph__juWZN postParagraph_post-paragraph-innerHtml__Q5vwc\">Eles destacaram que Bolsonaro \u201cvem observando de forma rigorosa, integral e permanente todas as condi\u00e7\u00f5es fixadas pelo tribunal\u201d, comprometendo-se \u201ca permanecer em absoluto cumprimento dessas e das demais medidas impostas\u201d.<\/p>\n<p class=\"postParagraph_post-paragraph__juWZN postParagraph_post-paragraph-innerHtml__Q5vwc\">Mais cedo, o PL Mulher, presidido pela ex-primeira-dama Michelle Bolsonaro (PL-DF), afirmou que &#8220;nenhum arquivo foi encaminhado pelo deputado Eduardo&#8221; para ela.<\/p>\n<\/div>\n<p><br \/>\n<br \/>Fonte: <a href=\"https:\/\/www.gazetadopovo.com.br\/republica\/defesa-diz-a-moraes-que-bolsonaro-nao-sabia-sobre-video-de-eduardo\/\">Revista Oeste<\/a><\/p>\n","protected":false},"excerpt":{"rendered":"<p>A defesa do ex-presidente Jair Bolsonaro (PL) negou nesta segunda-feira (30) qualquer descumprimento das medidas cautelares impostas em sua pris\u00e3o domiciliar. Neste final de semana, o ex-deputado Eduardo Bolsonaro (PL-SP) disse estar gravando um v\u00eddeo que seria mostrado ao seu pai. Bolsonaro est\u00e1 em pris\u00e3o domiciliar e precisa cumprir uma s\u00e9rie de restri\u00e7\u00f5es para manter [&hellip;]<\/p>\n","protected":false},"author":5,"featured_media":64066,"comment_status":"open","ping_status":"open","sticky":false,"template":"","format":"standard","meta":{"_seopress_robots_primary_cat":"","_seopress_titles_title":"","_seopress_titles_desc":"","_seopress_robots_index":"","footnotes":""},"categories":[1],"tags":[],"class_list":["post-70293","post","type-post","status-publish","format-standard","has-post-thumbnail","hentry","category-ultimas-noticias"],"_links":{"self":[{"href":"https:\/\/mussicom.com\/noticias\/wp-json\/wp\/v2\/posts\/70293","targetHints":{"allow":["GET"]}}],"collection":[{"href":"https:\/\/mussicom.com\/noticias\/wp-json\/wp\/v2\/posts"}],"about":[{"href":"https:\/\/mussicom.com\/noticias\/wp-json\/wp\/v2\/types\/post"}],"author":[{"embeddable":true,"href":"https:\/\/mussicom.com\/noticias\/wp-json\/wp\/v2\/users\/5"}],"replies":[{"embeddable":true,"href":"https:\/\/mussicom.com\/noticias\/wp-json\/wp\/v2\/comments?post=70293"}],"version-history":[{"count":0,"href":"https:\/\/mussicom.com\/noticias\/wp-json\/wp\/v2\/posts\/70293\/revisions"}],"wp:featuredmedia":[{"embeddable":true,"href":"https:\/\/mussicom.com\/noticias\/wp-json\/wp\/v2\/media\/64066"}],"wp:attachment":[{"href":"https:\/\/mussicom.com\/noticias\/wp-json\/wp\/v2\/media?parent=70293"}],"wp:term":[{"taxonomy":"category","embeddable":true,"href":"https:\/\/mussicom.com\/noticias\/wp-json\/wp\/v2\/categories?post=70293"},{"taxonomy":"post_tag","embeddable":true,"href":"https:\/\/mussicom.com\/noticias\/wp-json\/wp\/v2\/tags?post=70293"}],"curies":[{"name":"wp","href":"https:\/\/api.w.org\/{rel}","templated":true}]}}