{"id":70218,"date":"2026-03-30T11:47:57","date_gmt":"2026-03-30T14:47:57","guid":{"rendered":"https:\/\/mussicom.com\/petroleo-pressiona-e-inflacao-do-aluguel-da-fgv-fecha-marco-em-052\/"},"modified":"2026-03-30T11:47:57","modified_gmt":"2026-03-30T14:47:57","slug":"petroleo-pressiona-e-inflacao-do-aluguel-da-fgv-fecha-marco-em-052","status":"publish","type":"post","link":"https:\/\/mussicom.com\/noticias\/petroleo-pressiona-e-inflacao-do-aluguel-da-fgv-fecha-marco-em-052\/","title":{"rendered":"Petr\u00f3leo pressiona e \u201cinfla\u00e7\u00e3o do aluguel\u201d da FGV fecha mar\u00e7o em 0,52%"},"content":{"rendered":"<p> <br \/>\n<\/p>\n<div>\n<p><strong>O \u00cdndice Geral de Pre\u00e7os \u2013 Mercado (IGP-M), tamb\u00e9m conhecido como \u201cinfla\u00e7\u00e3o do aluguel\u201d, sentiu a press\u00e3o de produtos agropecu\u00e1rios e derivados do petr\u00f3leo e fechou o m\u00eas de mar\u00e7o em 0,52%, o que representa uma revers\u00e3o em rela\u00e7\u00e3o ao 0,73% de fevereiro.<\/strong><img decoding=\"async\" src=\"https:\/\/agenciabrasil.ebc.com.br\/ebc.gif?id=1684166&amp;o=node\" style=\"width:1px; height:1px; display:inline;\"\/><\/p>\n<p>Com o resultado conhecido nesta segunda-feira (30), o <strong>IGP-M acumula defla\u00e7\u00e3o de 1,83% em 12 meses, ou seja, na m\u00e9dia, os pre\u00e7os recuaram.<\/strong> Os dados s\u00e3o do Instituto Brasileiro de Economia (Ibre) da Funda\u00e7\u00e3o Getulio Vargas (FGV).\u00a0<\/p>\n<p>Nos \u00faltimos 12 meses, metade dos resultados foram positivos e metade negativos. Em mar\u00e7o de 2025, havia ficado em -0,34%.<\/p>\n<h2>Atacado<\/h2>\n<p>A FGV leva em conta tr\u00eas componentes para apurar o IGP-M. O de maior peso \u00e9 o \u00cdndice de Pre\u00e7os ao Produtor Amplo (IPA), que mede a infla\u00e7\u00e3o sentida pelos produtores e responde por 60% do IGP-M cheio.<\/p>\n<p><strong>Em mar\u00e7o, o IPA apresentou alta de 0,61%. O economista do Ibre Matheus Dias explica que a press\u00e3o de alta de pre\u00e7os no IPA veio da agropecu\u00e1ria, com destaque para as contribui\u00e7\u00f5es de bovinos, ovos, leite, feij\u00e3o e milho.<\/strong><\/p>\n<p>No caso dos ovos, o aumento no m\u00eas foi 16,95%, depois de j\u00e1 ter subido 14,16% em fevereiro. O feij\u00e3o encareceu 20,91% em mar\u00e7o, seguindo a alta de 13,77% em fevereiro.<\/p>\n<p>O economista acrescenta que o cen\u00e1rio externo levou reflexos para o IGP-M.<\/p>\n<blockquote>\n<p>\u201cO agravamento do cen\u00e1rio geopol\u00edtico no Oriente M\u00e9dio j\u00e1 se reflete nos pre\u00e7os de derivados de petr\u00f3leo, indicando a dissemina\u00e7\u00e3o dessas press\u00f5es para outros segmentos\u201d, aponta.<\/p>\n<\/blockquote>\n<p>Ele detalha que o subgrupo produtos derivados do petr\u00f3leo subiu 1,16% em mar\u00e7o, contra defla\u00e7\u00e3o de 4,63% em fevereiro, \u201csinalizando mudan\u00e7a no sinal da varia\u00e7\u00e3o e poss\u00edvel revers\u00e3o da trajet\u00f3ria recente\u201d. Dias pondera que, em 12 meses, esse subgrupo apresenta patamar \u201cbastante baixo\u201d, de -14,13%.<\/p>\n<p>A guerra no Oriente M\u00e9dio\u00a0foi desencadeada em 28 de fevereiro, com ataques dos Estados Unidos e de Israel ao Ir\u00e3.<\/p>\n<p>A regi\u00e3o concentra pa\u00edses produtores de petr\u00f3leo e rotas estrat\u00e9gicas, como o Estreito de Ormuz \u2500 por onde passam 20% da produ\u00e7\u00e3o mundial \u2500, o que levou distor\u00e7\u00f5es \u00e0 cadeia de petr\u00f3leo e escalada de pre\u00e7os no mercado global.<\/p>\n<h2>Mais componentes<\/h2>\n<p><strong>Outro componente do IGP-M \u00e9 o \u00cdndice de Pre\u00e7os ao Consumidor (IPC), que responde por 30% do indicador. Em mar\u00e7o, o IPC subiu 0,30%.<\/strong><\/p>\n<p>Na cesta de consumo das fam\u00edlias, o pre\u00e7o que mais pressionou os custos em mar\u00e7o foi o da gasolina, com expans\u00e3o de 1,12%.<\/p>\n<p>O terceiro componente medido pela FGV \u00e9 o \u00cdndice Nacional de Custo da Constru\u00e7\u00e3o (INCC), que subiu 0,36% no m\u00eas.\u00a0<\/p>\n<h2>Por que infla\u00e7\u00e3o do aluguel<\/h2>\n<p>O IGP-M \u00e9 conhecido como infla\u00e7\u00e3o do aluguel porque o acumulado de 12 meses costuma ser base para c\u00e1lculo de reajuste anual de contratos imobili\u00e1rios. Al\u00e9m disso, o indexador \u00e9 utilizado para reajustar algumas tarifas p\u00fablicas e servi\u00e7os essenciais.<\/p>\n<p>No entanto, o IGP-M acumulado negativo n\u00e3o \u00e9 certeza de que os alugu\u00e9is ser\u00e3o reajustados para baixo. Isso acontece porque alguns contratos incluem a express\u00e3o \u201creajuste conforme varia\u00e7\u00e3o positiva do IGP-M\u201d, o que faz, na pr\u00e1tica, que s\u00f3 haja reajuste se o \u00edndice for positivo.<\/p>\n<p>A FGV faz a coleta de pre\u00e7os em Belo Horizonte, Bras\u00edlia, Porto Alegre, Recife, Rio de Janeiro, S\u00e3o Paulo e Salvador. O per\u00edodo de levantamento do IGP-M foi 21 de fevereiro a 20 de mar\u00e7o.<\/p>\n<p>\u00a0<\/p>\n<p>      <!-- Relacionada --><\/p>\n<p>            <!-- Relacionada -->\n    <\/div>\n<p><br \/>\n<br \/>Fonte: <a href=\"https:\/\/agenciabrasil.ebc.com.br\/economia\/noticia\/2026-03\/petroleo-pressiona-e-inflacao-do-aluguel-da-fgv-fecha-marco-em-052\">Gazeta do Povo<\/a><\/p>\n","protected":false},"excerpt":{"rendered":"<p>O \u00cdndice Geral de Pre\u00e7os \u2013 Mercado (IGP-M), tamb\u00e9m conhecido como \u201cinfla\u00e7\u00e3o do aluguel\u201d, sentiu a press\u00e3o de produtos agropecu\u00e1rios e derivados do petr\u00f3leo e fechou o m\u00eas de mar\u00e7o em 0,52%, o que representa uma revers\u00e3o em rela\u00e7\u00e3o ao 0,73% de fevereiro. Com o resultado conhecido nesta segunda-feira (30), o IGP-M acumula defla\u00e7\u00e3o de [&hellip;]<\/p>\n","protected":false},"author":5,"featured_media":70219,"comment_status":"open","ping_status":"open","sticky":false,"template":"","format":"standard","meta":{"_seopress_robots_primary_cat":"","_seopress_titles_title":"","_seopress_titles_desc":"","_seopress_robots_index":"","footnotes":""},"categories":[45],"tags":[],"class_list":["post-70218","post","type-post","status-publish","format-standard","has-post-thumbnail","hentry","category-economia"],"_links":{"self":[{"href":"https:\/\/mussicom.com\/noticias\/wp-json\/wp\/v2\/posts\/70218","targetHints":{"allow":["GET"]}}],"collection":[{"href":"https:\/\/mussicom.com\/noticias\/wp-json\/wp\/v2\/posts"}],"about":[{"href":"https:\/\/mussicom.com\/noticias\/wp-json\/wp\/v2\/types\/post"}],"author":[{"embeddable":true,"href":"https:\/\/mussicom.com\/noticias\/wp-json\/wp\/v2\/users\/5"}],"replies":[{"embeddable":true,"href":"https:\/\/mussicom.com\/noticias\/wp-json\/wp\/v2\/comments?post=70218"}],"version-history":[{"count":0,"href":"https:\/\/mussicom.com\/noticias\/wp-json\/wp\/v2\/posts\/70218\/revisions"}],"wp:featuredmedia":[{"embeddable":true,"href":"https:\/\/mussicom.com\/noticias\/wp-json\/wp\/v2\/media\/70219"}],"wp:attachment":[{"href":"https:\/\/mussicom.com\/noticias\/wp-json\/wp\/v2\/media?parent=70218"}],"wp:term":[{"taxonomy":"category","embeddable":true,"href":"https:\/\/mussicom.com\/noticias\/wp-json\/wp\/v2\/categories?post=70218"},{"taxonomy":"post_tag","embeddable":true,"href":"https:\/\/mussicom.com\/noticias\/wp-json\/wp\/v2\/tags?post=70218"}],"curies":[{"name":"wp","href":"https:\/\/api.w.org\/{rel}","templated":true}]}}