{"id":70184,"date":"2026-03-30T07:49:16","date_gmt":"2026-03-30T10:49:16","guid":{"rendered":"https:\/\/mussicom.com\/shows-e-espetaculos-em-abril-no-sesc-santos\/"},"modified":"2026-03-30T07:49:16","modified_gmt":"2026-03-30T10:49:16","slug":"shows-e-espetaculos-em-abril-no-sesc-santos","status":"publish","type":"post","link":"https:\/\/mussicom.com\/noticias\/shows-e-espetaculos-em-abril-no-sesc-santos\/","title":{"rendered":"Shows e espet\u00e1culos em abril no Sesc Santos"},"content":{"rendered":"<p> <br \/>\n<\/p>\n<div id=\"texto\">\n<p>A programa\u00e7\u00e3o do Sesc Santos traz shows e espet\u00e1culos que celebram trajet\u00f3rias art\u00edsticas, trabalhos autorais em diferentes linguagens art\u00edsticas \u2013 como teatro, dan\u00e7a, m\u00fasica e circo &#8211; para diferentes p\u00fablicos e idades.<\/p>\n<p>\u00a0<\/p>\n<p>Na m\u00fasica, a agenda traz nomes consagrados e propostas contempor\u00e2neas.\u00a0<strong>Arnaldo Antunes<\/strong>\u00a0apresenta o show do \u00e1lbum\u00a0<strong>Novo Mundo<\/strong>, marcado pelo retorno \u00e0 sonoridade de banda, com arranjos mais densos e dan\u00e7antes. Com ingressos esgotados, o artista tamb\u00e9m revisita sucessos de diferentes fases da carreira, como &#8220;A Casa \u00c9 Sua&#8221;, &#8220;Socorro&#8221;, &#8220;J\u00e1 Sei Namorar&#8221;, &#8220;Comida&#8221; e &#8220;Fora de Si&#8221;.\u00a0<em>Dia 2\/4 (quinta), \u00e0s 20h. Teatro. Ingressos de R$ 21 (credencial plena) a R$ 70 (inteira). A partir de 12 anos.<\/em><\/p>\n<p>\u00a0<\/p>\n<p>Na sequ\u00eancia,\u00a0<strong>BNeg\u00e3o<\/strong>, ao lado do violinista\u00a0<strong>Bernardo Bosisio<\/strong>, apresenta o espet\u00e1culo\u00a0<strong>BNeg\u00e3o canta Dorival Caymmi<\/strong>, dedicado \u00e0 obra de Dorival Caymmi. A partir do \u00e1lbum Can\u00e7\u00f5es Praieiras (1954) e de outras composi\u00e7\u00f5es ligadas ao mar, o show prop\u00f5e um encontro entre tradi\u00e7\u00e3o e contemporaneidade.\u00a0<em>Dia 4\/4 (s\u00e1bado), \u00e0s 20h. Teatro. Ingressos de R$ 18 (credencial plena) a R$ 60 (inteira). A partir de 14 anos.<\/em><\/p>\n<p>\u00a0<\/p>\n<p>O multi-instrumentista\u00a0<strong>Arismar do Esp\u00edrito Santo\u00a0<\/strong>celebra 50 anos de trajet\u00f3ria no show\u00a0<em><strong>Arismar do Esp\u00edrito Santo Quarteto<\/strong><\/em>, com participa\u00e7\u00f5es de Morgana Moreno, Deangelo Silva e Cleber Almeida. Na apresenta\u00e7\u00e3o, relatos marcantes de sua conviv\u00eancia com grandes mestres da MPB.\u00a0<em>Dia 18\/4 (s\u00e1bado), \u00e0s 20h. Teatro. Ingressos de R$ 15 (credencial plena) a R$ 50 (inteira). A partir de 14 anos.<\/em><\/p>\n<p>\u00a0<\/p>\n<p>O pianista\u00a0<strong>Amaro Freitas<\/strong>, destaque na cena do jazz contempor\u00e2neo, apresenta o show do \u00e1lbum\u00a0<strong>Y&#8217;Y<\/strong>. Ao lado de Sidiel Vieira (contrabaixo ac\u00fastico) e Rodrigo Braz (bateria), o trio explora melodias marcantes e grooves inspirados na di\u00e1spora africana, combinando ancestralidade, improviso e virtuosismo, no s<em>how\u00a0<strong>Amaro Freitas Trio<\/strong>.<\/em>\u00a0<em>Dia 25\/4 (s\u00e1bado), \u00e0s 20h. Teatro. Ingressos de R$ 15 (credencial plena) a R$ 50 (inteira). Livre \u2013 Autoclassifica\u00e7\u00e3o<\/em><\/p>\n<p>\u00a0<\/p>\n<p>\u00a0<\/p>\n<p>Outro destaque \u00e9 o grupo\u00a0<strong>Pastoras do Ros\u00e1rio<\/strong>, que apresenta\u00a0<strong>Da Nebulosa ao Brilho<\/strong>. O espet\u00e1culo re\u00fane ancestralidade, f\u00e9 e mem\u00f3ria em uma experi\u00eancia musical potente, conduzida por mulheres negras que transformam tradi\u00e7\u00f5es como o samba, a congada e o mo\u00e7ambique em constela\u00e7\u00f5es sonoras. Dire\u00e7\u00e3o de Renato Gama.\u00a0<em>Dia 17\/4 (sexta), \u00e0s 20h. Teatro. Ingresso de R$15 (credencial plena) a R$50 (inteira). Livre \u2013 Autoclassifica\u00e7\u00e3o.<\/em><br \/>&#13;<br \/>\n\u00a0<\/p>\n<p>Valorizando a cena local, o projeto\u00a0<em>B\u00fassola\u00a0<\/em>recebe a cantora e compositora\u00a0<strong>Turmalina\u00a0<\/strong>com o show\u00a0<strong>Joia Rara<\/strong>, que apresenta m\u00fasicas de seu novo EP autoral, inspirado por viv\u00eancias, encontros e mem\u00f3rias.\u00a0<em>Dia 22\/4 (quarta), \u00e0s 20h. Comedoria. Gr\u00e1tis. Livre \u2013 Autoclassifica\u00e7\u00e3o.<\/em><\/p>\n<p>\u00a0<\/p>\n<p>No teatro, o ator\u00a0<strong>Othon Bastos<\/strong>\u00a0sobe ao palco com o mon\u00f3logo\u00a0<strong>&#8220;N\u00e3o me entrego, n\u00e3o!&#8221;<\/strong>, em que revisita hist\u00f3rias marcantes e divertidas de sua trajet\u00f3ria art\u00edstica e pessoal. Escrito e dirigido por Fl\u00e1vio Marinho, o espet\u00e1culo prop\u00f5e uma reflex\u00e3o sobre a vida e a resili\u00eancia.\u00a0<em>Dias 10 e 11\/4 (sexta e s\u00e1bado), \u00e0s 20h. Teatro. Ingressos de R$18 (credencial plena) a R$60 (inteira). A partir de 12 anos.<\/em><\/p>\n<p>\u00a0<\/p>\n<table align=\"center\" style=\"width:406px\">&#13;<\/p>\n<tbody>&#13;<\/p>\n<tr>&#13;<\/p>\n<td>&#13;<\/p>\n<table align=\"center\" border=\"0\" cellpadding=\"0\" cellspacing=\"0\" style=\"width:406px\">&#13;<\/p>\n<tbody>&#13;<\/p>\n<tr>&#13;<\/p>\n<td width=\"406\"><em>Othon Bastos. Foto: Beti Niemeyer<\/em><\/td>\n<p>&#13;<br \/>\n\t\t\t\t\t<\/tr>\n<p>&#13;<br \/>\n\t\t\t\t<\/tbody>\n<p>&#13;<br \/>\n\t\t\t<\/table>\n<p>&#13;\n\t\t\t<\/td>\n<p>&#13;<br \/>\n\t\t<\/tr>\n<p>&#13;<br \/>\n\t<\/tbody>\n<p>&#13;<br \/>\n<\/table>\n<p>&#13;<br \/>\nNa dan\u00e7a, o core\u00f3grafo e bailarino\u00a0<strong>Edivaldo Ernesto<\/strong>\u00a0apresenta o solo\u00a0<strong>BRACE<\/strong>\u00a0(Mo\u00e7ambique \/ Alemanha). Inspirada nos guerreiros Mwenemutapa e Zulu, um viajante tra\u00e7a uma narrativa ficcional que abriga o legado deles e o seu pr\u00f3prio presente. Sua poesia \u00e9 rara, mas simples; o conhecimento da exist\u00eancia de seus ancestrais \u00e9 um mito. Viajando por uma paisagem de condi\u00e7\u00f5es desafiadoras e exigentes, ele se depara com um passado incompleto, ou melhor, com um passado mal escrito.\u00a0<em>Dia 24\/4 (sexta), \u00e0s 20h. Teatro. A partir de 14 anos. R$ 15 (credencial plena) a R$ 50 (inteira).<\/em><\/p>\n<p>\u00a0<\/p>\n<p><strong>Edivaldo Ernesto<\/strong>\u00a0tamb\u00e9m ministra a oficina\u00a0<strong>Movimento e Profundidade<\/strong>, voltada \u00e0s diferentes pr\u00e1ticas de improvisa\u00e7\u00e3o para aprofundar a compreens\u00e3o dos h\u00e1bitos corporais, romper limita\u00e7\u00f5es e abrir espa\u00e7os para novos caminhos.\u00a0<em>Dia 23\/4 (quinta), das 19h \u00e0s 22h. Sala 31. R$6 (credencial plena) a R$20 (inteira). A partir de 16 anos. Inscri\u00e7\u00f5es de 1 a 23\/4 pelo aplicativo Credencial Sesc SP e centralrelacionamento.sescsp.org.br<\/em><\/p>\n<p>\u00a0<\/p>\n<p>Para as crian\u00e7as e toda a fam\u00edlia, a programa\u00e7\u00e3o re\u00fane espet\u00e1culos que combinam imagina\u00e7\u00e3o e linguagem circense. A companhia\u00a0<strong>Sabatino Brothers<\/strong>\u00a0apresenta\u00a0<strong>Vaiqueeuvoo<\/strong>, em que tr\u00eas aviadores dos anos 1930 desafiam a gravidade em acrobacias na barra fixa e no quadrante a\u00e9reo.\u00a0<em>Dia 5\/4 (domingo), \u00e0s 17h30. Teatro. Ingressos de R$12 (credencial plena) a R$ 40 (inteira). Livre \u2013 Autoclassifica\u00e7\u00e3o. Gr\u00e1tis para crian\u00e7as at\u00e9 12 anos.<\/em><\/p>\n<p>\u00a0<\/p>\n<p>No espet\u00e1culo\u00a0<strong>L\u00e1 Maior<\/strong>, com a companhia<strong>\u00a0Sabatino Brothers<\/strong>, a m\u00fasica experimental e o virtuosismo circense se cruzam em n\u00fameros de b\u00e1scula e acrobacias a\u00e9reas.\u00a0<em>Dia 26\/4 (domingo), \u00e0s 17h30. Teatro. Ingressos de R$ 12 (credencial plena) a R$ 40 (inteira). Livre \u2013 Autoclassifica\u00e7\u00e3o.<\/em><\/p>\n<p>\u00a0<\/p>\n<p>O circo tamb\u00e9m est\u00e1 presente em\u00a0<strong>Cabar\u00e9 Tert\u00falia<\/strong>, que re\u00fane diferentes coletivos em n\u00fameros que transitam por diversas t\u00e9cnicas, como acrobacia, malabarismo e palha\u00e7aria. Com os Coletivos da Tert\u00falia: Grupo Namakaca, Cia Casca de Noz, Cia do Polvo e Dupla Lola &amp; Charlito.\u00a0<em>Dia 12\/4 (domingo), \u00e0s 17h30. Teatro. R$12 (credencial plena) a R$40 (inteira). Livre \u2013 Autoclassifica\u00e7\u00e3o.<\/em><\/p>\n<p>\u00a0<\/p>\n<p>J\u00e1 o\u00a0<strong>Duo Badulaque<\/strong>, no show\u00a0<strong>Muita Coisa<\/strong>, explora a percuss\u00e3o perform\u00e1tica trazendo ritmos que v\u00e3o do samba e coco ao funk e rock, com instrumentos n\u00e3o convencionais, e muita intera\u00e7\u00e3o com o p\u00fablico.\u00a0<em>Dia 19\/4 (domingo), \u00e0s 17h30. Teatro. Ingressos de R$ 12 (credencial plena) R$ 40 (inteira). Livre \u2013 Autoclassifica\u00e7\u00e3o.<\/em><\/p>\n<p>\u00a0<\/p>\n<table align=\"center\" style=\"width:354px\">&#13;<\/p>\n<tbody>&#13;<\/p>\n<tr>&#13;<\/p>\n<td><img decoding=\"async\" src=\"https:\/\/s2601.imxsnd91.com\/7=QGZ6UjN5EGZ3ojci5SbvNmL5MnYA9WbzlGbh5mcvpmOxYTM0UTN5YTMxozZuBnLlVTO1kjMxQWNykzM0UGZlRWOyITOjZDN5I2Y2AjM0kjRyUiM0kjRyUSO0ITOzYkMlMzM3MDMwMDM08VL1ETLf9VLwITLfpjM\" style=\"width:354px\"\/>&#13;<\/p>\n<table align=\"center\" border=\"0\" cellpadding=\"0\" cellspacing=\"0\" style=\"width:354px\">&#13;<\/p>\n<tbody>&#13;<\/p>\n<tr>&#13;<\/p>\n<td width=\"354\"><em>Badulaque. Foto: Artur Nobre<\/em><\/td>\n<p>&#13;<br \/>\n\t\t\t\t\t<\/tr>\n<p>&#13;<br \/>\n\t\t\t\t<\/tbody>\n<p>&#13;<br \/>\n\t\t\t<\/table>\n<p>&#13;\n\t\t\t<\/td>\n<p>&#13;<br \/>\n\t\t<\/tr>\n<p>&#13;<br \/>\n\t<\/tbody>\n<p>&#13;<br \/>\n<\/table>\n<p>&#13;<br \/>\nPara o p\u00fablico com mais de 60 anos, a apresenta\u00e7\u00e3o gratuita de\u00a0<strong>A Dama de Copas e o Rei de Cuba<\/strong>, da\u00a0<strong>Cia Escandalosa<\/strong>. O espet\u00e1culo narra a hist\u00f3ria de duas mulheres que moram juntas, em um ambiente prec\u00e1rio, e tem suas trajet\u00f3rias e sonhos muito condicionados pela import\u00e2ncia da figura masculina.\u00a0<em>Dia 7\/4 (ter\u00e7a), \u00e0s 15h30. Teatro. A partir de 60 anos. Entrada gratuita (retirada com 1h antes).<\/em><\/p>\n<p>\u00a0<\/p>\n<p>A programa\u00e7\u00e3o completa est\u00e1 dispon\u00edvel em sescsp.org.br\/santos<\/p>\n<p>\u00a0<\/p>\n<p><strong><u>Venda de ingressos<\/u><\/strong><br \/>&#13;<br \/>\nAs vendas de ingressos para os shows e espet\u00e1culos da semana seguinte (segunda a domingo) come\u00e7a na semana anterior \u00e0s atividades, em dois lotes:<\/p>\n<p>On-line pelo aplicativo Credencial Sesc SP e portal do Sesc S\u00e3o Paulo: \u00e0s ter\u00e7as-feiras, a partir das 17h<\/p>\n<p>Presencialmente, nas bilheterias das unidades:<br \/>&#13;<br \/>\n\u00e0s quartas-feiras, a partir das 17h<\/p>\n<p><strong><u>Bilheteria Sesc Santos &#8211; Funcionamento<\/u><\/strong><br \/>&#13;<br \/>\nTer\u00e7a a sexta, das 9h \u00e0s 21h30 | S\u00e1bados e domingos, 10h \u00e0s 18h30<\/p>\n<p>\u00a0<\/p>\n<p><strong><u>Sesc Santos<\/u>\u00a0<\/strong><br \/>&#13;<br \/>\nRua Conselheiro Ribas, 136, Aparecida<br \/>&#13;<br \/>\n(13) 3278-9800 <br \/>&#13;<br \/>\nSite do Sesc SP<br \/>&#13;<br \/>\nInstagram. Facebook. @sescsantos<\/p>\n<p>\u00a0<\/p>\n<\/p><\/div>\n<p><script async defer crossorigin=\"anonymous\" src=\"https:\/\/connect.facebook.net\/pt_BR\/sdk.js#xfbml=1&#038;version=v12.0&#038;appId=&#038;autoLogAppEvents=1\" nonce=\"ou0fI1lo\"><\/script><br \/>\n<br \/><br \/>\n<br \/>Fonte: <a href=\"https:\/\/www.bs9.com.br\/variedades\/shows-e-espetaculos-em-abril-no-sesc-santos\/38573\/\">BS9<\/a><\/p>\n","protected":false},"excerpt":{"rendered":"<p>A programa\u00e7\u00e3o do Sesc Santos traz shows e espet\u00e1culos que celebram trajet\u00f3rias art\u00edsticas, trabalhos autorais em diferentes linguagens art\u00edsticas \u2013 como teatro, dan\u00e7a, m\u00fasica e circo &#8211; para diferentes p\u00fablicos e idades. \u00a0 Na m\u00fasica, a agenda traz nomes consagrados e propostas contempor\u00e2neas.\u00a0Arnaldo Antunes\u00a0apresenta o show do \u00e1lbum\u00a0Novo Mundo, marcado pelo retorno \u00e0 sonoridade de [&hellip;]<\/p>\n","protected":false},"author":5,"featured_media":70185,"comment_status":"open","ping_status":"open","sticky":false,"template":"","format":"standard","meta":{"_seopress_robots_primary_cat":"","_seopress_titles_title":"","_seopress_titles_desc":"","_seopress_robots_index":"","footnotes":""},"categories":[52],"tags":[],"class_list":["post-70184","post","type-post","status-publish","format-standard","has-post-thumbnail","hentry","category-santoseregiao"],"_links":{"self":[{"href":"https:\/\/mussicom.com\/noticias\/wp-json\/wp\/v2\/posts\/70184","targetHints":{"allow":["GET"]}}],"collection":[{"href":"https:\/\/mussicom.com\/noticias\/wp-json\/wp\/v2\/posts"}],"about":[{"href":"https:\/\/mussicom.com\/noticias\/wp-json\/wp\/v2\/types\/post"}],"author":[{"embeddable":true,"href":"https:\/\/mussicom.com\/noticias\/wp-json\/wp\/v2\/users\/5"}],"replies":[{"embeddable":true,"href":"https:\/\/mussicom.com\/noticias\/wp-json\/wp\/v2\/comments?post=70184"}],"version-history":[{"count":0,"href":"https:\/\/mussicom.com\/noticias\/wp-json\/wp\/v2\/posts\/70184\/revisions"}],"wp:featuredmedia":[{"embeddable":true,"href":"https:\/\/mussicom.com\/noticias\/wp-json\/wp\/v2\/media\/70185"}],"wp:attachment":[{"href":"https:\/\/mussicom.com\/noticias\/wp-json\/wp\/v2\/media?parent=70184"}],"wp:term":[{"taxonomy":"category","embeddable":true,"href":"https:\/\/mussicom.com\/noticias\/wp-json\/wp\/v2\/categories?post=70184"},{"taxonomy":"post_tag","embeddable":true,"href":"https:\/\/mussicom.com\/noticias\/wp-json\/wp\/v2\/tags?post=70184"}],"curies":[{"name":"wp","href":"https:\/\/api.w.org\/{rel}","templated":true}]}}