{"id":70147,"date":"2026-03-29T23:38:25","date_gmt":"2026-03-30T02:38:25","guid":{"rendered":"https:\/\/mussicom.com\/motociclista-morre-apos-choque-com-carreta-queda-e-atropelamento\/"},"modified":"2026-03-29T23:38:25","modified_gmt":"2026-03-30T02:38:25","slug":"motociclista-morre-apos-choque-com-carreta-queda-e-atropelamento","status":"publish","type":"post","link":"https:\/\/mussicom.com\/noticias\/motociclista-morre-apos-choque-com-carreta-queda-e-atropelamento\/","title":{"rendered":"Motociclista morre ap\u00f3s choque com carreta, queda e atropelamento"},"content":{"rendered":"<p> <br \/>\n<\/p>\n<div>\n<p>Um motociclista morreu na entrada da Interliga\u00e7\u00e3o Baixada na tarde deste domingo (29), ap\u00f3s um choque com uma carreta que provocou a queda o ve\u00edculo e, por consequ\u00eancia, o atropelamento do piloto.<\/p>\n<p>De acordo com informa\u00e7\u00f5es da Ag\u00eancia Reguladora de Transportes do Estado (Artesp), o condutor da carreta trafegava pela Faixa 2 quando, na entrada da Interliga\u00e7\u00e3o, o motociclista deslocava-se pelo corredor entre os ve\u00edculos. Em determinado momento, o motociclista entrou na frente da carreta, posicionando-se no ponto cego, o que impossibilitou a visualiza\u00e7\u00e3o da moto. Na sequ\u00eancia, ocorreu a colis\u00e3o lateral, com a queda, houve o atropelamento do motociclista.<\/p>\n<p>N\u00e3o houve interfer\u00eancia no tr\u00e1fego de ve\u00edculos, mas at\u00e9 o in\u00edcio da noite a per\u00edcia n\u00e3o havia chegado para retirar o corpo.<\/p>\n<\/div>\n<p><br \/>\n<br \/>Fonte: <a href=\"https:\/\/jornaldaorla.com.br\/noticias\/motociclista-morre-apos-choque-com-carreta-queda-e-atropelamento\/\">Jornal Da Orla<\/a><\/p>\n","protected":false},"excerpt":{"rendered":"<p>Um motociclista morreu na entrada da Interliga\u00e7\u00e3o Baixada na tarde deste domingo (29), ap\u00f3s um choque com uma carreta que provocou a queda o ve\u00edculo e, por consequ\u00eancia, o atropelamento do piloto. De acordo com informa\u00e7\u00f5es da Ag\u00eancia Reguladora de Transportes do Estado (Artesp), o condutor da carreta trafegava pela Faixa 2 quando, na entrada [&hellip;]<\/p>\n","protected":false},"author":5,"featured_media":70148,"comment_status":"open","ping_status":"open","sticky":false,"template":"","format":"standard","meta":{"_seopress_robots_primary_cat":"","_seopress_titles_title":"","_seopress_titles_desc":"","_seopress_robots_index":"","footnotes":""},"categories":[52],"tags":[],"class_list":["post-70147","post","type-post","status-publish","format-standard","has-post-thumbnail","hentry","category-santoseregiao"],"_links":{"self":[{"href":"https:\/\/mussicom.com\/noticias\/wp-json\/wp\/v2\/posts\/70147","targetHints":{"allow":["GET"]}}],"collection":[{"href":"https:\/\/mussicom.com\/noticias\/wp-json\/wp\/v2\/posts"}],"about":[{"href":"https:\/\/mussicom.com\/noticias\/wp-json\/wp\/v2\/types\/post"}],"author":[{"embeddable":true,"href":"https:\/\/mussicom.com\/noticias\/wp-json\/wp\/v2\/users\/5"}],"replies":[{"embeddable":true,"href":"https:\/\/mussicom.com\/noticias\/wp-json\/wp\/v2\/comments?post=70147"}],"version-history":[{"count":0,"href":"https:\/\/mussicom.com\/noticias\/wp-json\/wp\/v2\/posts\/70147\/revisions"}],"wp:featuredmedia":[{"embeddable":true,"href":"https:\/\/mussicom.com\/noticias\/wp-json\/wp\/v2\/media\/70148"}],"wp:attachment":[{"href":"https:\/\/mussicom.com\/noticias\/wp-json\/wp\/v2\/media?parent=70147"}],"wp:term":[{"taxonomy":"category","embeddable":true,"href":"https:\/\/mussicom.com\/noticias\/wp-json\/wp\/v2\/categories?post=70147"},{"taxonomy":"post_tag","embeddable":true,"href":"https:\/\/mussicom.com\/noticias\/wp-json\/wp\/v2\/tags?post=70147"}],"curies":[{"name":"wp","href":"https:\/\/api.w.org\/{rel}","templated":true}]}}