{"id":70145,"date":"2026-03-29T23:34:30","date_gmt":"2026-03-30T02:34:30","guid":{"rendered":"https:\/\/mussicom.com\/por-que-parlamentares-disputam-vaga-no-tcu\/"},"modified":"2026-03-29T23:34:30","modified_gmt":"2026-03-30T02:34:30","slug":"por-que-parlamentares-disputam-vaga-no-tcu","status":"publish","type":"post","link":"https:\/\/mussicom.com\/noticias\/por-que-parlamentares-disputam-vaga-no-tcu\/","title":{"rendered":"Por que parlamentares disputam vaga no TCU?"},"content":{"rendered":"<p> <br \/>\n<\/p>\n<div id=\"tp-post-content\">\n<p class=\"postParagraph_post-paragraph__juWZN postParagraph_post-paragraph-innerHtml__Q5vwc\">O presidente da C\u00e2mara, Hugo Motta, suspendeu a vota\u00e7\u00e3o que escolher\u00e1 o novo ministro do TCU para buscar um consenso. A disputa entre PT e Centr\u00e3o reflete a import\u00e2ncia estrat\u00e9gica do cargo, que oferece estabilidade vital\u00edcia e alto poder de influ\u00eancia pol\u00edtica sobre o governo federal.<\/p>\n<h2 class=\"postParagraph_post-paragraph__juWZN postParagraph_post-paragraph-innerHtml__Q5vwc postParagraph_type-tag-h2__TtFkT\">O que faz um ministro do Tribunal de Contas da Uni\u00e3o?<\/h2>\n<p class=\"postParagraph_post-paragraph__juWZN postParagraph_post-paragraph-innerHtml__Q5vwc\">O TCU \u00e9 o \u00f3rg\u00e3o respons\u00e1vel por fiscalizar como o dinheiro do governo federal \u00e9 gasto. Os ministros analisam as contas do presidente da Rep\u00fablica e vigiam repasses para estados e munic\u00edpios. Na pr\u00e1tica, eles funcionam como ju\u00edzes que garantem que os recursos p\u00fablicos sigam as leis, podendo aprovar ou barrar gastos importantes do Executivo.<\/p>\n<h2 class=\"postParagraph_post-paragraph__juWZN postParagraph_post-paragraph-innerHtml__Q5vwc postParagraph_type-tag-h2__TtFkT\">Quais s\u00e3o as vantagens financeiras e profissionais do cargo?<\/h2>\n<p class=\"postParagraph_post-paragraph__juWZN postParagraph_post-paragraph-innerHtml__Q5vwc\">A vaga \u00e9 extremamente cobi\u00e7ada porque o cargo \u00e9 vital\u00edcio, ou seja, o escolhido pode ficar no tribunal at\u00e9 os 75 anos de idade. Al\u00e9m da estabilidade, o sal\u00e1rio \u00e9 equivalente ao de ministros de tribunais superiores. Embora o valor base gire em torno de R$ 40 mil, diversos benef\u00edcios extras podem elevar a remunera\u00e7\u00e3o mensal para mais de R$ 100 mil.<\/p>\n<h2 class=\"postParagraph_post-paragraph__juWZN postParagraph_post-paragraph-innerHtml__Q5vwc postParagraph_type-tag-h2__TtFkT\">Como funciona o processo de escolha dos novos ministros?<\/h2>\n<p class=\"postParagraph_post-paragraph__juWZN postParagraph_post-paragraph-innerHtml__Q5vwc\">O tribunal possui nove ministros: seis s\u00e3o indicados pelo Congresso Nacional e tr\u00eas pelo presidente da Rep\u00fablica. No caso atual, a indica\u00e7\u00e3o cabe \u00e0 C\u00e2mara dos Deputados. Os candidatos passam por uma sabatina em comiss\u00e3o e depois enfrentam uma vota\u00e7\u00e3o secreta em plen\u00e1rio, onde vence quem obtiver a maioria simples dos votos dos parlamentares.<\/p>\n<h2 class=\"postParagraph_post-paragraph__juWZN postParagraph_post-paragraph-innerHtml__Q5vwc postParagraph_type-tag-h2__TtFkT\">Qual \u00e9 a principal motiva\u00e7\u00e3o pol\u00edtica para essa disputa?<\/h2>\n<p class=\"postParagraph_post-paragraph__juWZN postParagraph_post-paragraph-innerHtml__Q5vwc\">Al\u00e9m do prest\u00edgio, um ministro do TCU tem grande poder de articula\u00e7\u00e3o. Ele pode influenciar decis\u00f5es que ajudam aliados pol\u00edticos ou dificultam a vida de advers\u00e1rios. O tribunal tamb\u00e9m fiscaliza as emendas parlamentares \u2014 recursos que deputados e senadores enviam para suas bases \u2014, o que torna o cargo uma pe\u00e7a-chave no tabuleiro pol\u00edtico de Bras\u00edlia.<\/p>\n<h2 class=\"postParagraph_post-paragraph__juWZN postParagraph_post-paragraph-innerHtml__Q5vwc postParagraph_type-tag-h2__TtFkT\">Quem s\u00e3o os nomes envolvidos no impasse atual?<\/h2>\n<p class=\"postParagraph_post-paragraph__juWZN postParagraph_post-paragraph-innerHtml__Q5vwc\">De um lado est\u00e1 o deputado Odair Cunha, do PT, que conta com uma promessa de apoio do presidente da C\u00e2mara em troca de acordos partid\u00e1rios. Do outro, lideran\u00e7as do Centr\u00e3o, como Elmar Nascimento e Danilo Forte, tentam emplacar nomes alinhados ao seu grupo. Como a elei\u00e7\u00e3o \u00e9 secreta, acordos de c\u00fapula nem sempre garantem a vit\u00f3ria final no plen\u00e1rio.<\/p>\n<p class=\"postParagraph_post-paragraph__juWZN postParagraph_post-paragraph-innerHtml__Q5vwc\"><i>Conte\u00fado produzido a partir de informa\u00e7\u00f5es apuradas pela equipe de rep\u00f3rteres da Gazeta do Povo. Para acessar a informa\u00e7\u00e3o na \u00edntegra e se aprofundar sobre o tema leia a reportagem abaixo.<\/i><\/p>\n<div class=\"postViewMore_post-view-more-container___5wai\" data-mrf-recirculation=\"Post - Veja tamb\u00e9m\">\n<p class=\"gp-styles-module-size-small-afeYRa gp-styles-module-font-family2-afeYRa gp-styles-module-color-secondary-afeYRa gp-styles-module-weight-bold-afeYRa\">VEJA TAMB\u00c9M:<\/p>\n<ul class=\"postViewMore_post-view-more-list__CU_CE\">\n<li class=\"postViewMore_post-view-more-item__2MzRb\"><span class=\"postViewMore_post-view-more-link-icon___stPC\"><svg xmlns=\"http:\/\/www.w3.org\/2000\/svg\" width=\"16\" height=\"16\" viewbox=\"0 0 16 16\"><rect width=\"16\" height=\"16\" fill=\"none\"\/><g transform=\"translate(3 3)\"><path d=\"M22.5,15l3.4,3.4-3.4,3.4\" transform=\"translate(-15.896 -11.793)\" fill=\"none\" stroke=\"#717171\" stroke-linecap=\"round\" stroke-width=\"1.4\"\/><path d=\"M6,6v4.2a2.452,2.452,0,0,0,2.5,2.4H16\" transform=\"translate(-6 -6)\" fill=\"none\" stroke=\"#717171\" stroke-linecap=\"round\" stroke-width=\"1.4\"\/><\/g><\/svg><\/span><span class=\"postViewMore_post-view-more-link-text__hO_kM\">O que motiva parlamentares a disputarem uma vaga no TCU<\/span><\/li>\n<\/ul>\n<\/div>\n<\/div>\n<p><br \/>\n<br \/>Fonte: <a href=\"https:\/\/www.gazetadopovo.com.br\/republica\/por-que-a-disputa-por-uma-vaga-no-tcu-mobiliza-os-parlamentares\/\">Revista Oeste<\/a><\/p>\n","protected":false},"excerpt":{"rendered":"<p>O presidente da C\u00e2mara, Hugo Motta, suspendeu a vota\u00e7\u00e3o que escolher\u00e1 o novo ministro do TCU para buscar um consenso. A disputa entre PT e Centr\u00e3o reflete a import\u00e2ncia estrat\u00e9gica do cargo, que oferece estabilidade vital\u00edcia e alto poder de influ\u00eancia pol\u00edtica sobre o governo federal. O que faz um ministro do Tribunal de Contas [&hellip;]<\/p>\n","protected":false},"author":5,"featured_media":70134,"comment_status":"open","ping_status":"open","sticky":false,"template":"","format":"standard","meta":{"_seopress_robots_primary_cat":"","_seopress_titles_title":"","_seopress_titles_desc":"","_seopress_robots_index":"","footnotes":""},"categories":[1],"tags":[],"class_list":["post-70145","post","type-post","status-publish","format-standard","has-post-thumbnail","hentry","category-ultimas-noticias"],"_links":{"self":[{"href":"https:\/\/mussicom.com\/noticias\/wp-json\/wp\/v2\/posts\/70145","targetHints":{"allow":["GET"]}}],"collection":[{"href":"https:\/\/mussicom.com\/noticias\/wp-json\/wp\/v2\/posts"}],"about":[{"href":"https:\/\/mussicom.com\/noticias\/wp-json\/wp\/v2\/types\/post"}],"author":[{"embeddable":true,"href":"https:\/\/mussicom.com\/noticias\/wp-json\/wp\/v2\/users\/5"}],"replies":[{"embeddable":true,"href":"https:\/\/mussicom.com\/noticias\/wp-json\/wp\/v2\/comments?post=70145"}],"version-history":[{"count":0,"href":"https:\/\/mussicom.com\/noticias\/wp-json\/wp\/v2\/posts\/70145\/revisions"}],"wp:featuredmedia":[{"embeddable":true,"href":"https:\/\/mussicom.com\/noticias\/wp-json\/wp\/v2\/media\/70134"}],"wp:attachment":[{"href":"https:\/\/mussicom.com\/noticias\/wp-json\/wp\/v2\/media?parent=70145"}],"wp:term":[{"taxonomy":"category","embeddable":true,"href":"https:\/\/mussicom.com\/noticias\/wp-json\/wp\/v2\/categories?post=70145"},{"taxonomy":"post_tag","embeddable":true,"href":"https:\/\/mussicom.com\/noticias\/wp-json\/wp\/v2\/tags?post=70145"}],"curies":[{"name":"wp","href":"https:\/\/api.w.org\/{rel}","templated":true}]}}