{"id":70007,"date":"2026-03-28T18:01:35","date_gmt":"2026-03-28T21:01:35","guid":{"rendered":"https:\/\/mussicom.com\/saude-libera-r-900-mil-para-combate-ao-chikungunya-em-dourados\/"},"modified":"2026-03-28T18:01:35","modified_gmt":"2026-03-28T21:01:35","slug":"saude-libera-r-900-mil-para-combate-ao-chikungunya-em-dourados","status":"publish","type":"post","link":"https:\/\/mussicom.com\/noticias\/saude-libera-r-900-mil-para-combate-ao-chikungunya-em-dourados\/","title":{"rendered":"Sa\u00fade libera R$ 900 mil para combate ao Chikungunya em Dourados"},"content":{"rendered":"<p> <br \/>\n<\/p>\n<div>\n<p>O Minist\u00e9rio da Sa\u00fade liberou aporte emergencial de R$ 900 mil para a\u00e7\u00f5es de vigil\u00e2ncia, assist\u00eancia e controle do Chikungunya na regi\u00e3o da Grande Dourados, no Mato Grosso do Sul.<img decoding=\"async\" src=\"https:\/\/agenciabrasil.ebc.com.br\/ebc.gif?id=1684085&amp;o=node\" style=\"width:1px; height:1px; display:inline;\"\/><\/p>\n<p>Em nota, a pasta informou que o valor ser\u00e1 transferido em parcela \u00fanica, do Fundo Nacional de Sa\u00fade (FNS) ao fundo municipal.<\/p>\n<p><strong>\u201cOs recursos poder\u00e3o ser utilizados para intensificar estrat\u00e9gias como vigil\u00e2ncia em sa\u00fade, controle do mosquito Aedes aegypti, qualifica\u00e7\u00e3o da assist\u00eancia e apoio \u00e0s equipes que atuam diretamente no atendimento \u00e0 popula\u00e7\u00e3o\u201d, informa o minist\u00e9rio.<\/strong><\/p>\n<p>A libera\u00e7\u00e3o do montante, segundo o minist\u00e9rio, se soma a outras iniciativas em curso, como a instala\u00e7\u00e3o de mil Esta\u00e7\u00f5es Disseminadoras de Larvicida (EDLs), compostas por armadilhas com recipiente pl\u00e1stico e tecido impregnado com larvicida.<\/p>\n<p>\u201cAo entrar em contato com o produto, o inseto passa a disseminar o larvicida em outros criadouros, contribuindo para interromper o ciclo de reprodu\u00e7\u00e3o\u201d, detalhou o comunicado.<\/p>\n<p><strong>Ainda de acordo com a pasta, agentes municipais passaram por capacita\u00e7\u00e3o conduzida por t\u00e9cnicos da Coordena\u00e7\u00e3o-Geral de Vigil\u00e2ncia de Arboviroses, com foco no uso das novas tecnologias de controle vetorial.<\/strong><\/p>\n<p>Outra medida adotada na regi\u00e3o \u00e9 a busca ativa em territ\u00f3rios ind\u00edgenas de Dourados, realizada de forma conjunta pela For\u00e7a Nacional do Sistema \u00danico de Sa\u00fade (SUS) e pela Secretaria de Sa\u00fade Ind\u00edgena (Sesai), com 106 atendimentos domiciliares nas aldeias Jaguapiru e Boror\u00f3.<\/p>\n<h2>For\u00e7a-tarefa<\/h2>\n<p><strong>Na \u00faltima semana, o minist\u00e9rio instalou uma sala de situa\u00e7\u00e3o com o objetivo de coordenar as a\u00e7\u00f5es federais de combate ao Chikungunya.<\/strong><\/p>\n<p>\u201cPosteriormente, a estrutura ser\u00e1 levada ao territ\u00f3rio, com atua\u00e7\u00e3o integrada entre \u00e1reas t\u00e9cnicas, gestores estaduais e municipais e outros \u00f3rg\u00e3os p\u00fablicos, fortalecendo a tomada de decis\u00e3o\u201d, informou a nota.<\/p>\n<p><strong>Desde o in\u00edcio de mar\u00e7o, agentes de sa\u00fade e de combate \u00e0s endemias realizaram visitas a mais de 2,2 mil resid\u00eancias nas aldeias da regi\u00e3o.<\/strong> As a\u00e7\u00f5es incluem mutir\u00f5es de limpeza, elimina\u00e7\u00e3o de criadouros, aplica\u00e7\u00e3o de larvicidas e inseticidas.<\/p>\n<p>O minist\u00e9rio autorizou ainda, em car\u00e1ter emergencial, a contrata\u00e7\u00e3o tempor\u00e1ria de 20 agentes de combate a endemias. A admiss\u00e3o ser\u00e1 feita por meio de an\u00e1lise curricular e a expectativa \u00e9 que, nas pr\u00f3ximas semanas, os profissionais j\u00e1 estejam atuando.<\/p>\n<h2>Entenda<\/h2>\n<p><strong>Desde 18 de mar\u00e7o, a For\u00e7a Nacional do SUS atua no munic\u00edpio em parceria com equipes locais.<\/strong>\u00a0<\/p>\n<p>Segundo a pasta, h\u00e1 atualmente 34 profissionais mobilizados, entre m\u00e9dicos, enfermeiros e t\u00e9cnicos de enfermagem, com atua\u00e7\u00e3o nas \u00e1reas mais afetadas.<\/p>\n<p><strong>A equipe foi enviada ao munic\u00edpio depois que o Centro de Informa\u00e7\u00f5es Estrat\u00e9gicas em Vigil\u00e2ncia em Sa\u00fade do Distrito Sanit\u00e1rio Especial Ind\u00edgena de Mato Grosso do Sul emitiu alerta epidemiol\u00f3gico em raz\u00e3o do aumento de casos de arboviroses no munic\u00edpio.<\/strong><\/p>\n<p>As a\u00e7\u00f5es envolvem equipes das Secretarias de Sa\u00fade Ind\u00edgena (Sesai) e de Vigil\u00e2ncia em Sa\u00fade e Ambiente, do Distrito Sanit\u00e1rio Especial Ind\u00edgena de Mato Grosso do Sul, e da Defesa Civil estadual.<\/p>\n<h2>Doen\u00e7a<\/h2>\n<p>A Chikungunya \u00e9 uma arbovirose cujo agente etiol\u00f3gico \u00e9 transmitido pela picada de f\u00eameas infectadas do g\u00eanero Aedes. No Brasil, at\u00e9 o momento, o vetor envolvido na transmiss\u00e3o \u00e9 o Aedes aegypti.<\/p>\n<p><strong>O v\u00edrus foi introduzido no continente americano em 2013 e foi respons\u00e1vel por uma epidemia em diversos pa\u00edses da Am\u00e9rica Central e nas ilhas do Caribe.<\/strong><\/p>\n<p>No segundo semestre de 2014, o Brasil confirmou, por m\u00e9todos laboratoriais, a presen\u00e7a da doen\u00e7a nos estados do Amap\u00e1 e da Bahia. Atualmente, todos os estados registram transmiss\u00e3o do arbov\u00edrus.<\/p>\n<p><strong>Em 2023, o minist\u00e9rio cita uma importante dispers\u00e3o territorial do v\u00edrus no pa\u00eds, principalmente em estados da Regi\u00e3o Sudeste.<\/strong> Anteriormente, as maiores incid\u00eancias de chikungunya concentravam-se no Nordeste.<\/p>\n<p>As principais caracter\u00edsticas cl\u00ednicas da infec\u00e7\u00e3o s\u00e3o edema e dor articular incapacitante, mas tamb\u00e9m podem ocorrer manifesta\u00e7\u00f5es extra articulares. Casos graves de chikungunya podem demandar interna\u00e7\u00e3o hospitalar e evoluir para \u00f3bito.<\/p>\n<p>      <!-- Relacionada --><\/p>\n<p>            <!-- Relacionada -->\n    <\/div>\n<p><br \/>\n<br \/>Fonte: <a href=\"https:\/\/agenciabrasil.ebc.com.br\/saude\/noticia\/2026-03\/saude-libera-r-900-mil-para-combate-ao-chikungunya-em-dourados\">Ag\u00eancia Brasil<\/a><\/p>\n","protected":false},"excerpt":{"rendered":"<p>O Minist\u00e9rio da Sa\u00fade liberou aporte emergencial de R$ 900 mil para a\u00e7\u00f5es de vigil\u00e2ncia, assist\u00eancia e controle do Chikungunya na regi\u00e3o da Grande Dourados, no Mato Grosso do Sul. Em nota, a pasta informou que o valor ser\u00e1 transferido em parcela \u00fanica, do Fundo Nacional de Sa\u00fade (FNS) ao fundo municipal. \u201cOs recursos poder\u00e3o [&hellip;]<\/p>\n","protected":false},"author":5,"featured_media":70008,"comment_status":"open","ping_status":"open","sticky":false,"template":"","format":"standard","meta":{"_seopress_robots_primary_cat":"","_seopress_titles_title":"","_seopress_titles_desc":"","_seopress_robots_index":"","footnotes":""},"categories":[46],"tags":[],"class_list":["post-70007","post","type-post","status-publish","format-standard","has-post-thumbnail","hentry","category-saude"],"_links":{"self":[{"href":"https:\/\/mussicom.com\/noticias\/wp-json\/wp\/v2\/posts\/70007","targetHints":{"allow":["GET"]}}],"collection":[{"href":"https:\/\/mussicom.com\/noticias\/wp-json\/wp\/v2\/posts"}],"about":[{"href":"https:\/\/mussicom.com\/noticias\/wp-json\/wp\/v2\/types\/post"}],"author":[{"embeddable":true,"href":"https:\/\/mussicom.com\/noticias\/wp-json\/wp\/v2\/users\/5"}],"replies":[{"embeddable":true,"href":"https:\/\/mussicom.com\/noticias\/wp-json\/wp\/v2\/comments?post=70007"}],"version-history":[{"count":0,"href":"https:\/\/mussicom.com\/noticias\/wp-json\/wp\/v2\/posts\/70007\/revisions"}],"wp:featuredmedia":[{"embeddable":true,"href":"https:\/\/mussicom.com\/noticias\/wp-json\/wp\/v2\/media\/70008"}],"wp:attachment":[{"href":"https:\/\/mussicom.com\/noticias\/wp-json\/wp\/v2\/media?parent=70007"}],"wp:term":[{"taxonomy":"category","embeddable":true,"href":"https:\/\/mussicom.com\/noticias\/wp-json\/wp\/v2\/categories?post=70007"},{"taxonomy":"post_tag","embeddable":true,"href":"https:\/\/mussicom.com\/noticias\/wp-json\/wp\/v2\/tags?post=70007"}],"curies":[{"name":"wp","href":"https:\/\/api.w.org\/{rel}","templated":true}]}}