{"id":70004,"date":"2026-03-28T17:10:14","date_gmt":"2026-03-28T20:10:14","guid":{"rendered":"https:\/\/mussicom.com\/nova-exposicao-do-museu-do-cafe-mostra-cafe-brasileiro-como-simbolo-de-status-e-modernidade-na-china\/"},"modified":"2026-03-28T17:10:14","modified_gmt":"2026-03-28T20:10:14","slug":"nova-exposicao-do-museu-do-cafe-mostra-cafe-brasileiro-como-simbolo-de-status-e-modernidade-na-china","status":"publish","type":"post","link":"https:\/\/mussicom.com\/noticias\/nova-exposicao-do-museu-do-cafe-mostra-cafe-brasileiro-como-simbolo-de-status-e-modernidade-na-china\/","title":{"rendered":"Nova exposi\u00e7\u00e3o do Museu do Caf\u00e9 mostra caf\u00e9 brasileiro como s\u00edmbolo de status e modernidade na China"},"content":{"rendered":"<p> <br \/>\n<\/p>\n<div id=\"texto\">\n<p>A partir de 24 de abril, o Museu do Caf\u00e9 (MC) \u2014 institui\u00e7\u00e3o da Secretaria da Cultura, Economia e Ind\u00fastria Criativas do Estado de S\u00e3o Paulo \u2014 recebe a mostra tempor\u00e1ria\u00a0<em>Ouro Negro e o Drag\u00e3o<\/em>, da artista pl\u00e1stica Camila Arruda. Com 15 obras in\u00e9ditas, a exposi\u00e7\u00e3o resulta da investiga\u00e7\u00e3o da autora sobre o crescimento da China como um dos principais importadores do caf\u00e9 brasileiro. A partir desse contexto, prop\u00f5e um olhar sens\u00edvel sobre as mudan\u00e7as recentes em uma cultura historicamente associada ao consumo de ch\u00e1, articulando quest\u00f5es sociais, simb\u00f3licas e contempor\u00e2neas. A inaugura\u00e7\u00e3o ser\u00e1 \u00e0s 11h, com entrada gratuita.<\/p>\n<p>\u00a0<\/p>\n<p>A pesquisa que fundamenta o projeto come\u00e7ou a se delinear em 2019, ap\u00f3s uma viagem \u00e0 China, e se conecta \u00e0 trajet\u00f3ria de Camila Arruda, que, em 2018, realizou uma exposi\u00e7\u00e3o no Museu da Imigra\u00e7\u00e3o, em S\u00e3o Paulo. Inserida nesse percurso e integrada \u00e0 celebra\u00e7\u00e3o do Ano da Cultura e do Turismo entre Brasil e China em 2026, a iniciativa amplia o olhar do p\u00fablico sobre a presen\u00e7a do caf\u00e9 no pa\u00eds asi\u00e1tico e as transforma\u00e7\u00f5es recentes do pa\u00eds. &#8220;A China n\u00e3o quer mais apenas fabricar o que o mundo cria; ela quer criar o que o mundo consome&#8221;, observa a artista.<\/p>\n<p>\u00a0<\/p>\n<p>Entre pinturas, escultura, instala\u00e7\u00e3o e v\u00eddeos, o olhar da artista se desdobra na linha curatorial da mostra, organizada em tr\u00eas momentos: o primeiro aborda a cosmologia chinesa como base do pensamento e da vida cotidiana, com refer\u00eancias a tradi\u00e7\u00f5es filos\u00f3ficas, como Conf\u00facio e M\u00eancio, al\u00e9m de conceitos como Dao (o caminho) e Yin-Yang, ligados \u00e0 no\u00e7\u00e3o de harmonia que orienta rela\u00e7\u00f5es e pr\u00e1ticas sociais. Em seguida, o caf\u00e9 surge como s\u00edmbolo contempor\u00e2neo de status e cosmopolitismo, assim, Camila utiliza sobreposi\u00e7\u00f5es visuais para conectar passado e presente, apresentando o caf\u00e9 sobre refer\u00eancias \u00e0 porcelana da Dinastia Ming. O gesto sugere um movimento inverso ao hist\u00f3rico: se antes a China exportava seus s\u00edmbolos, hoje absorve e ressignifica influ\u00eancias globais. Por fim, a artista aborda as transforma\u00e7\u00f5es recentes do pa\u00eds, destacando seu papel na inova\u00e7\u00e3o tecnol\u00f3gica e apresentando o gr\u00e3o brasileiro como elemento inserido nessas din\u00e2micas, associado a novas formas de consumo, log\u00edstica e vida urbana.<\/p>\n<p>\u00a0<\/p>\n<p>Essa perspectiva ganha forma em obras de forte impacto visual, como o drag\u00e3o de quatro metros de comprimento que ocupar\u00e1 o espa\u00e7o expositivo. S\u00edmbolo de ascens\u00e3o e prosperidade na cultura chinesa, a pe\u00e7a se inspira nas pipas tridimensionais de\u00a0<em>Weifang\u00a0<\/em>e se destaca pelo uso de materiais inusitados, como mexedores de bambu e copos de papel, estruturados a partir de t\u00e9cnicas construtivas tradicionais.<\/p>\n<p>\u00a0<\/p>\n<p>A dimens\u00e3o sensorial da mostra se destaca na escultura Sopro, que utiliza cerca de 65 quilos de gr\u00e3os de caf\u00e9 torrado em uma estrutura circular de lat\u00e3o dourado. A pe\u00e7a associa o caf\u00e9 \u00e0 ideia de riqueza e envolve o visitante por meio do aroma, refor\u00e7ando a conex\u00e3o entre o porto de Santos e o mercado chin\u00eas. No ateli\u00ea, Camila desenvolveu tintas a partir de caf\u00e9 e ch\u00e1 verde, utilizando pigmentos naturais. Aplicadas sobre algod\u00e3o cru, as obras exploram o conceito de Yin-Yang e evidenciam a conviv\u00eancia entre o ch\u00e1, milenar, e o caf\u00e9, contempor\u00e2neo. Outro destaque s\u00e3o os suportes de madeira revestidos com caulim, mineral base da porcelana, trabalhados at\u00e9 remeter \u00e0s cer\u00e2micas da Dinastia Ming, aproximando refer\u00eancias brasileiras e chinesas. O uso do ouro refor\u00e7a o caf\u00e9 como s\u00edmbolo de riqueza e status. Em diferentes obras, o material aparece tanto na valoriza\u00e7\u00e3o do gr\u00e3o quanto em instala\u00e7\u00f5es que remetem \u00e0s din\u00e2micas urbanas e tecnol\u00f3gicas das metr\u00f3poles chinesas. &#8220;O caf\u00e9 na China hoje \u00e9 um s\u00edmbolo de transforma\u00e7\u00e3o e prest\u00edgio. Quis utilizar esse material precioso para evidenciar como a bebida \u00e9 percebida por l\u00e1&#8221;, pontua a artista.<br \/>&#13;<br \/>\n\u00a0<\/p>\n<p>\u00a0<\/p>\n<p><strong>Museu do Caf\u00e9<\/strong><\/p>\n<p>Rua XV de Novembro, 95 \u2013 Centro Hist\u00f3rico \u2013 Santos\/SP<br \/>&#13;<br \/>\n<u><span class=\"__cf_email__\" data-cfemail=\"44272b2a3025302b042931372131202b272522216a2b36236a2636\">[email\u00a0protected]<\/span><\/u>\u00a0<\/p>\n<p>Funcionamento: De segunda a s\u00e1bado, das 9h \u00e0s 18h, e domingo, das 10h \u00e0s 18h (fechamento da bilheteria \u00e0s 17h).\u00a0<\/p>\n<p>R$ 16 e meia-entrada para estudantes e pessoas acima de 60 anos<\/p>\n<p>Gr\u00e1tis aos s\u00e1bados e, todos os dias, para as crian\u00e7as at\u00e9 7 anos<\/p>\n<p><u>www.museudocafe.org.br<\/u><\/p>\n<\/p><\/div>\n<p><script async defer crossorigin=\"anonymous\" src=\"https:\/\/connect.facebook.net\/pt_BR\/sdk.js#xfbml=1&#038;version=v12.0&#038;appId=&#038;autoLogAppEvents=1\" nonce=\"ou0fI1lo\"><\/script><br \/>\n<br \/><br \/>\n<br \/>Fonte: <a href=\"https:\/\/www.bs9.com.br\/litoral\/nova-exposicao-do-museu-do-cafe-mostra-cafe-brasileiro-como-simbolo-de\/38546\/\">BS9<\/a><\/p>\n","protected":false},"excerpt":{"rendered":"<p>A partir de 24 de abril, o Museu do Caf\u00e9 (MC) \u2014 institui\u00e7\u00e3o da Secretaria da Cultura, Economia e Ind\u00fastria Criativas do Estado de S\u00e3o Paulo \u2014 recebe a mostra tempor\u00e1ria\u00a0Ouro Negro e o Drag\u00e3o, da artista pl\u00e1stica Camila Arruda. Com 15 obras in\u00e9ditas, a exposi\u00e7\u00e3o resulta da investiga\u00e7\u00e3o da autora sobre o crescimento da [&hellip;]<\/p>\n","protected":false},"author":5,"featured_media":70005,"comment_status":"open","ping_status":"open","sticky":false,"template":"","format":"standard","meta":{"_seopress_robots_primary_cat":"","_seopress_titles_title":"","_seopress_titles_desc":"","_seopress_robots_index":"","footnotes":""},"categories":[52],"tags":[],"class_list":["post-70004","post","type-post","status-publish","format-standard","has-post-thumbnail","hentry","category-santoseregiao"],"_links":{"self":[{"href":"https:\/\/mussicom.com\/noticias\/wp-json\/wp\/v2\/posts\/70004","targetHints":{"allow":["GET"]}}],"collection":[{"href":"https:\/\/mussicom.com\/noticias\/wp-json\/wp\/v2\/posts"}],"about":[{"href":"https:\/\/mussicom.com\/noticias\/wp-json\/wp\/v2\/types\/post"}],"author":[{"embeddable":true,"href":"https:\/\/mussicom.com\/noticias\/wp-json\/wp\/v2\/users\/5"}],"replies":[{"embeddable":true,"href":"https:\/\/mussicom.com\/noticias\/wp-json\/wp\/v2\/comments?post=70004"}],"version-history":[{"count":0,"href":"https:\/\/mussicom.com\/noticias\/wp-json\/wp\/v2\/posts\/70004\/revisions"}],"wp:featuredmedia":[{"embeddable":true,"href":"https:\/\/mussicom.com\/noticias\/wp-json\/wp\/v2\/media\/70005"}],"wp:attachment":[{"href":"https:\/\/mussicom.com\/noticias\/wp-json\/wp\/v2\/media?parent=70004"}],"wp:term":[{"taxonomy":"category","embeddable":true,"href":"https:\/\/mussicom.com\/noticias\/wp-json\/wp\/v2\/categories?post=70004"},{"taxonomy":"post_tag","embeddable":true,"href":"https:\/\/mussicom.com\/noticias\/wp-json\/wp\/v2\/tags?post=70004"}],"curies":[{"name":"wp","href":"https:\/\/api.w.org\/{rel}","templated":true}]}}