{"id":69905,"date":"2026-03-28T00:46:26","date_gmt":"2026-03-28T03:46:26","guid":{"rendered":"https:\/\/mussicom.com\/governo-exonera-favaro-para-votar-contra-texto-da-cpmi-do-inss\/"},"modified":"2026-03-28T00:46:26","modified_gmt":"2026-03-28T03:46:26","slug":"governo-exonera-favaro-para-votar-contra-texto-da-cpmi-do-inss","status":"publish","type":"post","link":"https:\/\/mussicom.com\/noticias\/governo-exonera-favaro-para-votar-contra-texto-da-cpmi-do-inss\/","title":{"rendered":"Governo exonera F\u00e1varo para votar contra texto da CPMI do INSS"},"content":{"rendered":"<p> <br \/>\n<\/p>\n<div id=\"tp-post-content\">\n<p class=\"postParagraph_post-paragraph__juWZN postParagraph_post-paragraph-innerHtml__Q5vwc\">O governo federal exonerou nesta sexta-feira (27) o ministro da Agricultura e Pecu\u00e1ria, Carlos Favaro (PSD-MT), para que retome seu cargo de senador. A decis\u00e3o foi publicada em edi\u00e7\u00e3o extra do Di\u00e1rio Oficial da Uni\u00e3o (DOU) publicada nesta sexta-feira.<\/p>\n<p class=\"postParagraph_post-paragraph__juWZN postParagraph_post-paragraph-innerHtml__Q5vwc\">A decis\u00e3o pegou de surpresa a suplente, senadora Margareth Buzetti (PP-MT), que tinha planos de votar o relat\u00f3rio da CPMI do INSS. Ela falou sobre a decis\u00e3o do governo no microfone, durante a sess\u00e3o da colegiado que lia o relat\u00f3rio final, e lamentou a pressa do governo para garantir mais um voto.<\/p>\n<div class=\"postViewMore_post-view-more-container___5wai\" data-mrf-recirculation=\"Post - Veja tamb\u00e9m\">\n<p class=\"gp-styles-module-size-small-afeYRa gp-styles-module-font-family2-afeYRa gp-styles-module-color-secondary-afeYRa gp-styles-module-weight-bold-afeYRa\">VEJA TAMB\u00c9M:<\/p>\n<ul class=\"postViewMore_post-view-more-list__CU_CE\">\n<li class=\"postViewMore_post-view-more-item__2MzRb\"><span class=\"postViewMore_post-view-more-link-icon___stPC\"><svg xmlns=\"http:\/\/www.w3.org\/2000\/svg\" width=\"16\" height=\"16\" viewbox=\"0 0 16 16\"><rect width=\"16\" height=\"16\" fill=\"none\"\/><g transform=\"translate(3 3)\"><path d=\"M22.5,15l3.4,3.4-3.4,3.4\" transform=\"translate(-15.896 -11.793)\" fill=\"none\" stroke=\"#717171\" stroke-linecap=\"round\" stroke-width=\"1.4\"\/><path d=\"M6,6v4.2a2.452,2.452,0,0,0,2.5,2.4H16\" transform=\"translate(-6 -6)\" fill=\"none\" stroke=\"#717171\" stroke-linecap=\"round\" stroke-width=\"1.4\"\/><\/g><\/svg><\/span><span class=\"postViewMore_post-view-more-link-text__hO_kM\">F\u00e1varo critica Selic em 15% e diz que inviabiliza plano Safra<\/span><\/li>\n<li class=\"postViewMore_post-view-more-item__2MzRb\"><span class=\"postViewMore_post-view-more-link-icon___stPC\"><svg xmlns=\"http:\/\/www.w3.org\/2000\/svg\" width=\"16\" height=\"16\" viewbox=\"0 0 16 16\"><rect width=\"16\" height=\"16\" fill=\"none\"\/><g transform=\"translate(3 3)\"><path d=\"M22.5,15l3.4,3.4-3.4,3.4\" transform=\"translate(-15.896 -11.793)\" fill=\"none\" stroke=\"#717171\" stroke-linecap=\"round\" stroke-width=\"1.4\"\/><path d=\"M6,6v4.2a2.452,2.452,0,0,0,2.5,2.4H16\" transform=\"translate(-6 -6)\" fill=\"none\" stroke=\"#717171\" stroke-linecap=\"round\" stroke-width=\"1.4\"\/><\/g><\/svg><\/span><span class=\"postViewMore_post-view-more-link-text__hO_kM\">F\u00e1varo diz que Brasil ser\u00e1 livre de gripe avi\u00e1ria<\/span><\/li>\n<\/ul>\n<\/div>\n<p class=\"postParagraph_post-paragraph__juWZN postParagraph_post-paragraph-innerHtml__Q5vwc\">&#8220;O que eu tenho para dizer \u00e9 que o governo deve estar com medo, com muito medo deste relat\u00f3rio, dign\u00edssimo relator, que est\u00e1 sendo com requinte de detalhes. Saio de cabe\u00e7a erguida. Se o Lulinha tem algo a se explicar que ele venha se explicar, mas n\u00e3o ficar escondido atr\u00e1s do papai&#8221;, disse a senadora.<\/p>\n<p class=\"postParagraph_post-paragraph__juWZN postParagraph_post-paragraph-innerHtml__Q5vwc\">O relat\u00f3rio da CPMI do INSS cont\u00e9m 4,3 mil p\u00e1ginas e \u00e9 lido na \u00edntegra pelo relator, deputado Alfredo Gaspar (Uni\u00e3o-AL), desde a manh\u00e3. Gaspar pontuou que altos escal\u00f5es \u201cencobriam assalto a aposentados\u201d.<\/p>\n<p class=\"postParagraph_post-paragraph__juWZN postParagraph_post-paragraph-innerHtml__Q5vwc\">O filho do presidente\u00a0Luiz In\u00e1cio Lula da Silva\u00a0(PT), F\u00e1bio Lu\u00eds Lula da Silva, o Lulinha; o ex-ministro da Previd\u00eancia Social do governo do petista Carlos Lupi; e o senador Weverton Rocha (PDT-MA), vice-l\u00edder do governo no Senado, s\u00e3o tr\u00eas dos principais nomes entre as 218 pessoas que a CPMI do INSS pediu o indiciamento.<\/p>\n<p class=\"postParagraph_post-paragraph__juWZN postParagraph_post-paragraph-innerHtml__Q5vwc\">A equipe de defesa de Lulinha disse que recebeu com &#8220;indigna\u00e7\u00e3o&#8221; o arrolamento do seu nome nas investiga\u00e7\u00f5es do colegiado, atribuindo o indiciamento ao &#8220;car\u00e1ter eleitoral&#8221; da CPMI.<\/p>\n<p class=\"postParagraph_post-paragraph__juWZN postParagraph_post-paragraph-innerHtml__Q5vwc\">A leitura do relat\u00f3rio dura o dia todo\u00a0pode se estender para uma sess\u00e3o extra da CPMI no s\u00e1bado\u00a0(28). Na v\u00e9spera, o Supremo Tribunal Federal (STF) negou a\u00a0prorroga\u00e7\u00e3o por 8 votos a 2, decidida na v\u00e9spera\u00a0contra a liminar deferida pelo ministro Andr\u00e9 Mendon\u00e7a no come\u00e7o da semana, que estenderia os trabalhos de investiga\u00e7\u00e3o por mais 60 dias.<\/p>\n<p class=\"postParagraph_post-paragraph__juWZN postParagraph_post-paragraph-innerHtml__Q5vwc\">F\u00e1varo j\u00e1 foi exonerado outras tr\u00eas vezes desde 2023, sempre para votar em pautas favor\u00e1veis ao governo no Senado. Em novembro de 2023 F\u00e1varo foi exonerado para votar o PL das apostas esportivas. Em dezembro de 2024, ele foi novamente exonerado para votar o or\u00e7amento de 2025. Mais uma vez no final de 2025, foi exonerado para indicar emendas para o or\u00e7amento de 2026. Em todas as ocasi\u00f5es, F\u00e1varo voltou ao cargo logo depois.<\/p>\n<\/div>\n<p><br \/>\n<br \/>Fonte: <a href=\"https:\/\/www.gazetadopovo.com.br\/republica\/governo-exonera-favaro-para-votar-contra-relatorio-da-cpmi-do-inss\/\">Revista Oeste<\/a><\/p>\n","protected":false},"excerpt":{"rendered":"<p>O governo federal exonerou nesta sexta-feira (27) o ministro da Agricultura e Pecu\u00e1ria, Carlos Favaro (PSD-MT), para que retome seu cargo de senador. A decis\u00e3o foi publicada em edi\u00e7\u00e3o extra do Di\u00e1rio Oficial da Uni\u00e3o (DOU) publicada nesta sexta-feira. A decis\u00e3o pegou de surpresa a suplente, senadora Margareth Buzetti (PP-MT), que tinha planos de votar [&hellip;]<\/p>\n","protected":false},"author":5,"featured_media":22631,"comment_status":"open","ping_status":"open","sticky":false,"template":"","format":"standard","meta":{"_seopress_robots_primary_cat":"","_seopress_titles_title":"","_seopress_titles_desc":"","_seopress_robots_index":"","footnotes":""},"categories":[1],"tags":[],"class_list":["post-69905","post","type-post","status-publish","format-standard","has-post-thumbnail","hentry","category-ultimas-noticias"],"_links":{"self":[{"href":"https:\/\/mussicom.com\/noticias\/wp-json\/wp\/v2\/posts\/69905","targetHints":{"allow":["GET"]}}],"collection":[{"href":"https:\/\/mussicom.com\/noticias\/wp-json\/wp\/v2\/posts"}],"about":[{"href":"https:\/\/mussicom.com\/noticias\/wp-json\/wp\/v2\/types\/post"}],"author":[{"embeddable":true,"href":"https:\/\/mussicom.com\/noticias\/wp-json\/wp\/v2\/users\/5"}],"replies":[{"embeddable":true,"href":"https:\/\/mussicom.com\/noticias\/wp-json\/wp\/v2\/comments?post=69905"}],"version-history":[{"count":0,"href":"https:\/\/mussicom.com\/noticias\/wp-json\/wp\/v2\/posts\/69905\/revisions"}],"wp:featuredmedia":[{"embeddable":true,"href":"https:\/\/mussicom.com\/noticias\/wp-json\/wp\/v2\/media\/22631"}],"wp:attachment":[{"href":"https:\/\/mussicom.com\/noticias\/wp-json\/wp\/v2\/media?parent=69905"}],"wp:term":[{"taxonomy":"category","embeddable":true,"href":"https:\/\/mussicom.com\/noticias\/wp-json\/wp\/v2\/categories?post=69905"},{"taxonomy":"post_tag","embeddable":true,"href":"https:\/\/mussicom.com\/noticias\/wp-json\/wp\/v2\/tags?post=69905"}],"curies":[{"name":"wp","href":"https:\/\/api.w.org\/{rel}","templated":true}]}}