{"id":69734,"date":"2026-03-27T10:32:24","date_gmt":"2026-03-27T13:32:24","guid":{"rendered":"https:\/\/mussicom.com\/final-da-cpmi-e-dia-da-verdade-e-pode-se-estender-para-sabado\/"},"modified":"2026-03-27T10:32:24","modified_gmt":"2026-03-27T13:32:24","slug":"final-da-cpmi-e-dia-da-verdade-e-pode-se-estender-para-sabado","status":"publish","type":"post","link":"https:\/\/mussicom.com\/noticias\/final-da-cpmi-e-dia-da-verdade-e-pode-se-estender-para-sabado\/","title":{"rendered":"final da CPMI \u00e9 \u201cdia da verdade\u201d e pode se estender para s\u00e1bado"},"content":{"rendered":"<p> <br \/>\n<\/p>\n<div id=\"tp-post-content\">\n<p class=\"postParagraph_post-paragraph__juWZN postParagraph_post-paragraph-innerHtml__Q5vwc\">O presidente da CPMI do INSS, senador Carlos Viana (Podemos-MG), afirmou nesta sexta (27) que este pen\u00faltimo dia de trabalhos do colegiado \u00e9 o \u201cdia da verdade\u201d, j\u00e1 que o Supremo Tribunal Federal (STF) derrubou, por 8 votos a 2, a liminar do ministro Andr\u00e9 Mendon\u00e7a que estenderia a apura\u00e7\u00e3o parlamentar por mais 60 dias. Com isso, a comiss\u00e3o ter\u00e1 que apresentar o relat\u00f3rio final at\u00e9 s\u00e1bado (28).<\/p>\n<p class=\"postParagraph_post-paragraph__juWZN postParagraph_post-paragraph-innerHtml__Q5vwc\">Inclusive, Viana sinalizou a possibilidade de que, dependendo da dura\u00e7\u00e3o da sess\u00e3o do dia, uma nova reuni\u00e3o da CPMI pode ser marcada para o dia seguinte. Ele garantiu que o relat\u00f3rio ser\u00e1 lido na \u00edntegra, incluindo eventuais destaques apresentados pelos parlamentares e o debate de deputados e senadores sobre as apura\u00e7\u00f5es \u2013 que ele prev\u00ea levar em torno de cinco horas.<\/p>\n<p class=\"postParagraph_post-paragraph__juWZN postParagraph_post-paragraph-innerHtml__Q5vwc\">\u201cO mais importante \u00e9 que essa comiss\u00e3o consiga votar um relat\u00f3rio e entregar ao pa\u00eds uma investiga\u00e7\u00e3o completa. Pelo que j\u00e1 percebi e j\u00e1 conversamos, pelo menos 60% do relat\u00f3rio tem pontos em comum. Ou seja, a parte t\u00e9cnica da investiga\u00e7\u00e3o est\u00e1 em acordo em boa parte\u201d, afirmou em rela\u00e7\u00e3o a uma conversa que teve com l\u00edderes partid\u00e1rios tanto da base governista como da oposi\u00e7\u00e3o.<\/p>\n<div class=\"postViewMore_post-view-more-container___5wai\" data-mrf-recirculation=\"Post - Veja tamb\u00e9m\">\n<p class=\"gp-styles-module-size-small-afeYRa gp-styles-module-font-family2-afeYRa gp-styles-module-color-secondary-afeYRa gp-styles-module-weight-bold-afeYRa\">VEJA TAMB\u00c9M:<\/p>\n<ul class=\"postViewMore_post-view-more-list__CU_CE\">\n<li class=\"postViewMore_post-view-more-item__2MzRb\">\n<div class=\"postViewMore_post-view-more-image__5gUSe\"><picture class=\"imageDefault_image-container__XGd8_\"><\/picture><\/div>\n<p>AO VIVO: CPMI do INSS entra na reta final ap\u00f3s STF rejeitar prorroga\u00e7\u00e3o<\/li>\n<\/ul>\n<\/div>\n<p class=\"postParagraph_post-paragraph__juWZN postParagraph_post-paragraph-innerHtml__Q5vwc\">Segundo Viana, h\u00e1 uma diverg\u00eancia na quest\u00e3o dos indiciamentos. No come\u00e7o da semana, em uma fala a jornalistas, o relator da comiss\u00e3o, Alfredo Gaspar (Uni\u00e3o-AL), sinalizou que pelo menos 228 pessoas ser\u00e3o indiciadas, mas sem citar o presidente Luiz In\u00e1cio Lula da Silva (PT) ou o ex-presidente Jair Bolsonaro (PL), j\u00e1 que os roubos a aposentados e pensionistas ocorreu durante os dois governos.<\/p>\n<p class=\"postParagraph_post-paragraph__juWZN postParagraph_post-paragraph-innerHtml__Q5vwc\">Ele ainda citou que o documento ter\u00e1 cerca de 5 mil p\u00e1ginas e revelar\u00e1 um esquema de at\u00e9 R$ 40 bilh\u00f5es em irregularidades. &#8220;Pra mim pouco importa se foi de governo A governo B, C, D. O nosso papel aqui \u00e9 corrigir uma d\u00edvida hist\u00f3rica da Previd\u00eancia Social para com o povo brasileiro&#8221;, pontuou.<\/p>\n<p class=\"postParagraph_post-paragraph__juWZN postParagraph_post-paragraph-innerHtml__Q5vwc\">Em meio \u00e0s primeiras discuss\u00f5es da sess\u00e3o, parlamentares da oposi\u00e7\u00e3o criticaram a decis\u00e3o do STF de n\u00e3o prolongar os trabalhos da CPMI e acusaram o governo de blindar as investiga\u00e7\u00f5es, citando casos como o do filho de Lula, Lu\u00eds Cl\u00e1udio \u2013 conhecido como Lulinha \u2013, a pris\u00e3o do ex-presidente do INSS, Alessandro Stefanutto, entre outros.<\/p>\n<p class=\"postParagraph_post-paragraph__juWZN postParagraph_post-paragraph-innerHtml__Q5vwc\">Por outro lado, parlamentares da base governista tentaram colar a fraude do INSS ao governo Bolsonaro, de que as autoriza\u00e7\u00f5es para as entidades associativas foram dadas em sua gest\u00e3o. O deputado federal Paulo Pimenta (PT-RS) ainda tentou ligar o esquema com as apura\u00e7\u00f5es envolvendo o banqueiro Daniel Vorcaro, do liquidado Banco Master, com o financiamento de campanhas do ex-presidente e de aliados.<\/p>\n<p class=\"postParagraph_post-paragraph__juWZN postParagraph_post-paragraph-innerHtml__Q5vwc\">&#8220;Que tipo de prova\u00e7\u00e3o n\u00f3s tivemos aqui, blindagens sucessivas? Os Tr\u00eas Poderes da Rep\u00fablica conspirando pra acabar prematuramente com uma CPMI exitosa, de sucesso, que a partir do momento que se iniciou colocou 14 pessoas na pris\u00e3o, peixe grande, que estava chegando no topo&#8221;, disparou o senador oposicionista Eduardo Gir\u00e3o (Novo-CE).<\/p>\n<p class=\"postParagraph_post-paragraph__juWZN postParagraph_post-paragraph-innerHtml__Q5vwc\">O senador ainda rebateu a base governista afirmando que o PT blindou Lulinha, o Frei Chico (irm\u00e3o de Lula e dirigente de uma das entidades investigadas) e banqueiros. A fala foi emendada pelo deputado S\u00f3stenes Cavalcante (PL-RJ), que acusou o STF de agir em conluio com o PT para derrubar a prorroga\u00e7\u00e3o da CPMI.<\/p>\n<p class=\"postParagraph_post-paragraph__juWZN postParagraph_post-paragraph-innerHtml__Q5vwc\">&#8220;O Brasil j\u00e1 sabe a verdade. Pesquisas publicadas nestes \u00faltimos dias, o Brasil sabe que membros da Suprema Corte e do governo participaram do maior esquema de assalto a velhinhos e \u00f3rf\u00e3os. N\u00e3o adianta criarem narrativas de que o governo Bolsonaro fez um esquema de corrup\u00e7\u00e3o para favorecer seus advers\u00e1rios, para Lulinha e irm\u00e3o do Lula&#8221;, ironizou Gustavo Gayer (PL-GO).<\/p>\n<p class=\"postParagraph_post-paragraph__juWZN postParagraph_post-paragraph-innerHtml__Q5vwc\"><em>Mais informa\u00e7\u00f5es em instantes.<\/em><\/p>\n<\/div>\n<p><br \/>\n<br \/>Fonte: <a href=\"https:\/\/www.gazetadopovo.com.br\/republica\/viana-final-cpmi-dia-da-verdade-pode-se-estender-para-sabado\/\">Revista Oeste<\/a><\/p>\n","protected":false},"excerpt":{"rendered":"<p>O presidente da CPMI do INSS, senador Carlos Viana (Podemos-MG), afirmou nesta sexta (27) que este pen\u00faltimo dia de trabalhos do colegiado \u00e9 o \u201cdia da verdade\u201d, j\u00e1 que o Supremo Tribunal Federal (STF) derrubou, por 8 votos a 2, a liminar do ministro Andr\u00e9 Mendon\u00e7a que estenderia a apura\u00e7\u00e3o parlamentar por mais 60 dias. [&hellip;]<\/p>\n","protected":false},"author":5,"featured_media":69735,"comment_status":"open","ping_status":"open","sticky":false,"template":"","format":"standard","meta":{"_seopress_robots_primary_cat":"","_seopress_titles_title":"","_seopress_titles_desc":"","_seopress_robots_index":"","footnotes":""},"categories":[1],"tags":[],"class_list":["post-69734","post","type-post","status-publish","format-standard","has-post-thumbnail","hentry","category-ultimas-noticias"],"_links":{"self":[{"href":"https:\/\/mussicom.com\/noticias\/wp-json\/wp\/v2\/posts\/69734","targetHints":{"allow":["GET"]}}],"collection":[{"href":"https:\/\/mussicom.com\/noticias\/wp-json\/wp\/v2\/posts"}],"about":[{"href":"https:\/\/mussicom.com\/noticias\/wp-json\/wp\/v2\/types\/post"}],"author":[{"embeddable":true,"href":"https:\/\/mussicom.com\/noticias\/wp-json\/wp\/v2\/users\/5"}],"replies":[{"embeddable":true,"href":"https:\/\/mussicom.com\/noticias\/wp-json\/wp\/v2\/comments?post=69734"}],"version-history":[{"count":0,"href":"https:\/\/mussicom.com\/noticias\/wp-json\/wp\/v2\/posts\/69734\/revisions"}],"wp:featuredmedia":[{"embeddable":true,"href":"https:\/\/mussicom.com\/noticias\/wp-json\/wp\/v2\/media\/69735"}],"wp:attachment":[{"href":"https:\/\/mussicom.com\/noticias\/wp-json\/wp\/v2\/media?parent=69734"}],"wp:term":[{"taxonomy":"category","embeddable":true,"href":"https:\/\/mussicom.com\/noticias\/wp-json\/wp\/v2\/categories?post=69734"},{"taxonomy":"post_tag","embeddable":true,"href":"https:\/\/mussicom.com\/noticias\/wp-json\/wp\/v2\/tags?post=69734"}],"curies":[{"name":"wp","href":"https:\/\/api.w.org\/{rel}","templated":true}]}}