{"id":69687,"date":"2026-03-27T02:28:16","date_gmt":"2026-03-27T05:28:16","guid":{"rendered":"https:\/\/mussicom.com\/trump-diz-que-maduro-sera-alvo-de-novos-processos-nos-eua\/"},"modified":"2026-03-27T02:28:16","modified_gmt":"2026-03-27T05:28:16","slug":"trump-diz-que-maduro-sera-alvo-de-novos-processos-nos-eua","status":"publish","type":"post","link":"https:\/\/mussicom.com\/noticias\/trump-diz-que-maduro-sera-alvo-de-novos-processos-nos-eua\/","title":{"rendered":"Trump diz que Maduro ser\u00e1 alvo de novos processos nos EUA"},"content":{"rendered":"<p> <br \/>\n<\/p>\n<div id=\"tp-post-content\">\n<p class=\"postParagraph_post-paragraph__juWZN postParagraph_post-paragraph-innerHtml__Q5vwc\">O presidente dos EUA, Donald Trump, afirmou antes de uma reuni\u00e3o de gabinete na Casa Branca nesta quinta-feira (26) que o ex-ditador Nicol\u00e1s Maduro deve enfrentar novos processos nos EUA em meio ao julgamento atual por narcotr\u00e1fico.<\/p>\n<p class=\"postParagraph_post-paragraph__juWZN postParagraph_post-paragraph-innerHtml__Q5vwc\">O ex-l\u00edder chavista e sua esposa, Cilia Flores, enfrentam sua segunda audi\u00eancia no Tribunal do Distrito Sul de Nova York neste in\u00edcio de tarde. Os dois chegaram \u00e0 corte por volta das 5h do hor\u00e1rio de Bras\u00edlia e o juiz Alvin Hellerstein j\u00e1 deu in\u00edcio \u00e0 sess\u00e3o.<\/p>\n<p class=\"postParagraph_post-paragraph__juWZN postParagraph_post-paragraph-innerHtml__Q5vwc\">Trump exaltou a a\u00e7\u00e3o de captura do ditador em 3 de janeiro, descrevendo-a como &#8220;uma grande opera\u00e7\u00e3o militar&#8221;. Maduro foi transferido de Caracas a Nova York, onde enfrenta quatro acusa\u00e7\u00f5es por crimes graves: tr\u00eas de conspira\u00e7\u00e3o para cometer narcoterrorismo, importa\u00e7\u00e3o de coca\u00edna e posse de metralhadoras e dispositivos explosivos; e uma quarta acusa\u00e7\u00e3o de posse dessas armas.<\/p>\n<p class=\"postParagraph_post-paragraph__juWZN postParagraph_post-paragraph-innerHtml__Q5vwc\">Na Casa Branca, o l\u00edder republicano argumentou que haver\u00e1 outros julgamentos contra o venezuelano, &#8220;porque eles o processaram por uma fra\u00e7\u00e3o das coisas que fez\u201d. O presidente americano disse que Maduro &#8220;matou muita gente&#8221; e &#8220;esvaziou suas pris\u00f5es em nosso pa\u00eds&#8221;.<\/p>\n<p class=\"postParagraph_post-paragraph__juWZN postParagraph_post-paragraph-innerHtml__Q5vwc\">O Partido Socialista Unido da Venezuela, do qual Maduro faz parte, organizou uma manifesta\u00e7\u00e3o na Pra\u00e7a Bol\u00edvar, em Caracas, nesta quinta-feira, em protesto ao julgamento do ditador deposto.<\/p>\n<\/div>\n<p><br \/>\n<br \/>Fonte: <a href=\"https:\/\/www.gazetadopovo.com.br\/mundo\/antes-de-audiencia-trump-diz-que-maduro-sera-alvo-de-novos-processos-nos-eua\/\">Revista Oeste<\/a><\/p>\n","protected":false},"excerpt":{"rendered":"<p>O presidente dos EUA, Donald Trump, afirmou antes de uma reuni\u00e3o de gabinete na Casa Branca nesta quinta-feira (26) que o ex-ditador Nicol\u00e1s Maduro deve enfrentar novos processos nos EUA em meio ao julgamento atual por narcotr\u00e1fico. O ex-l\u00edder chavista e sua esposa, Cilia Flores, enfrentam sua segunda audi\u00eancia no Tribunal do Distrito Sul de [&hellip;]<\/p>\n","protected":false},"author":5,"featured_media":69688,"comment_status":"open","ping_status":"open","sticky":false,"template":"","format":"standard","meta":{"_seopress_robots_primary_cat":"","_seopress_titles_title":"","_seopress_titles_desc":"","_seopress_robots_index":"","footnotes":""},"categories":[48],"tags":[],"class_list":["post-69687","post","type-post","status-publish","format-standard","has-post-thumbnail","hentry","category-internacional"],"_links":{"self":[{"href":"https:\/\/mussicom.com\/noticias\/wp-json\/wp\/v2\/posts\/69687","targetHints":{"allow":["GET"]}}],"collection":[{"href":"https:\/\/mussicom.com\/noticias\/wp-json\/wp\/v2\/posts"}],"about":[{"href":"https:\/\/mussicom.com\/noticias\/wp-json\/wp\/v2\/types\/post"}],"author":[{"embeddable":true,"href":"https:\/\/mussicom.com\/noticias\/wp-json\/wp\/v2\/users\/5"}],"replies":[{"embeddable":true,"href":"https:\/\/mussicom.com\/noticias\/wp-json\/wp\/v2\/comments?post=69687"}],"version-history":[{"count":0,"href":"https:\/\/mussicom.com\/noticias\/wp-json\/wp\/v2\/posts\/69687\/revisions"}],"wp:featuredmedia":[{"embeddable":true,"href":"https:\/\/mussicom.com\/noticias\/wp-json\/wp\/v2\/media\/69688"}],"wp:attachment":[{"href":"https:\/\/mussicom.com\/noticias\/wp-json\/wp\/v2\/media?parent=69687"}],"wp:term":[{"taxonomy":"category","embeddable":true,"href":"https:\/\/mussicom.com\/noticias\/wp-json\/wp\/v2\/categories?post=69687"},{"taxonomy":"post_tag","embeddable":true,"href":"https:\/\/mussicom.com\/noticias\/wp-json\/wp\/v2\/tags?post=69687"}],"curies":[{"name":"wp","href":"https:\/\/api.w.org\/{rel}","templated":true}]}}