{"id":69564,"date":"2026-03-26T15:20:24","date_gmt":"2026-03-26T18:20:24","guid":{"rendered":"https:\/\/mussicom.com\/mongagua-promove-dia-d-de-vacinacao-contra-a-gripe-neste-sabado-28\/"},"modified":"2026-03-26T15:20:24","modified_gmt":"2026-03-26T18:20:24","slug":"mongagua-promove-dia-d-de-vacinacao-contra-a-gripe-neste-sabado-28","status":"publish","type":"post","link":"https:\/\/mussicom.com\/noticias\/mongagua-promove-dia-d-de-vacinacao-contra-a-gripe-neste-sabado-28\/","title":{"rendered":"Mongagu\u00e1 promove &#8216;Dia D&#8217; de Vacina\u00e7\u00e3o contra a Gripe neste s\u00e1bado (28)"},"content":{"rendered":"<p> <br \/>\n<\/p>\n<div id=\"texto\">\n<p dir=\"ltr\">Com a chegada das esta\u00e7\u00f5es mais frias, a preven\u00e7\u00e3o se torna a melhor estrat\u00e9gia para manter a sa\u00fade em dia. Por isso, a Prefeitura de Mongagu\u00e1, por meio da Secretaria Municipal de Sa\u00fade, promove neste s\u00e1bado, 28 de mar\u00e7o, o Dia D de Vacina\u00e7\u00e3o contra a Influenza (Gripe). Todas as Unidades de Sa\u00fade do munic\u00edpio estar\u00e3o abertas das 9h \u00e0s 16h para receber o p\u00fablico-alvo.<\/p>\n<p>\u00a0<\/p>\n<p dir=\"ltr\"><strong>Quem pode se vacinar agora?<\/strong><\/p>\n<p dir=\"ltr\">Nesta etapa inicial, seguindo as diretrizes do Minist\u00e9rio da Sa\u00fade, o atendimento ser\u00e1 exclusivo para:<\/p>\n<p>\u00a0<\/p>\n<ul>&#13;<\/p>\n<li dir=\"ltr\">Gestantes;<\/li>\n<p>&#13;<\/p>\n<li dir=\"ltr\">Idosos;<\/li>\n<p>&#13;<\/p>\n<li dir=\"ltr\">Crian\u00e7as (de 6 meses a menores de 6 anos).<\/li>\n<p>&#13;\n<\/ul>\n<p>\u00a0<\/p>\n<p dir=\"ltr\"><strong><u>Importante:<\/u><\/strong> N\u00e3o esque\u00e7a de levar a caderneta de vacina\u00e7\u00e3o e um documento de identifica\u00e7\u00e3o.\u00a0<\/p>\n<p>\u00a0<\/p>\n<p dir=\"ltr\"><strong>Vacina\u00e7\u00e3o continua ap\u00f3s o s\u00e1bado<\/strong><\/p>\n<p dir=\"ltr\">A vacina\u00e7\u00e3o seguir\u00e1 dispon\u00edvel a partir de segunda-feira (30), em todas as Unidades de Sa\u00fade do munic\u00edpio, para o p\u00fablico priorit\u00e1rio que n\u00e3o puder comparecer ao Dia D, conforme a disponibilidade de estoque.<\/p>\n<p>\u00a0<\/p>\n<p dir=\"ltr\"><strong>Por que a vacina \u00e9 fundamental?<\/strong><\/p>\n<p dir=\"ltr\">Muitas vezes confundida com um resfriado comum, a gripe \u00e9 uma infec\u00e7\u00e3o viral s\u00e9ria. Para os grupos priorit\u00e1rios, essa prote\u00e7\u00e3o \u00e9 indispens\u00e1vel, pois s\u00e3o os que t\u00eam maiores chances de desenvolver formas graves da doen\u00e7a. A vacina \u00e9 a ferramenta mais eficaz para reduzir interna\u00e7\u00f5es e complica\u00e7\u00f5es como a pneumonia.<\/p>\n<p>\u00a0<\/p>\n<p dir=\"ltr\">Vale ressaltar que a vacina da gripe n\u00e3o causa gripe! Ela \u00e9 composta por v\u00edrus fragmentados e inativados, o que impossibilita a transmiss\u00e3o da doen\u00e7a atrav\u00e9s da dose.\u00a0<\/p>\n<p>\u00a0<\/p>\n<p dir=\"ltr\"><strong>Os riscos e sintomas<\/strong><\/p>\n<p dir=\"ltr\">N\u00e3o se vacinar significa deixar a porta aberta para o v\u00edrus Influenza, que pode evoluir rapidamente para quadros de insufici\u00eancia respirat\u00f3ria. Fique atento aos sintomas comuns:<\/p>\n<p>\u00a0<\/p>\n<ul>&#13;<\/p>\n<li dir=\"ltr\">Febre alta e s\u00fabita;<\/li>\n<p>&#13;<\/p>\n<li dir=\"ltr\">Dor de garganta e tosse seca;<\/li>\n<p>&#13;<\/p>\n<li dir=\"ltr\">Dores musculares e nas articula\u00e7\u00f5es;<\/li>\n<p>&#13;<\/p>\n<li dir=\"ltr\">Fadiga extrema e dor de cabe\u00e7a.<\/li>\n<p>&#13;\n<\/ul>\n<p>\u00a0<\/p>\n<p dir=\"ltr\">N\u00e3o espere os sintomas aparecerem para se cuidar! Aproveite o Dia D neste s\u00e1bado (28) e garanta sua prote\u00e7\u00e3o na Unidade de Sa\u00fade mais pr\u00f3xima.<\/p>\n<p>\u00a0<\/p>\n<p dir=\"ltr\"><strong>Servi\u00e7o:<\/strong><\/p>\n<p dir=\"ltr\"><strong>Dia D de Vacina\u00e7\u00e3o contra a Influenza.<\/strong><\/p>\n<p dir=\"ltr\"><strong>Data:<\/strong> S\u00e1bado, 28 de mar\u00e7o.<\/p>\n<p dir=\"ltr\"><strong>Hor\u00e1rio:\u00a0<\/strong>Das 9h \u00e0s 16h.<\/p>\n<p dir=\"ltr\"><strong>Local:<\/strong> Todas as Unidades de Sa\u00fade de Mongagu\u00e1.<\/p>\n<p dir=\"ltr\">\u00a0<\/p>\n<\/p><\/div>\n<p><script async defer crossorigin=\"anonymous\" src=\"https:\/\/connect.facebook.net\/pt_BR\/sdk.js#xfbml=1&#038;version=v12.0&#038;appId=&#038;autoLogAppEvents=1\" nonce=\"ou0fI1lo\"><\/script><br \/>\n<br \/><br \/>\n<br \/>Fonte: <a href=\"https:\/\/www.bs9.com.br\/litoral\/mongagua-promove-dia-d-de-vacinacao-contra-a-gripe-neste-sabado-28\/38504\/\">BS9<\/a><\/p>\n","protected":false},"excerpt":{"rendered":"<p>Com a chegada das esta\u00e7\u00f5es mais frias, a preven\u00e7\u00e3o se torna a melhor estrat\u00e9gia para manter a sa\u00fade em dia. Por isso, a Prefeitura de Mongagu\u00e1, por meio da Secretaria Municipal de Sa\u00fade, promove neste s\u00e1bado, 28 de mar\u00e7o, o Dia D de Vacina\u00e7\u00e3o contra a Influenza (Gripe). Todas as Unidades de Sa\u00fade do munic\u00edpio [&hellip;]<\/p>\n","protected":false},"author":5,"featured_media":69565,"comment_status":"open","ping_status":"open","sticky":false,"template":"","format":"standard","meta":{"_seopress_robots_primary_cat":"","_seopress_titles_title":"","_seopress_titles_desc":"","_seopress_robots_index":"","footnotes":""},"categories":[52],"tags":[],"class_list":["post-69564","post","type-post","status-publish","format-standard","has-post-thumbnail","hentry","category-santoseregiao"],"_links":{"self":[{"href":"https:\/\/mussicom.com\/noticias\/wp-json\/wp\/v2\/posts\/69564","targetHints":{"allow":["GET"]}}],"collection":[{"href":"https:\/\/mussicom.com\/noticias\/wp-json\/wp\/v2\/posts"}],"about":[{"href":"https:\/\/mussicom.com\/noticias\/wp-json\/wp\/v2\/types\/post"}],"author":[{"embeddable":true,"href":"https:\/\/mussicom.com\/noticias\/wp-json\/wp\/v2\/users\/5"}],"replies":[{"embeddable":true,"href":"https:\/\/mussicom.com\/noticias\/wp-json\/wp\/v2\/comments?post=69564"}],"version-history":[{"count":0,"href":"https:\/\/mussicom.com\/noticias\/wp-json\/wp\/v2\/posts\/69564\/revisions"}],"wp:featuredmedia":[{"embeddable":true,"href":"https:\/\/mussicom.com\/noticias\/wp-json\/wp\/v2\/media\/69565"}],"wp:attachment":[{"href":"https:\/\/mussicom.com\/noticias\/wp-json\/wp\/v2\/media?parent=69564"}],"wp:term":[{"taxonomy":"category","embeddable":true,"href":"https:\/\/mussicom.com\/noticias\/wp-json\/wp\/v2\/categories?post=69564"},{"taxonomy":"post_tag","embeddable":true,"href":"https:\/\/mussicom.com\/noticias\/wp-json\/wp\/v2\/tags?post=69564"}],"curies":[{"name":"wp","href":"https:\/\/api.w.org\/{rel}","templated":true}]}}