{"id":6955,"date":"2025-03-20T19:41:36","date_gmt":"2025-03-20T22:41:36","guid":{"rendered":"https:\/\/mussicom.com\/cristo-redentor-sera-iluminado-de-roxo-para-alertas-sobre-obesidade\/"},"modified":"2025-03-20T19:41:36","modified_gmt":"2025-03-20T22:41:36","slug":"cristo-redentor-sera-iluminado-de-roxo-para-alertas-sobre-obesidade","status":"publish","type":"post","link":"https:\/\/mussicom.com\/noticias\/cristo-redentor-sera-iluminado-de-roxo-para-alertas-sobre-obesidade\/","title":{"rendered":"Cristo Redentor ser\u00e1 iluminado de roxo para alertas sobre obesidade"},"content":{"rendered":"<p> <br \/>\n<\/p>\n<div>\n<p><strong>O Monumento ao Cristo Redentor ser\u00e1 iluminado de roxo\u00a0nesta quinta-feira (20), a partir das 20h,<\/strong> em uma a\u00e7\u00e3o da Associa\u00e7\u00e3o Brasileira para o Estudo da Obesidade e da S\u00edndrome Metab\u00f3lica (Abeso). A iniciativa faz parte da campanha global <em>Mudar o Mundo pela Nossa Sa\u00fade<\/em>, que tem a finalidade de conscientizar a sociedade sobre os fatores ocultos que t\u00eam impulsionado o avan\u00e7o da obesidade.<img decoding=\"async\" src=\"https:\/\/agenciabrasil.ebc.com.br\/ebc.gif?id=1635428&amp;o=node\" style=\"width:1px; height:1px; display:inline;\"\/><\/p>\n<p>Entre os vil\u00f5es ocultos, est\u00e3o as mudan\u00e7as clim\u00e1ticas, que afetam a qualidade e a disponibilidade dos alimentos <em>in natura, <\/em>a\u00a0falta de planejamento urbano, que reduz as oportunidades de pr\u00e1tica de atividade f\u00edsica; e os ambientes escolares, que por vezes oferecem op\u00e7\u00f5es alimentares ultraprocessadas, al\u00e9m de reduzirem o n\u00famero de aulas de educa\u00e7\u00e3o f\u00edsica. <strong>Dados do IBGE apontam que apenas 27% das escolas p\u00fablicas municipais brasileiras t\u00eam\u00a0instala\u00e7\u00f5es esportivas adequadas, como campos de futebol, gin\u00e1sios, piscinas ou pistas de atletismo.<\/strong><\/p>\n<p><strong>De acordo com o Atlas Mundial da Obesidade 2025,\u00a031% da popula\u00e7\u00e3o adulta brasileira \u00e9 obesa e 68% vive com\u00a0excesso de peso. <\/strong>As proje\u00e7\u00f5es indicam que, sem medidas eficazes, o n\u00famero de adultos com \u00cdndice de Massa Corporal (IMC) elevado pode chegar a 119 milh\u00f5es\u00a0at\u00e9 2030. Al\u00e9m disso, a obesidade est\u00e1 associada a mais de 60 mil mortes prematuras por ano no Brasil, relacionadas a enfermidades como diabetes tipo 2, hipertens\u00e3o arterial e doen\u00e7as cardiovasculares.<\/p>\n<p>De acordo com o presidente da Abeso, Fabio Trujilho, n\u00e3o se pode\u00a0tratar a obesidade como uma responsabilidade apenas individual, j\u00e1 que, para ele,\u00a0fatores sist\u00eamicos e estruturais desempenham um papel crucial nesse cen\u00e1rio. Desta forma, iluminar o Cristo Redentor \u00e9 uma forma de dar visibilidade a essas quest\u00f5es.<\/p>\n<h2>Escolas<\/h2>\n<p>A campanha refor\u00e7a que o\u00a0ambiente escolar \u00e9 fundamental na forma\u00e7\u00e3o de h\u00e1bitos alimentares e de atividade f\u00edsica. Segundo o Programa Nacional de Alimenta\u00e7\u00e3o Escolar (PNAE), a merenda escolar \u00e9 projetada para fornecer entre 20% e 70% das necessidades di\u00e1rias de energia e nutrientes das crian\u00e7as, dependendo do n\u00famero de refei\u00e7\u00f5es oferecidas na escola. Entretanto, a falta de uma lei federal espec\u00edfica que pro\u00edba a oferta de refrigerantes ou alimentos ultraprocessados nas cantinas escolares ainda compromete a qualidade nutricional das refei\u00e7\u00f5es dos estudantes.<\/p>\n<p>      <!-- Relacionada --><\/p>\n<p>            <!-- Relacionada -->\n    <\/div>\n<p><br \/>\n<br \/>Fonte: <a href=\"https:\/\/agenciabrasil.ebc.com.br\/saude\/noticia\/2025-03\/cristo-redentor-sera-iluminado-de-roxo-para-alertas-sobre-obesidade\">Ag\u00eancia Brasil<\/a><\/p>\n","protected":false},"excerpt":{"rendered":"<p>O Monumento ao Cristo Redentor ser\u00e1 iluminado de roxo\u00a0nesta quinta-feira (20), a partir das 20h, em uma a\u00e7\u00e3o da Associa\u00e7\u00e3o Brasileira para o Estudo da Obesidade e da S\u00edndrome Metab\u00f3lica (Abeso). A iniciativa faz parte da campanha global Mudar o Mundo pela Nossa Sa\u00fade, que tem a finalidade de conscientizar a sociedade sobre os fatores [&hellip;]<\/p>\n","protected":false},"author":5,"featured_media":6956,"comment_status":"open","ping_status":"open","sticky":false,"template":"","format":"standard","meta":{"_seopress_robots_primary_cat":"","_seopress_titles_title":"","_seopress_titles_desc":"","_seopress_robots_index":"","footnotes":""},"categories":[46],"tags":[],"class_list":["post-6955","post","type-post","status-publish","format-standard","has-post-thumbnail","hentry","category-saude"],"_links":{"self":[{"href":"https:\/\/mussicom.com\/noticias\/wp-json\/wp\/v2\/posts\/6955","targetHints":{"allow":["GET"]}}],"collection":[{"href":"https:\/\/mussicom.com\/noticias\/wp-json\/wp\/v2\/posts"}],"about":[{"href":"https:\/\/mussicom.com\/noticias\/wp-json\/wp\/v2\/types\/post"}],"author":[{"embeddable":true,"href":"https:\/\/mussicom.com\/noticias\/wp-json\/wp\/v2\/users\/5"}],"replies":[{"embeddable":true,"href":"https:\/\/mussicom.com\/noticias\/wp-json\/wp\/v2\/comments?post=6955"}],"version-history":[{"count":0,"href":"https:\/\/mussicom.com\/noticias\/wp-json\/wp\/v2\/posts\/6955\/revisions"}],"wp:featuredmedia":[{"embeddable":true,"href":"https:\/\/mussicom.com\/noticias\/wp-json\/wp\/v2\/media\/6956"}],"wp:attachment":[{"href":"https:\/\/mussicom.com\/noticias\/wp-json\/wp\/v2\/media?parent=6955"}],"wp:term":[{"taxonomy":"category","embeddable":true,"href":"https:\/\/mussicom.com\/noticias\/wp-json\/wp\/v2\/categories?post=6955"},{"taxonomy":"post_tag","embeddable":true,"href":"https:\/\/mussicom.com\/noticias\/wp-json\/wp\/v2\/tags?post=6955"}],"curies":[{"name":"wp","href":"https:\/\/api.w.org\/{rel}","templated":true}]}}