{"id":69546,"date":"2026-03-26T14:12:16","date_gmt":"2026-03-26T17:12:16","guid":{"rendered":"https:\/\/mussicom.com\/zema-pede-para-visitar-filipe-martins-na-prisao\/"},"modified":"2026-03-26T14:12:16","modified_gmt":"2026-03-26T17:12:16","slug":"zema-pede-para-visitar-filipe-martins-na-prisao","status":"publish","type":"post","link":"https:\/\/mussicom.com\/noticias\/zema-pede-para-visitar-filipe-martins-na-prisao\/","title":{"rendered":"Zema pede para visitar Filipe Martins na pris\u00e3o"},"content":{"rendered":"<p> <br \/>\n<\/p>\n<div id=\"tp-post-content\">\n<p class=\"postParagraph_post-paragraph__juWZN postParagraph_post-paragraph-innerHtml__Q5vwc\">O ex-governador de Minas Gerais Romeu Zema (Novo) pediu para visitar o ex-assessor Filipe Martins na Casa de Cust\u00f3dia de Ponta Grossa (PR). A defesa protocolou a solicita\u00e7\u00e3o ao ministro do Supremo Tribunal Federal (STF) Alexandre de Moraes nesta quinta-feira (26). O documento n\u00e3o pede um dia espec\u00edfico para a visita.<\/p>\n<p class=\"postParagraph_post-paragraph__juWZN postParagraph_post-paragraph-innerHtml__Q5vwc\">Na peti\u00e7\u00e3o, protocolada na a\u00e7\u00e3o penal que controla a pris\u00e3o preventiva de Martins, os advogados apontam a &#8220;necessidade de di\u00e1logo direto e reservado&#8221;. \u00c0 <strong>Gazeta do Povo<\/strong>, a defesa disse que o pedido partiu do pr\u00f3prio governador e que ambos j\u00e1 se conhecem h\u00e1 tempos. N\u00e3o h\u00e1 uma pauta espec\u00edfica prevista para o encontro.<\/p>\n<p class=\"postParagraph_post-paragraph__juWZN postParagraph_post-paragraph-innerHtml__Q5vwc\">Zema renunciou recentemente para concorrer \u00e0 Presid\u00eancia da Rep\u00fablica. Seu vice, Mateus Sim\u00f5es (PSD), assumiu o cargo, fazendo com que o partido de Gilberto Kassab passasse a ter o controle de sete das 27 unidades da federa\u00e7\u00e3o.<\/p>\n<div class=\"postViewMore_post-view-more-container___5wai\" data-mrf-recirculation=\"Post - Veja tamb\u00e9m\">\n<p class=\"gp-styles-module-size-small-afeYRa gp-styles-module-font-family2-afeYRa gp-styles-module-color-secondary-afeYRa gp-styles-module-weight-bold-afeYRa\">VEJA TAMB\u00c9M:<\/p>\n<ul class=\"postViewMore_post-view-more-list__CU_CE\">\n<li class=\"postViewMore_post-view-more-item__2MzRb\"><span class=\"postViewMore_post-view-more-link-icon___stPC\"><svg xmlns=\"http:\/\/www.w3.org\/2000\/svg\" width=\"16\" height=\"16\" viewbox=\"0 0 16 16\"><rect width=\"16\" height=\"16\" fill=\"none\"\/><g transform=\"translate(3 3)\"><path d=\"M22.5,15l3.4,3.4-3.4,3.4\" transform=\"translate(-15.896 -11.793)\" fill=\"none\" stroke=\"#717171\" stroke-linecap=\"round\" stroke-width=\"1.4\"\/><path d=\"M6,6v4.2a2.452,2.452,0,0,0,2.5,2.4H16\" transform=\"translate(-6 -6)\" fill=\"none\" stroke=\"#717171\" stroke-linecap=\"round\" stroke-width=\"1.4\"\/><\/g><\/svg><\/span><span class=\"postViewMore_post-view-more-link-text__hO_kM\">Defesa de Filipe Martins pede que Moraes envie caso a Corte internacional<\/span><\/li>\n<li class=\"postViewMore_post-view-more-item__2MzRb\"><span class=\"postViewMore_post-view-more-link-icon___stPC\"><svg xmlns=\"http:\/\/www.w3.org\/2000\/svg\" width=\"16\" height=\"16\" viewbox=\"0 0 16 16\"><rect width=\"16\" height=\"16\" fill=\"none\"\/><g transform=\"translate(3 3)\"><path d=\"M22.5,15l3.4,3.4-3.4,3.4\" transform=\"translate(-15.896 -11.793)\" fill=\"none\" stroke=\"#717171\" stroke-linecap=\"round\" stroke-width=\"1.4\"\/><path d=\"M6,6v4.2a2.452,2.452,0,0,0,2.5,2.4H16\" transform=\"translate(-6 -6)\" fill=\"none\" stroke=\"#717171\" stroke-linecap=\"round\" stroke-width=\"1.4\"\/><\/g><\/svg><\/span><span class=\"postViewMore_post-view-more-link-text__hO_kM\">Zema renuncia para disputar Presid\u00eancia e Mateus Sim\u00f5es assume governo de MG<\/span><\/li>\n<\/ul>\n<\/div>\n<h2 class=\"postParagraph_post-paragraph__juWZN postParagraph_post-paragraph-innerHtml__Q5vwc postParagraph_type-tag-h2__TtFkT\">Defesa v\u00ea riscos e insiste em transfer\u00eancia de Filipe Martins<\/h2>\n<div class=\"postImage_post-content-image__2CJdu\"><picture class=\"imageDefault_image-container__XGd8_\"><source type=\"image\/webp\" srcset=\"https:\/\/media.gazetadopovo.com.br\/2026\/03\/26133323\/54973695124_84d2752133_k-2-1280x720.jpg.webp 1280w, https:\/\/media.gazetadopovo.com.br\/2026\/03\/26133323\/54973695124_84d2752133_k-2-960x540.jpg.webp 960w, https:\/\/media.gazetadopovo.com.br\/2026\/03\/26133323\/54973695124_84d2752133_k-2-660x372.jpg.webp 660w, https:\/\/media.gazetadopovo.com.br\/2026\/03\/26133323\/54973695124_84d2752133_k-2-540x458.jpg.webp 540w, https:\/\/media.gazetadopovo.com.br\/2026\/03\/26133323\/54973695124_84d2752133_k-2-380x214.jpg.webp 380w, https:\/\/media.gazetadopovo.com.br\/2026\/03\/26133323\/54973695124_84d2752133_k-2-720x720.jpg.webp 720w, https:\/\/media.gazetadopovo.com.br\/2026\/03\/26133323\/54973695124_84d2752133_k-2-540x540.jpg.webp 540w, https:\/\/media.gazetadopovo.com.br\/2026\/03\/26133323\/54973695124_84d2752133_k-2-372x372.jpg.webp 372w, https:\/\/media.gazetadopovo.com.br\/2026\/03\/26133323\/54973695124_84d2752133_k-2-214x214.jpg.webp 214w, https:\/\/media.gazetadopovo.com.br\/2026\/03\/26133323\/54973695124_84d2752133_k-2.jpg.webp 2047w\" sizes=\"(max-width: 767px) 328px, 638px\"\/><source type=\"image\/jpeg\" srcset=\"https:\/\/media.gazetadopovo.com.br\/2026\/03\/26133323\/54973695124_84d2752133_k-2-1280x720.jpg.webp 1280w, https:\/\/media.gazetadopovo.com.br\/2026\/03\/26133323\/54973695124_84d2752133_k-2-960x540.jpg.webp 960w, https:\/\/media.gazetadopovo.com.br\/2026\/03\/26133323\/54973695124_84d2752133_k-2-660x372.jpg.webp 660w, https:\/\/media.gazetadopovo.com.br\/2026\/03\/26133323\/54973695124_84d2752133_k-2-540x458.jpg.webp 540w, https:\/\/media.gazetadopovo.com.br\/2026\/03\/26133323\/54973695124_84d2752133_k-2-380x214.jpg.webp 380w, https:\/\/media.gazetadopovo.com.br\/2026\/03\/26133323\/54973695124_84d2752133_k-2-720x720.jpg.webp 720w, https:\/\/media.gazetadopovo.com.br\/2026\/03\/26133323\/54973695124_84d2752133_k-2-540x540.jpg.webp 540w, https:\/\/media.gazetadopovo.com.br\/2026\/03\/26133323\/54973695124_84d2752133_k-2-372x372.jpg.webp 372w, https:\/\/media.gazetadopovo.com.br\/2026\/03\/26133323\/54973695124_84d2752133_k-2-214x214.jpg.webp 214w, https:\/\/media.gazetadopovo.com.br\/2026\/03\/26133323\/54973695124_84d2752133_k-2.jpg.webp 2047w\" sizes=\"(max-width: 767px) 328px, 638px\"\/><\/picture><i class=\"postImage_post-image-caption__yoE82\">Advogados apresentaram recurso, mas Moraes n\u00e3o d\u00e1 sinais de que pretende recuar. <!-- --> <!-- -->(Foto: Rosinei Coutinho\/STF)<\/i><\/div>\n<p class=\"postParagraph_post-paragraph__juWZN postParagraph_post-paragraph-innerHtml__Q5vwc\">Filipe Martins est\u00e1 em um local destinado \u00e0 cust\u00f3dia tempor\u00e1ria. O estabelecimento tem capacidade para 355 presos, mas abriga cerca de 860. Chamou a aten\u00e7\u00e3o dos detentos o tratamento diferenciado dado ao ex-assessor, que conta com cela individual. Diante disso, eles amea\u00e7aram uma rebeli\u00e3o que a unidade admitiu n\u00e3o ter condi\u00e7\u00f5es de conter.<\/p>\n<p class=\"postParagraph_post-paragraph__juWZN postParagraph_post-paragraph-innerHtml__Q5vwc\">A situa\u00e7\u00e3o motivou uma transfer\u00eancia urgente para o Complexo M\u00e9dico do Paran\u00e1. A opera\u00e7\u00e3o desagradou a Moraes, que reclamou de n\u00e3o ter sido consultado e pediu explica\u00e7\u00f5es. Antes mesmo da resposta do pres\u00eddio, o ministro determinou a revers\u00e3o da transfer\u00eancia.<\/p>\n<p class=\"postParagraph_post-paragraph__juWZN postParagraph_post-paragraph-innerHtml__Q5vwc\">Apesar do aux\u00edlio da Ordem dos Advogados do Brasil (OAB) e do refor\u00e7o na seguran\u00e7a, incluindo a instala\u00e7\u00e3o de c\u00e2meras, a defesa ainda v\u00ea riscos e pede que Moraes reconsidere sua decis\u00e3o.<\/p>\n<p class=\"postParagraph_post-paragraph__juWZN postParagraph_post-paragraph-innerHtml__Q5vwc\">Filipe Martins foi condenado a 21 anos e seis meses de pris\u00e3o no \u00e2mbito do n\u00facleo 2 das a\u00e7\u00f5es sobre tentativa de golpe de Estado. A ele foi atribu\u00eddo um documento que embasaria a instaura\u00e7\u00e3o de um estado de exce\u00e7\u00e3o, que passou a ser chamado de &#8220;minuta do golpe&#8221;.<\/p>\n<p class=\"postParagraph_post-paragraph__juWZN postParagraph_post-paragraph-innerHtml__Q5vwc\">O ex-assessor voltou \u00e0 pris\u00e3o preventiva ap\u00f3s a Pol\u00edcia Federal (PF) acus\u00e1-lo de acessar a rede social LinkedIn, desobedecendo \u00e0 medida cautelar que proibia o uso de redes sociais. A defesa registrou o hist\u00f3rico de acessos \u00e0 plataforma em cart\u00f3rio para provar o contr\u00e1rio, mas Moraes manteve a pris\u00e3o.<\/p>\n<\/div>\n<p><br \/>\n<br \/>Fonte: <a href=\"https:\/\/www.gazetadopovo.com.br\/republica\/zema-pede-para-visitar-filipe-martins-na-prisao\/\">Revista Oeste<\/a><\/p>\n","protected":false},"excerpt":{"rendered":"<p>O ex-governador de Minas Gerais Romeu Zema (Novo) pediu para visitar o ex-assessor Filipe Martins na Casa de Cust\u00f3dia de Ponta Grossa (PR). A defesa protocolou a solicita\u00e7\u00e3o ao ministro do Supremo Tribunal Federal (STF) Alexandre de Moraes nesta quinta-feira (26). O documento n\u00e3o pede um dia espec\u00edfico para a visita. Na peti\u00e7\u00e3o, protocolada na [&hellip;]<\/p>\n","protected":false},"author":5,"featured_media":69547,"comment_status":"open","ping_status":"open","sticky":false,"template":"","format":"standard","meta":{"_seopress_robots_primary_cat":"","_seopress_titles_title":"","_seopress_titles_desc":"","_seopress_robots_index":"","footnotes":""},"categories":[1],"tags":[],"class_list":["post-69546","post","type-post","status-publish","format-standard","has-post-thumbnail","hentry","category-ultimas-noticias"],"_links":{"self":[{"href":"https:\/\/mussicom.com\/noticias\/wp-json\/wp\/v2\/posts\/69546","targetHints":{"allow":["GET"]}}],"collection":[{"href":"https:\/\/mussicom.com\/noticias\/wp-json\/wp\/v2\/posts"}],"about":[{"href":"https:\/\/mussicom.com\/noticias\/wp-json\/wp\/v2\/types\/post"}],"author":[{"embeddable":true,"href":"https:\/\/mussicom.com\/noticias\/wp-json\/wp\/v2\/users\/5"}],"replies":[{"embeddable":true,"href":"https:\/\/mussicom.com\/noticias\/wp-json\/wp\/v2\/comments?post=69546"}],"version-history":[{"count":0,"href":"https:\/\/mussicom.com\/noticias\/wp-json\/wp\/v2\/posts\/69546\/revisions"}],"wp:featuredmedia":[{"embeddable":true,"href":"https:\/\/mussicom.com\/noticias\/wp-json\/wp\/v2\/media\/69547"}],"wp:attachment":[{"href":"https:\/\/mussicom.com\/noticias\/wp-json\/wp\/v2\/media?parent=69546"}],"wp:term":[{"taxonomy":"category","embeddable":true,"href":"https:\/\/mussicom.com\/noticias\/wp-json\/wp\/v2\/categories?post=69546"},{"taxonomy":"post_tag","embeddable":true,"href":"https:\/\/mussicom.com\/noticias\/wp-json\/wp\/v2\/tags?post=69546"}],"curies":[{"name":"wp","href":"https:\/\/api.w.org\/{rel}","templated":true}]}}