{"id":69512,"date":"2026-03-26T10:18:16","date_gmt":"2026-03-26T13:18:16","guid":{"rendered":"https:\/\/mussicom.com\/producao-de-carne-suina-atinge-recorde\/"},"modified":"2026-03-26T10:18:16","modified_gmt":"2026-03-26T13:18:16","slug":"producao-de-carne-suina-atinge-recorde","status":"publish","type":"post","link":"https:\/\/mussicom.com\/noticias\/producao-de-carne-suina-atinge-recorde\/","title":{"rendered":"Produ\u00e7\u00e3o de carne su\u00edna atinge recorde"},"content":{"rendered":"<p> <br \/>\n<\/p>\n<div>\n<div class=\"row\">\n<div class=\"col-lg col-infos mt-0 mt-lg-0\">\n<div class=\"section-sub-title\">\n<p itemprop=\"description\">&#13;<br \/>\n                                O setor suin\u00edcola nacional atingiu um marco importante em 2025&#13;\n                            <\/p>\n<\/p><\/div>\n<div class=\"container\">\n<div class=\"row\">\n<div class=\"col-lg p-0 text-lg-end\">\n<div>\n<div id=\"mdEnviarPagina\" class=\"modal fade\" role=\"dialog\">\n<div class=\"modal-dialog\">\n<div class=\"modal-content\">\n<div class=\"modal-body\">\n<p><strong>Estimado usu\u00e1rio.<\/strong><br \/>Preencha o formul\u00e1rio abaixo para remeter a p\u00e1gina.<\/p>\n<\/p><\/div>\n<\/p><\/div>\n<\/p><\/div>\n<\/div><\/div>\n<\/p><\/div>\n<\/p><\/div>\n<\/p><\/div>\n<\/p><\/div>\n<\/p><\/div>\n<div class=\"row justify-content-md-center mt-3\">\n<div class=\"col-lg-auto col-image block-news-main-image\">\n<p>                                <br \/>\n                                                <span class=\"publicity-photo d-block mt-1\">Foto: Pixabay<\/span><\/p><\/div>\n<\/p><\/div>\n<div class=\"section-description section-description-noticias mt-3\">\n<p style=\"text-align:justify\">O setor suin\u00edcola nacional atingiu um marco importante em 2025, evidenciando resultados de investimentos e tamb\u00e9m a sua resili\u00eancia. Segundo o IBGE, a produ\u00e7\u00e3o de carne su\u00edna alcan\u00e7ou 5,65 milh\u00f5es de toneladas no ano passado, alta de 5,5% em rela\u00e7\u00e3o a 2024 e um recorde.&#13;\n<\/p>\n<p style=\"text-align:justify\">Para 2026, estimativas do Cepea indicam que a disponibilidade interna de carne su\u00edna vem aumentando desde janeiro e atingindo volumes significativos, mesmo diante de um cen\u00e1rio com demanda externa pela carne brasileira bastante aquecida. Esse fator, alavancado ainda por uma enfraquecida demanda interna, ajuda a entender os atuais baixos valores de comercializa\u00e7\u00e3o dos produtos suin\u00edcolas.&#13;\n<\/p>\n<p style=\"text-align:justify\">Para abril, o Cepea estima diminui\u00e7\u00e3o no ritmo de abates, o que pode limitar a disponibilidade interna, caso as exporta\u00e7\u00f5es se mantenham firmes. Al\u00e9m disso, o fim da Quaresma, per\u00edodo que costuma reduzir o consumo, tende a elevar a demanda, podendo resultar em uma rea\u00e7\u00e3o nos pre\u00e7os internos do animal e dos cortes.&#13;\n<\/p>\n<\/p><\/div>\n<\/p><\/div>\n<p><script data-cfasync=\"false\">\n    !function (f, b, e, v, n, t, s) {\n        if (f.fbq) return; n = f.fbq = function () {\n            n.callMethod ?\n                n.callMethod.apply(n, arguments) : n.queue.push(arguments)\n        };\n        if (!f._fbq) f._fbq = n; n.push = n; n.loaded = !0; n.version = '2.0';\n        n.queue = []; t = b.createElement(e); t.async = !0;\n        t.src = v; s = b.getElementsByTagName(e)[0];\n        s.parentNode.insertBefore(t, s)\n    }(window, document, 'script',\n        'https:\/\/connect.facebook.net\/en_US\/fbevents.js');\n    fbq('init', '522546078623747');\n    fbq('track', 'PageView');\n<\/script><br \/>\n<br \/><br \/>\n<br \/>Fonte: <a href=\"https:\/\/www.agrolink.com.br\/noticias\/producao-de-carne-suina-atinge-recorde_512452.html\">AGROLINK<\/a><\/p>\n","protected":false},"excerpt":{"rendered":"<p>&#13; O setor suin\u00edcola nacional atingiu um marco importante em 2025&#13; Estimado usu\u00e1rio.Preencha o formul\u00e1rio abaixo para remeter a p\u00e1gina. Foto: Pixabay O setor suin\u00edcola nacional atingiu um marco importante em 2025, evidenciando resultados de investimentos e tamb\u00e9m a sua resili\u00eancia. Segundo o IBGE, a produ\u00e7\u00e3o de carne su\u00edna alcan\u00e7ou 5,65 milh\u00f5es de toneladas no [&hellip;]<\/p>\n","protected":false},"author":5,"featured_media":66645,"comment_status":"open","ping_status":"open","sticky":false,"template":"","format":"standard","meta":{"_seopress_robots_primary_cat":"","_seopress_titles_title":"","_seopress_titles_desc":"","_seopress_robots_index":"","footnotes":""},"categories":[53],"tags":[],"class_list":["post-69512","post","type-post","status-publish","format-standard","has-post-thumbnail","hentry","category-agronegocio"],"_links":{"self":[{"href":"https:\/\/mussicom.com\/noticias\/wp-json\/wp\/v2\/posts\/69512","targetHints":{"allow":["GET"]}}],"collection":[{"href":"https:\/\/mussicom.com\/noticias\/wp-json\/wp\/v2\/posts"}],"about":[{"href":"https:\/\/mussicom.com\/noticias\/wp-json\/wp\/v2\/types\/post"}],"author":[{"embeddable":true,"href":"https:\/\/mussicom.com\/noticias\/wp-json\/wp\/v2\/users\/5"}],"replies":[{"embeddable":true,"href":"https:\/\/mussicom.com\/noticias\/wp-json\/wp\/v2\/comments?post=69512"}],"version-history":[{"count":0,"href":"https:\/\/mussicom.com\/noticias\/wp-json\/wp\/v2\/posts\/69512\/revisions"}],"wp:featuredmedia":[{"embeddable":true,"href":"https:\/\/mussicom.com\/noticias\/wp-json\/wp\/v2\/media\/66645"}],"wp:attachment":[{"href":"https:\/\/mussicom.com\/noticias\/wp-json\/wp\/v2\/media?parent=69512"}],"wp:term":[{"taxonomy":"category","embeddable":true,"href":"https:\/\/mussicom.com\/noticias\/wp-json\/wp\/v2\/categories?post=69512"},{"taxonomy":"post_tag","embeddable":true,"href":"https:\/\/mussicom.com\/noticias\/wp-json\/wp\/v2\/tags?post=69512"}],"curies":[{"name":"wp","href":"https:\/\/api.w.org\/{rel}","templated":true}]}}