{"id":69502,"date":"2026-03-26T10:08:18","date_gmt":"2026-03-26T13:08:18","guid":{"rendered":"https:\/\/mussicom.com\/motta-fecha-acordo-e-deputados-terao-folga-na-semana-que-vem\/"},"modified":"2026-03-26T10:08:18","modified_gmt":"2026-03-26T13:08:18","slug":"motta-fecha-acordo-e-deputados-terao-folga-na-semana-que-vem","status":"publish","type":"post","link":"https:\/\/mussicom.com\/noticias\/motta-fecha-acordo-e-deputados-terao-folga-na-semana-que-vem\/","title":{"rendered":"Motta fecha acordo e deputados ter\u00e3o &#8220;folga&#8221; na semana que vem"},"content":{"rendered":"<p> <br \/>\n<\/p>\n<div id=\"tp-post-content\">\n<p class=\"postParagraph_post-paragraph__juWZN postParagraph_post-paragraph-innerHtml__Q5vwc\">O presidente da C\u00e2mara dos Deputados, Hugo Motta (Republicanos-PB), fechou um acordo com os l\u00edderes partid\u00e1rios nesta ter\u00e7a-feira (24) para que sejam canceladas todas as sess\u00f5es deliberativas da pr\u00f3xima semana.<\/p>\n<p class=\"postParagraph_post-paragraph__juWZN postParagraph_post-paragraph-innerHtml__Q5vwc\">O objetivo \u00e9 abrir espa\u00e7o nas agendas para que os parlamentares troquem de legenda a fim de concorrer \u00e0s elei\u00e7\u00f5es. O prazo, chamado de janela partid\u00e1ria, encerra na pr\u00f3xima sexta-feira (3). A informa\u00e7\u00e3o \u00e9 da <em>Folha de S\u00e3o Paulo<\/em> e foi confirmada \u00e0 <strong>Gazeta do Povo<\/strong> por deputados e assessores.<\/p>\n<p class=\"postParagraph_post-paragraph__juWZN postParagraph_post-paragraph-innerHtml__Q5vwc\">Nesta semana, as sess\u00f5es est\u00e3o mantidas para pautas priorit\u00e1rias, mas os deputados podem participar remotamente. Nesta quinta-feira (26), ser\u00e1 objeto de an\u00e1lise uma medida provis\u00f3ria para igualar os sal\u00e1rios dos agentes de seguran\u00e7a p\u00fablica do Distrito Federal aos dos agentes federais. A medida resultar\u00e1 em um aumento de 23% nos vencimentos e no aux\u00edlio-moradia. O impacto nos cofres p\u00fablicos deve chegar a R$ 2,9 bilh\u00f5es em 2026.<\/p>\n<div class=\"postViewMore_post-view-more-container___5wai\" data-mrf-recirculation=\"Post - Veja tamb\u00e9m\">\n<p class=\"gp-styles-module-size-small-afeYRa gp-styles-module-font-family2-afeYRa gp-styles-module-color-secondary-afeYRa gp-styles-module-weight-bold-afeYRa\">VEJA TAMB\u00c9M:<\/p>\n<ul class=\"postViewMore_post-view-more-list__CU_CE\">\n<li class=\"postViewMore_post-view-more-item__2MzRb\"><span class=\"postViewMore_post-view-more-link-icon___stPC\"><svg xmlns=\"http:\/\/www.w3.org\/2000\/svg\" width=\"16\" height=\"16\" viewbox=\"0 0 16 16\"><rect width=\"16\" height=\"16\" fill=\"none\"\/><g transform=\"translate(3 3)\"><path d=\"M22.5,15l3.4,3.4-3.4,3.4\" transform=\"translate(-15.896 -11.793)\" fill=\"none\" stroke=\"#717171\" stroke-linecap=\"round\" stroke-width=\"1.4\"\/><path d=\"M6,6v4.2a2.452,2.452,0,0,0,2.5,2.4H16\" transform=\"translate(-6 -6)\" fill=\"none\" stroke=\"#717171\" stroke-linecap=\"round\" stroke-width=\"1.4\"\/><\/g><\/svg><\/span><span class=\"postViewMore_post-view-more-link-text__hO_kM\">Cleitinho racha Senado e critica \u201cescala 3\u00d74\u201d sem vota\u00e7\u00f5es nesta semana<\/span><\/li>\n<li class=\"postViewMore_post-view-more-item__2MzRb\"><span class=\"postViewMore_post-view-more-link-icon___stPC\"><svg xmlns=\"http:\/\/www.w3.org\/2000\/svg\" width=\"16\" height=\"16\" viewbox=\"0 0 16 16\"><rect width=\"16\" height=\"16\" fill=\"none\"\/><g transform=\"translate(3 3)\"><path d=\"M22.5,15l3.4,3.4-3.4,3.4\" transform=\"translate(-15.896 -11.793)\" fill=\"none\" stroke=\"#717171\" stroke-linecap=\"round\" stroke-width=\"1.4\"\/><path d=\"M6,6v4.2a2.452,2.452,0,0,0,2.5,2.4H16\" transform=\"translate(-6 -6)\" fill=\"none\" stroke=\"#717171\" stroke-linecap=\"round\" stroke-width=\"1.4\"\/><\/g><\/svg><\/span><span class=\"postViewMore_post-view-more-link-text__hO_kM\">Motta\u00a0pressiona por\u00a0ren\u00fancia de Ramagem e Eduardo Bolsonaro para evitar confronto com o STF<\/span><\/li>\n<\/ul>\n<\/div>\n<p class=\"postParagraph_post-paragraph__juWZN postParagraph_post-paragraph-innerHtml__Q5vwc\">Outro projeto a ser analisado inclui mais uma obriga\u00e7\u00e3o para os motoristas que venderem seus ve\u00edculos. Caso aprovada, a regra passa a exigir uma certid\u00e3o comprovando que o carro n\u00e3o est\u00e1 envolvido em crimes de apropria\u00e7\u00e3o ind\u00e9bita, estelionato, roubo ou furto para que a transfer\u00eancia seja efetivada.<\/p>\n<p class=\"postParagraph_post-paragraph__juWZN postParagraph_post-paragraph-innerHtml__Q5vwc\">Tradicionalmente, a C\u00e2mara j\u00e1 n\u00e3o tem sess\u00f5es deliberativas \u00e0s sextas-feiras. O calend\u00e1rio oficial prev\u00ea para esta sexta-feira (27) apenas uma visita das deputadas Fernanda Melchionna (PSOL-RS) e Maria do Ros\u00e1rio (PT-RS) \u00e0 sede do Tribunal de Justi\u00e7a do Rio Grande do Sul (TJRS), para a entrega de sugest\u00f5es para o enfrentamento do feminic\u00eddio no estado.<\/p>\n<p class=\"postParagraph_post-paragraph__juWZN postParagraph_post-paragraph-innerHtml__Q5vwc\">Para a pr\u00f3xima semana, ficou mantida apenas uma sess\u00e3o solene em homenagem ao Dia Mundial de Conscientiza\u00e7\u00e3o do Autismo, que ocorrer\u00e1 na ter\u00e7a-feira (31). As reuni\u00f5es para debater o Plano Pena Justa, institu\u00eddo pelo Conselho Nacional de Justi\u00e7a (CNJ), e o contrato de concess\u00e3o ferrovi\u00e1ria da concession\u00e1ria Rumo Malha Sul foram canceladas.<\/p>\n<\/div>\n<p><br \/>\n<br \/>Fonte: <a href=\"https:\/\/www.gazetadopovo.com.br\/republica\/motta-fecha-acordo-e-deputados-terao-folga-na-semana-que-ve\/\">Revista Oeste<\/a><\/p>\n","protected":false},"excerpt":{"rendered":"<p>O presidente da C\u00e2mara dos Deputados, Hugo Motta (Republicanos-PB), fechou um acordo com os l\u00edderes partid\u00e1rios nesta ter\u00e7a-feira (24) para que sejam canceladas todas as sess\u00f5es deliberativas da pr\u00f3xima semana. O objetivo \u00e9 abrir espa\u00e7o nas agendas para que os parlamentares troquem de legenda a fim de concorrer \u00e0s elei\u00e7\u00f5es. O prazo, chamado de janela [&hellip;]<\/p>\n","protected":false},"author":5,"featured_media":69503,"comment_status":"open","ping_status":"open","sticky":false,"template":"","format":"standard","meta":{"_seopress_robots_primary_cat":"","_seopress_titles_title":"","_seopress_titles_desc":"","_seopress_robots_index":"","footnotes":""},"categories":[1],"tags":[],"class_list":["post-69502","post","type-post","status-publish","format-standard","has-post-thumbnail","hentry","category-ultimas-noticias"],"_links":{"self":[{"href":"https:\/\/mussicom.com\/noticias\/wp-json\/wp\/v2\/posts\/69502","targetHints":{"allow":["GET"]}}],"collection":[{"href":"https:\/\/mussicom.com\/noticias\/wp-json\/wp\/v2\/posts"}],"about":[{"href":"https:\/\/mussicom.com\/noticias\/wp-json\/wp\/v2\/types\/post"}],"author":[{"embeddable":true,"href":"https:\/\/mussicom.com\/noticias\/wp-json\/wp\/v2\/users\/5"}],"replies":[{"embeddable":true,"href":"https:\/\/mussicom.com\/noticias\/wp-json\/wp\/v2\/comments?post=69502"}],"version-history":[{"count":0,"href":"https:\/\/mussicom.com\/noticias\/wp-json\/wp\/v2\/posts\/69502\/revisions"}],"wp:featuredmedia":[{"embeddable":true,"href":"https:\/\/mussicom.com\/noticias\/wp-json\/wp\/v2\/media\/69503"}],"wp:attachment":[{"href":"https:\/\/mussicom.com\/noticias\/wp-json\/wp\/v2\/media?parent=69502"}],"wp:term":[{"taxonomy":"category","embeddable":true,"href":"https:\/\/mussicom.com\/noticias\/wp-json\/wp\/v2\/categories?post=69502"},{"taxonomy":"post_tag","embeddable":true,"href":"https:\/\/mussicom.com\/noticias\/wp-json\/wp\/v2\/tags?post=69502"}],"curies":[{"name":"wp","href":"https:\/\/api.w.org\/{rel}","templated":true}]}}