{"id":69485,"date":"2026-03-26T07:12:17","date_gmt":"2026-03-26T10:12:17","guid":{"rendered":"https:\/\/mussicom.com\/presidente-lula-visita-fabrica-de-trens-da-chinesa-crrc-em-instalacao-no-municipio-de-araraquara\/"},"modified":"2026-03-26T07:12:17","modified_gmt":"2026-03-26T10:12:17","slug":"presidente-lula-visita-fabrica-de-trens-da-chinesa-crrc-em-instalacao-no-municipio-de-araraquara","status":"publish","type":"post","link":"https:\/\/mussicom.com\/noticias\/presidente-lula-visita-fabrica-de-trens-da-chinesa-crrc-em-instalacao-no-municipio-de-araraquara\/","title":{"rendered":"Presidente Lula visita f\u00e1brica de trens da chinesa CRRC em instala\u00e7\u00e3o no munic\u00edpio de Araraquara"},"content":{"rendered":"<p> <br \/>\n<\/p>\n<div id=\"texto\">\n<p>O presidente Luiz In\u00e1cio Lula da Silva participa,participa nesta quarta-feira, 25 de mar\u00e7o, da visita alusiva ao an\u00fancio de instala\u00e7\u00e3o da f\u00e1brica de trens da CRRC Brasil Equipamentos Ferrovi\u00e1rios, em Araraquara (SP). O in\u00edcio da produ\u00e7\u00e3o pela empresa chinesa no Brasil \u00e9 previsto para o segundo semestre deste ano. No local da visita, onde a f\u00e1brica \u00e9 instalada, ainda ocorre a assinatura de contratos de financiamento do BNDES, no valor de R$ 5,6 bilh\u00f5es.<br \/>&#13;<br \/>\n\u00a0<\/p>\n<p>A CRRC aproveita as antigas instala\u00e7\u00f5es da montadora Hyundai, que deixou de funcionar no local. Enquanto as linhas de produ\u00e7\u00e3o ainda s\u00e3o instaladas, j\u00e1 come\u00e7ou a gerar empregos no Brasil. Al\u00e9m do presidente da Rep\u00fablica, o vice-presidente e ministro do Desenvolvimento, Ind\u00fastria, Com\u00e9rcio e Servi\u00e7os, Geraldo Alckmin, e o presidente do BNDES, Aloizio Mercadante, tamb\u00e9m participam da visita, entre outras autoridades.<br \/>&#13;<br \/>\n\u00a0<\/p>\n<p><strong>BNDES<\/strong>\u00a0&#8211; O Banco Nacional de Desenvolvimento Econ\u00f4mico e Social assina durante a visita presidencial contratos de financiamento com o governo do estado de S\u00e3o Paulo no valor de R$ 3,2 bilh\u00f5es para o Trem Intercidades Eixo Norte (TIC Eixo Norte); al\u00e9m de R$ 2,4 bilh\u00f5es para a expans\u00e3o da Linha 2 do metr\u00f4 da capital paulista. A implanta\u00e7\u00e3o do TIC Eixo Norte ligar\u00e1 S\u00e3o Paulo a Campinas.<br \/>&#13;<br \/>\n\u00a0<\/p>\n<p>Em setembro de 2023, o BNDES aprovou o plano de investimentos em mobilidade urbana do Estado de S\u00e3o Paulo para a implanta\u00e7\u00e3o do TIC Eixo Norte e para a aquisi\u00e7\u00e3o de 44 trens para a Linha 2 (Verde) do metr\u00f4 de S\u00e3o Paulo. Os dois projetos integram o Novo PAC. Os trens do metr\u00f4 da capital paulista ser\u00e3o produzidos pela CRRC em Araraquara. A previs\u00e3o de entrega dos trens \u00e9 em 2027.<\/p>\n<p>\u00a0<\/p>\n<p><strong>CREDENCIAMENTO &#8211;<\/strong>\u00a0Profissionais de ve\u00edculos de imprensa interessados em realizar a cobertura devem solicitar credenciamento at\u00e9 19h do dia 24 de mar\u00e7o de 2026 (hor\u00e1rio de Bras\u00edlia), acessando o\u00a0Sistema de Credenciamento de Imprensa\u00a0da Presid\u00eancia da Rep\u00fablica. Os profissionais com credenciamento anual dever\u00e3o solicitar a participa\u00e7\u00e3o no evento.<br \/>&#13;<br \/>\n\u00a0<\/p>\n<p>Os profissionais com credenciamento aprovado ter\u00e3o as credenciais entregues no local do evento, das 11h \u00e0s 12h de quarta-feira.<\/p>\n<p>\u00a0<\/p>\n<p><strong>SERVI\u00c7O:<\/strong><\/p>\n<p>\u00a0<\/p>\n<p><strong>Visita alusiva ao an\u00fancio de instala\u00e7\u00e3o da f\u00e1brica de trens da CRRC<\/strong><\/p>\n<p>\u00a0<\/p>\n<p>Data: quarta-feira, 25 de mar\u00e7o<br \/>&#13;<br \/>\nHor\u00e1rio: 12h30<br \/>&#13;<br \/>\nLocal: Rodovia Ant\u00f4nio Machado Sant&#8217;Anna (SP-255), km 14 \u2013 Araraquara\/SP<\/p>\n<p>\u00a0<\/p>\n<p><strong>CREDENCIAMENTO<\/strong><\/p>\n<p>\u00a0<\/p>\n<p><em>Secretaria de Comunica\u00e7\u00e3o Social da Presid\u00eancia da Rep\u00fablica<\/em>\u00a0<\/p>\n<\/p><\/div>\n<p><script async defer crossorigin=\"anonymous\" src=\"https:\/\/connect.facebook.net\/pt_BR\/sdk.js#xfbml=1&#038;version=v12.0&#038;appId=&#038;autoLogAppEvents=1\" nonce=\"ou0fI1lo\"><\/script><br \/>\n<br \/><br \/>\n<br \/>Fonte: <a href=\"https:\/\/www.bs9.com.br\/brasil\/presidente-lula-visita-fabrica-de-trens-da-chinesa-crrc-em-instalacao\/38462\/\">BS9<\/a><\/p>\n","protected":false},"excerpt":{"rendered":"<p>O presidente Luiz In\u00e1cio Lula da Silva participa,participa nesta quarta-feira, 25 de mar\u00e7o, da visita alusiva ao an\u00fancio de instala\u00e7\u00e3o da f\u00e1brica de trens da CRRC Brasil Equipamentos Ferrovi\u00e1rios, em Araraquara (SP). O in\u00edcio da produ\u00e7\u00e3o pela empresa chinesa no Brasil \u00e9 previsto para o segundo semestre deste ano. No local da visita, onde a [&hellip;]<\/p>\n","protected":false},"author":5,"featured_media":69486,"comment_status":"open","ping_status":"open","sticky":false,"template":"","format":"standard","meta":{"_seopress_robots_primary_cat":"","_seopress_titles_title":"","_seopress_titles_desc":"","_seopress_robots_index":"","footnotes":""},"categories":[52],"tags":[],"class_list":["post-69485","post","type-post","status-publish","format-standard","has-post-thumbnail","hentry","category-santoseregiao"],"_links":{"self":[{"href":"https:\/\/mussicom.com\/noticias\/wp-json\/wp\/v2\/posts\/69485","targetHints":{"allow":["GET"]}}],"collection":[{"href":"https:\/\/mussicom.com\/noticias\/wp-json\/wp\/v2\/posts"}],"about":[{"href":"https:\/\/mussicom.com\/noticias\/wp-json\/wp\/v2\/types\/post"}],"author":[{"embeddable":true,"href":"https:\/\/mussicom.com\/noticias\/wp-json\/wp\/v2\/users\/5"}],"replies":[{"embeddable":true,"href":"https:\/\/mussicom.com\/noticias\/wp-json\/wp\/v2\/comments?post=69485"}],"version-history":[{"count":0,"href":"https:\/\/mussicom.com\/noticias\/wp-json\/wp\/v2\/posts\/69485\/revisions"}],"wp:featuredmedia":[{"embeddable":true,"href":"https:\/\/mussicom.com\/noticias\/wp-json\/wp\/v2\/media\/69486"}],"wp:attachment":[{"href":"https:\/\/mussicom.com\/noticias\/wp-json\/wp\/v2\/media?parent=69485"}],"wp:term":[{"taxonomy":"category","embeddable":true,"href":"https:\/\/mussicom.com\/noticias\/wp-json\/wp\/v2\/categories?post=69485"},{"taxonomy":"post_tag","embeddable":true,"href":"https:\/\/mussicom.com\/noticias\/wp-json\/wp\/v2\/tags?post=69485"}],"curies":[{"name":"wp","href":"https:\/\/api.w.org\/{rel}","templated":true}]}}