{"id":69479,"date":"2026-03-26T05:13:19","date_gmt":"2026-03-26T08:13:19","guid":{"rendered":"https:\/\/mussicom.com\/o-que-os-dados-escondem-sobre-os-riscos-no-brasil\/"},"modified":"2026-03-26T05:13:19","modified_gmt":"2026-03-26T08:13:19","slug":"o-que-os-dados-escondem-sobre-os-riscos-no-brasil","status":"publish","type":"post","link":"https:\/\/mussicom.com\/noticias\/o-que-os-dados-escondem-sobre-os-riscos-no-brasil\/","title":{"rendered":"O que os dados escondem sobre os riscos no Brasil"},"content":{"rendered":"<p> <br \/>\n<\/p>\n<div>\n<div class=\"row\">\n<div class=\"col-lg col-infos mt-0 mt-lg-0\">\n<div class=\"section-sub-title\">\n<p itemprop=\"description\">&#13;<br \/>\n                                Essa diferen\u00e7a reflete n\u00e3o apenas percep\u00e7\u00f5es, mas realidades distintas&#13;\n                            <\/p>\n<\/p><\/div>\n<div class=\"container\">\n<div class=\"row\">\n<div class=\"col-lg p-0\">\n<div>\n<div class=\"block-news-main-infos mt-3 text-start\">\n<p>                                            <strong class=\"fn\" itemprop=\"author\" style=\"color: rgb(112, 112, 112); \">&#13;<br \/>\n                                                Agrolink&#13;<br \/>\n&#13;<br \/>\n                                                    &#8211; Leonardo Gottems&#13;<br \/>\n&#13;<br \/>\n                                            <\/strong><br \/>\n                                        <\/p>\n<p>                                            <abbr><time datetime=\"2026 - 03 - 26T02:30\" itemprop=\"datePublished dateModified\"> Publicado em 26\/03\/2026 \u00e0s 02:30h.<\/time><\/abbr>\n                                    <\/div>\n<\/p><\/div>\n<\/p><\/div>\n<div class=\"col-lg p-0 text-lg-end\">\n<div>\n<div id=\"mdEnviarPagina\" class=\"modal fade\" role=\"dialog\">\n<div class=\"modal-dialog\">\n<div class=\"modal-content\">\n<div class=\"modal-body\">\n<p><strong>Estimado usu\u00e1rio.<\/strong><br \/>Preencha o formul\u00e1rio abaixo para remeter a p\u00e1gina.<\/p>\n<\/p><\/div>\n<\/p><\/div>\n<\/p><\/div>\n<\/div><\/div>\n<\/p><\/div>\n<\/p><\/div>\n<\/p><\/div>\n<\/p><\/div>\n<\/p><\/div>\n<div class=\"row justify-content-md-center mt-3\">\n<div class=\"col-lg-auto col-image block-news-main-image\">\n<p>                                <br \/>\n                                                <span class=\"d-block mt-1\">Essa diferen\u00e7a reflete n\u00e3o apenas percep\u00e7\u00f5es, mas realidades distintas &#8211; Foto: Pixabay<\/span><\/p><\/div>\n<\/p><\/div>\n<div class=\"section-description section-description-noticias mt-3\">\n<p>A percep\u00e7\u00e3o de riscos globais varia conforme o n\u00edvel de desenvolvimento e o contexto de cada pa\u00eds. Segundo o Munich Security Conference, economias menos desenvolvidas tendem a priorizar mudan\u00e7as clim\u00e1ticas e eventos extremos, enquanto pa\u00edses mais ricos concentram preocupa\u00e7\u00f5es em ciberseguran\u00e7a, crises econ\u00f4micas e tens\u00f5es geopol\u00edticas.&#13;\n<\/p>\n<p>O Munich Security Index 2026 mostra o Brasil com \u00edndices elevados para mudan\u00e7as clim\u00e1ticas e inc\u00eandios florestais, liderando a lista de preocupa\u00e7\u00f5es nacionais. Em contraste, Alemanha e Reino Unido apontam ciberataques como principal risco, enquanto Estados Unidos e Jap\u00e3o destacam crises econ\u00f4micas e instabilidade pol\u00edtica.<\/p>\n<p>Essa diferen\u00e7a reflete n\u00e3o apenas percep\u00e7\u00f5es, mas realidades distintas. Ainda assim, no caso brasileiro, os dados territoriais indicam um cen\u00e1rio mais equilibrado. Estudos apresentados pela Embrapa Territorial na COP30 mostram que cerca de 65% do territ\u00f3rio nacional permanece com vegeta\u00e7\u00e3o nativa, enquanto menos de um ter\u00e7o \u00e9 ocupado pela agropecu\u00e1ria, com participa\u00e7\u00e3o dos produtores na preserva\u00e7\u00e3o.&#13;\n<\/p>\n<p>Para Gustavo Spadotti A. Castro, chefe-geral da Embrapa Territorial, o pa\u00eds demonstra que \u00e9 poss\u00edvel conciliar produ\u00e7\u00e3o e conserva\u00e7\u00e3o em larga escala. A an\u00e1lise refor\u00e7a que percep\u00e7\u00e3o de risco e realidade nem sempre caminham juntas, o que amplia a import\u00e2ncia de decis\u00f5es baseadas em dados qualificados.<\/p>\n<p>\u201cTraduzir o que est\u00e1 no territ\u00f3rio (produ\u00e7\u00e3o, uso da terra, riscos reais etc) em informa\u00e7\u00e3o qualificada para decis\u00e3o. Mo fim, o maior risco n\u00e3o \u00e9 aquele que mais aparece no debate. \u00c9 aquele que n\u00e3o est\u00e1 sendo corretamente compreendido!\u201d, conclui.<br \/>&#13;<br \/>\n\u00a0<\/p>\n<\/p><\/div>\n<\/p><\/div>\n<p><script data-cfasync=\"false\">\n    !function (f, b, e, v, n, t, s) {\n        if (f.fbq) return; n = f.fbq = function () {\n            n.callMethod ?\n                n.callMethod.apply(n, arguments) : n.queue.push(arguments)\n        };\n        if (!f._fbq) f._fbq = n; n.push = n; n.loaded = !0; n.version = '2.0';\n        n.queue = []; t = b.createElement(e); t.async = !0;\n        t.src = v; s = b.getElementsByTagName(e)[0];\n        s.parentNode.insertBefore(t, s)\n    }(window, document, 'script',\n        'https:\/\/connect.facebook.net\/en_US\/fbevents.js');\n    fbq('init', '522546078623747');\n    fbq('track', 'PageView');\n<\/script><br \/>\n<br \/><br \/>\n<br \/>Fonte: <a href=\"https:\/\/www.agrolink.com.br\/noticias\/o-que-os-dados-escondem-sobre-os-riscos-no-brasil_512435.html\">AGROLINK<\/a><\/p>\n","protected":false},"excerpt":{"rendered":"<p>&#13; Essa diferen\u00e7a reflete n\u00e3o apenas percep\u00e7\u00f5es, mas realidades distintas&#13; &#13; Agrolink&#13; &#13; &#8211; Leonardo Gottems&#13; &#13; Publicado em 26\/03\/2026 \u00e0s 02:30h. Estimado usu\u00e1rio.Preencha o formul\u00e1rio abaixo para remeter a p\u00e1gina. Essa diferen\u00e7a reflete n\u00e3o apenas percep\u00e7\u00f5es, mas realidades distintas &#8211; Foto: Pixabay A percep\u00e7\u00e3o de riscos globais varia conforme o n\u00edvel de desenvolvimento e [&hellip;]<\/p>\n","protected":false},"author":5,"featured_media":32845,"comment_status":"open","ping_status":"open","sticky":false,"template":"","format":"standard","meta":{"_seopress_robots_primary_cat":"","_seopress_titles_title":"","_seopress_titles_desc":"","_seopress_robots_index":"","footnotes":""},"categories":[53],"tags":[],"class_list":["post-69479","post","type-post","status-publish","format-standard","has-post-thumbnail","hentry","category-agronegocio"],"_links":{"self":[{"href":"https:\/\/mussicom.com\/noticias\/wp-json\/wp\/v2\/posts\/69479","targetHints":{"allow":["GET"]}}],"collection":[{"href":"https:\/\/mussicom.com\/noticias\/wp-json\/wp\/v2\/posts"}],"about":[{"href":"https:\/\/mussicom.com\/noticias\/wp-json\/wp\/v2\/types\/post"}],"author":[{"embeddable":true,"href":"https:\/\/mussicom.com\/noticias\/wp-json\/wp\/v2\/users\/5"}],"replies":[{"embeddable":true,"href":"https:\/\/mussicom.com\/noticias\/wp-json\/wp\/v2\/comments?post=69479"}],"version-history":[{"count":0,"href":"https:\/\/mussicom.com\/noticias\/wp-json\/wp\/v2\/posts\/69479\/revisions"}],"wp:featuredmedia":[{"embeddable":true,"href":"https:\/\/mussicom.com\/noticias\/wp-json\/wp\/v2\/media\/32845"}],"wp:attachment":[{"href":"https:\/\/mussicom.com\/noticias\/wp-json\/wp\/v2\/media?parent=69479"}],"wp:term":[{"taxonomy":"category","embeddable":true,"href":"https:\/\/mussicom.com\/noticias\/wp-json\/wp\/v2\/categories?post=69479"},{"taxonomy":"post_tag","embeddable":true,"href":"https:\/\/mussicom.com\/noticias\/wp-json\/wp\/v2\/tags?post=69479"}],"curies":[{"name":"wp","href":"https:\/\/api.w.org\/{rel}","templated":true}]}}