{"id":69477,"date":"2026-03-26T05:10:15","date_gmt":"2026-03-26T08:10:15","guid":{"rendered":"https:\/\/mussicom.com\/dra-damaris-moura-ministra-palestra-em-mongagua-nesta-quarta-25\/"},"modified":"2026-03-26T05:10:15","modified_gmt":"2026-03-26T08:10:15","slug":"dra-damaris-moura-ministra-palestra-em-mongagua-nesta-quarta-25","status":"publish","type":"post","link":"https:\/\/mussicom.com\/noticias\/dra-damaris-moura-ministra-palestra-em-mongagua-nesta-quarta-25\/","title":{"rendered":"Dra. Damaris Moura ministra palestra em Mongagu\u00e1 nesta quarta (25)"},"content":{"rendered":"<p> <br \/>\n<\/p>\n<div id=\"texto\">\n<p dir=\"ltr\">Nesta quarta-feira, 25 de mar\u00e7o, o Centro Cultural Raul Cortez ser\u00e1 palco de um debate fundamental para as pol\u00edticas p\u00fablicas de Mongagu\u00e1. A convite da Prefeitura, a renomada Dra. Damaris Moura ministrar\u00e1 a palestra &#8220;Preven\u00e7\u00e3o da Viol\u00eancia e Empoderamento Feminino&#8221;, das 14h \u00e0s 16h.<\/p>\n<p>\u00a0<\/p>\n<p dir=\"ltr\">O evento \u00e9 aberto ao p\u00fablico e tem como objetivo fortalecer as estrat\u00e9gias locais de combate \u00e0 viol\u00eancia dom\u00e9stica, discutindo caminhos pr\u00e1ticos para a autonomia das mulheres mongaguaenses.<\/p>\n<p dir=\"ltr\">\u00a0<\/p>\n<p dir=\"ltr\"><strong>Rede de prote\u00e7\u00e3o integrada<\/strong><\/p>\n<p dir=\"ltr\">Para a Dra. Damaris Moura, o papel do munic\u00edpio \u00e9 vital como a &#8220;porta de entrada&#8221; para mulheres em situa\u00e7\u00e3o de vulnerabilidade. Em conversa exclusiva para o site da Prefeitura, ela destacou que o fortalecimento da rede de prote\u00e7\u00e3o exige uma conex\u00e3o real entre o munic\u00edpio e o Estado.<\/p>\n<p>\u00a0<\/p>\n<p dir=\"ltr\">\u00a0&#8220;O munic\u00edpio precisa estar preparado com equipes capacitadas e fluxos bem definidos. Mas isso s\u00f3 funciona quando h\u00e1 conex\u00e3o com o Estado: delegacias especializadas e acesso r\u00e1pido ao Judici\u00e1rio. Cidades como Mongagu\u00e1 t\u00eam o papel fundamental de criar estruturas locais eficientes e integrar os instrumentos estaduais para que nenhuma mulher fique desamparada&#8221;, pontuou.<\/p>\n<p>\u00a0<\/p>\n<p dir=\"ltr\"><strong>Autonomia financeira e rompimento de ciclos<\/strong><\/p>\n<p dir=\"ltr\">Al\u00e9m da prote\u00e7\u00e3o f\u00edsica, o evento abordar\u00e1 o empreendedorismo feminino. Segundo Damaris, a depend\u00eancia financeira \u00e9 uma das principais barreiras que mant\u00eam mulheres em situa\u00e7\u00f5es de abuso.<\/p>\n<p>\u00a0<\/p>\n<p dir=\"ltr\">&#8220;A depend\u00eancia financeira \u00e9 uma barreira que mant\u00e9m mulheres em situa\u00e7\u00f5es de viol\u00eancia. Falar de prote\u00e7\u00e3o sem falar de autonomia \u00e9 tratar apenas parte do problema. O incentivo \u00e0 qualifica\u00e7\u00e3o profissional e \u00e0 gera\u00e7\u00e3o de renda devolve \u00e0 mulher algo essencial: liberdade de decis\u00e3o. Uma mulher economicamente fortalecida tem mais condi\u00e7\u00f5es de romper ciclos abusivos e reconstruir sua vida&#8221;, afirmou.<\/p>\n<p>\u00a0<\/p>\n<p dir=\"ltr\"><strong>Lideran\u00e7a e presen\u00e7a feminina<\/strong><\/p>\n<p dir=\"ltr\">Ao ser questionada sobre o que diria \u00e0s mulheres de Mongagu\u00e1 que buscam ocupar espa\u00e7os de lideran\u00e7a, a Dra. Damaris \u00e9 enf\u00e1tica: &#8220;Ocupem&#8221;.<\/p>\n<p>\u00a0<\/p>\n<p dir=\"ltr\">&#8220;O espa\u00e7o n\u00e3o \u00e9 concedido, ele \u00e9 conquistado. Precisamos de mais mulheres nos espa\u00e7os de decis\u00e3o porque a nossa presen\u00e7a humaniza as pol\u00edticas p\u00fablicas. N\u00e3o esperem o momento perfeito. Preparem-se e avancem, pois quando uma mulher ocupa um espa\u00e7o de lideran\u00e7a, ela abre portas para muitas outras&#8221;, concluiu a deputada.<\/p>\n<p>\u00a0<\/p>\n<p dir=\"ltr\"><strong>Sobre a palestrante<\/strong><\/p>\n<p dir=\"ltr\">Dra. Damaris Dias Moura Kuo \u00e9 advogada, licenciada em letras e p\u00f3s-graduada em Direitos Fundamentais pela Universidade de Coimbra (Portugal). Atual deputada estadual por S\u00e3o Paulo e ex-subprefeita da capital, possui mais de 20 anos de experi\u00eancia na coordena\u00e7\u00e3o de pol\u00edticas p\u00fablicas de defesa dos direitos fundamentais e combate \u00e0 viol\u00eancia dom\u00e9stica. Na Assembleia Legislativa (ALESP), destaca-se como fundadora da Frente Parlamentar de Combate ao Abuso e Viol\u00eancia Dom\u00e9stica e da Frente Parlamentar pela Liberdade Religiosa. \u00c9 autora de leis pioneiras, como o protocolo de combate \u00e0 viol\u00eancia contra a mulher em estabelecimentos comerciais e o programa escolar de preven\u00e7\u00e3o ao abuso contra crian\u00e7as e adolescentes.<\/p>\n<p>\u00a0<\/p>\n<p dir=\"ltr\"><strong>Servi\u00e7o:<\/strong><\/p>\n<p dir=\"ltr\"><strong>Evento:\u00a0<\/strong>Palestra &#8220;Preven\u00e7\u00e3o da Viol\u00eancia e Empoderamento Feminino&#8221;<\/p>\n<p dir=\"ltr\"><strong>Palestrante:<\/strong> Dra. Damaris Moura<\/p>\n<p dir=\"ltr\"><strong>Data:\u00a0<\/strong>25 de mar\u00e7o<\/p>\n<p dir=\"ltr\"><strong>Hor\u00e1rio:<\/strong> 14h \u00e0s 16h<\/p>\n<p dir=\"ltr\"><strong>Local:<\/strong> Centro Cultural Raul Cortez (Av. S\u00e3o Paulo, 3465)<\/p>\n<p dir=\"ltr\"><strong>Entrada:<\/strong> Gratuita<\/p>\n<\/p><\/div>\n<p><script async defer crossorigin=\"anonymous\" src=\"https:\/\/connect.facebook.net\/pt_BR\/sdk.js#xfbml=1&#038;version=v12.0&#038;appId=&#038;autoLogAppEvents=1\" nonce=\"ou0fI1lo\"><\/script><br \/>\n<br \/><br \/>\n<br \/>Fonte: <a href=\"https:\/\/www.bs9.com.br\/litoral\/dra-damaris-moura-ministra-palestra-em-mongagua-nesta-quarta-25\/38479\/\">BS9<\/a><\/p>\n","protected":false},"excerpt":{"rendered":"<p>Nesta quarta-feira, 25 de mar\u00e7o, o Centro Cultural Raul Cortez ser\u00e1 palco de um debate fundamental para as pol\u00edticas p\u00fablicas de Mongagu\u00e1. A convite da Prefeitura, a renomada Dra. Damaris Moura ministrar\u00e1 a palestra &#8220;Preven\u00e7\u00e3o da Viol\u00eancia e Empoderamento Feminino&#8221;, das 14h \u00e0s 16h. \u00a0 O evento \u00e9 aberto ao p\u00fablico e tem como objetivo [&hellip;]<\/p>\n","protected":false},"author":5,"featured_media":69478,"comment_status":"open","ping_status":"open","sticky":false,"template":"","format":"standard","meta":{"_seopress_robots_primary_cat":"","_seopress_titles_title":"","_seopress_titles_desc":"","_seopress_robots_index":"","footnotes":""},"categories":[52],"tags":[],"class_list":["post-69477","post","type-post","status-publish","format-standard","has-post-thumbnail","hentry","category-santoseregiao"],"_links":{"self":[{"href":"https:\/\/mussicom.com\/noticias\/wp-json\/wp\/v2\/posts\/69477","targetHints":{"allow":["GET"]}}],"collection":[{"href":"https:\/\/mussicom.com\/noticias\/wp-json\/wp\/v2\/posts"}],"about":[{"href":"https:\/\/mussicom.com\/noticias\/wp-json\/wp\/v2\/types\/post"}],"author":[{"embeddable":true,"href":"https:\/\/mussicom.com\/noticias\/wp-json\/wp\/v2\/users\/5"}],"replies":[{"embeddable":true,"href":"https:\/\/mussicom.com\/noticias\/wp-json\/wp\/v2\/comments?post=69477"}],"version-history":[{"count":0,"href":"https:\/\/mussicom.com\/noticias\/wp-json\/wp\/v2\/posts\/69477\/revisions"}],"wp:featuredmedia":[{"embeddable":true,"href":"https:\/\/mussicom.com\/noticias\/wp-json\/wp\/v2\/media\/69478"}],"wp:attachment":[{"href":"https:\/\/mussicom.com\/noticias\/wp-json\/wp\/v2\/media?parent=69477"}],"wp:term":[{"taxonomy":"category","embeddable":true,"href":"https:\/\/mussicom.com\/noticias\/wp-json\/wp\/v2\/categories?post=69477"},{"taxonomy":"post_tag","embeddable":true,"href":"https:\/\/mussicom.com\/noticias\/wp-json\/wp\/v2\/tags?post=69477"}],"curies":[{"name":"wp","href":"https:\/\/api.w.org\/{rel}","templated":true}]}}