{"id":69466,"date":"2026-03-26T02:10:18","date_gmt":"2026-03-26T05:10:18","guid":{"rendered":"https:\/\/mussicom.com\/fruit-attraction-sao-paulo-descomoditizar-a-producao-amplia-potencial-de-exportacao-da-fruticultura-destacam-cna-apex-e-cepea\/"},"modified":"2026-03-26T02:10:18","modified_gmt":"2026-03-26T05:10:18","slug":"fruit-attraction-sao-paulo-descomoditizar-a-producao-amplia-potencial-de-exportacao-da-fruticultura-destacam-cna-apex-e-cepea","status":"publish","type":"post","link":"https:\/\/mussicom.com\/noticias\/fruit-attraction-sao-paulo-descomoditizar-a-producao-amplia-potencial-de-exportacao-da-fruticultura-destacam-cna-apex-e-cepea\/","title":{"rendered":"Fruit Attraction S\u00e3o Paulo: descomoditizar a produ\u00e7\u00e3o amplia potencial de exporta\u00e7\u00e3o da fruticultura, destacam CNA, Apex e Cepea"},"content":{"rendered":"<p> <br \/>\n<\/p>\n<div><\/p>\n<div>Considerado o maior evento dedicado ao segmento de frutas e hortali\u00e7as do hemisf\u00e9rio Sul, a 3\u00aa. edi\u00e7\u00e3o da Fruit Attraction S\u00e3o Paulo re\u00fane no mesmo pavilh\u00e3o produtores, exportadores, compradores nacionais e internacionais, fornecedores, distribuidores, autoridades, entidades, e demais agentes do setor produtivo, reafirmando seu papel de plataforma global para o setor de frutas do Brasil.<\/div>\n<\/div>\n<p><br \/>\n<br \/>Fonte: <a href=\"https:\/\/www.agrolink.com.br\/noticias\/fruit-attraction-sao-paulo--descomoditizar-a-producao-amplia-potencial-de-exportacao-da-fruticultura--destacam-cna--apex-e-cepea_512424.html\">AGROLINK<\/a><\/p>\n","protected":false},"excerpt":{"rendered":"<p>Considerado o maior evento dedicado ao segmento de frutas e hortali\u00e7as do hemisf\u00e9rio Sul, a 3\u00aa. edi\u00e7\u00e3o da Fruit Attraction S\u00e3o Paulo re\u00fane no mesmo pavilh\u00e3o produtores, exportadores, compradores nacionais e internacionais, fornecedores, distribuidores, autoridades, entidades, e demais agentes do setor produtivo, reafirmando seu papel de plataforma global para o setor de frutas do Brasil. [&hellip;]<\/p>\n","protected":false},"author":5,"featured_media":69467,"comment_status":"open","ping_status":"open","sticky":false,"template":"","format":"standard","meta":{"_seopress_robots_primary_cat":"","_seopress_titles_title":"","_seopress_titles_desc":"","_seopress_robots_index":"","footnotes":""},"categories":[53],"tags":[],"class_list":["post-69466","post","type-post","status-publish","format-standard","has-post-thumbnail","hentry","category-agronegocio"],"_links":{"self":[{"href":"https:\/\/mussicom.com\/noticias\/wp-json\/wp\/v2\/posts\/69466","targetHints":{"allow":["GET"]}}],"collection":[{"href":"https:\/\/mussicom.com\/noticias\/wp-json\/wp\/v2\/posts"}],"about":[{"href":"https:\/\/mussicom.com\/noticias\/wp-json\/wp\/v2\/types\/post"}],"author":[{"embeddable":true,"href":"https:\/\/mussicom.com\/noticias\/wp-json\/wp\/v2\/users\/5"}],"replies":[{"embeddable":true,"href":"https:\/\/mussicom.com\/noticias\/wp-json\/wp\/v2\/comments?post=69466"}],"version-history":[{"count":0,"href":"https:\/\/mussicom.com\/noticias\/wp-json\/wp\/v2\/posts\/69466\/revisions"}],"wp:featuredmedia":[{"embeddable":true,"href":"https:\/\/mussicom.com\/noticias\/wp-json\/wp\/v2\/media\/69467"}],"wp:attachment":[{"href":"https:\/\/mussicom.com\/noticias\/wp-json\/wp\/v2\/media?parent=69466"}],"wp:term":[{"taxonomy":"category","embeddable":true,"href":"https:\/\/mussicom.com\/noticias\/wp-json\/wp\/v2\/categories?post=69466"},{"taxonomy":"post_tag","embeddable":true,"href":"https:\/\/mussicom.com\/noticias\/wp-json\/wp\/v2\/tags?post=69466"}],"curies":[{"name":"wp","href":"https:\/\/api.w.org\/{rel}","templated":true}]}}