{"id":69442,"date":"2026-03-26T00:05:15","date_gmt":"2026-03-26T03:05:15","guid":{"rendered":"https:\/\/mussicom.com\/estudo-mira-diagnostico-tardio-da-tuberculose-em-guaruja\/"},"modified":"2026-03-26T00:05:15","modified_gmt":"2026-03-26T03:05:15","slug":"estudo-mira-diagnostico-tardio-da-tuberculose-em-guaruja","status":"publish","type":"post","link":"https:\/\/mussicom.com\/noticias\/estudo-mira-diagnostico-tardio-da-tuberculose-em-guaruja\/","title":{"rendered":"Estudo mira diagn\u00f3stico tardio da tuberculose em Guaruj\u00e1"},"content":{"rendered":"<p> <br \/>\n<\/p>\n<div id=\"texto\">\n<p>No Dia Mundial da Tuberculose, celebrado em 24 de mar\u00e7o, o avan\u00e7o da doen\u00e7a em Guaruj\u00e1 ganha novo foco, um projeto da Unoeste Guaruj\u00e1 pretende investigar por que o diagn\u00f3stico ainda demora, especialmente nos casos de tuberculose resistente, considerados mais graves e complexos.<\/p>\n<p>\u00a0<\/p>\n<p>A iniciativa ser\u00e1 desenvolvida na Baixada Santista e parte de um cen\u00e1rio que preocupa especialistas. Mesmo sendo uma doen\u00e7a com tratamento dispon\u00edvel, a tuberculose segue com alta incid\u00eancia na regi\u00e3o, impactando principalmente popula\u00e7\u00f5es em situa\u00e7\u00e3o de vulnerabilidade.<\/p>\n<p>\u00a0<\/p>\n<p><strong>Paciente em an\u00e1lise<\/strong><\/p>\n<p>O estudo ter\u00e1 como foco o chamado itiner\u00e1rio terap\u00eautico de pacientes com tuberculose droga resistente (TB-DR). Na pr\u00e1tica, os pesquisadores v\u00e3o mapear o caminho percorrido desde o surgimento dos primeiros sintomas at\u00e9 o in\u00edcio do tratamento adequado.<\/p>\n<p>\u00a0<\/p>\n<p>Entre os pontos analisados est\u00e3o o n\u00famero de unidades de sa\u00fade procuradas, o tempo de espera para diagn\u00f3stico, a realiza\u00e7\u00e3o de exames espec\u00edficos e as principais dificuldades enfrentadas no acesso ao sistema de sa\u00fade.<\/p>\n<p>\u00a0<\/p>\n<p>A pesquisa \u00e9 orientada pela professora doutora Marceli Rocha Leite, com coorienta\u00e7\u00e3o do professor Orival Silva Silveira e tem como proposta identificar gargalos no atendimento e compreender como fatores sociais, como renda, moradia e acesso \u00e0 informa\u00e7\u00e3o, influenciam diretamente esse percurso.<\/p>\n<p>\u00a0<\/p>\n<p><strong>Diagn\u00f3stico tardio agrava cen\u00e1rio<\/strong><\/p>\n<p>Um dos principais desafios no controle da tuberculose \u00e9 o diagn\u00f3stico tardio. Quando a identifica\u00e7\u00e3o da doen\u00e7a demora, aumentam as chances de transmiss\u00e3o e tamb\u00e9m o risco de evolu\u00e7\u00e3o para formas mais graves, como a resistente aos medicamentos.<\/p>\n<p>\u00a0<\/p>\n<p>Nesses casos, o tratamento \u00e9 mais longo, pode durar meses ou at\u00e9 anos, e exige acompanhamento rigoroso, o que amplia o impacto para o paciente e para o sistema p\u00fablico de sa\u00fade.<\/p>\n<p>\u00a0<\/p>\n<p><strong>Pol\u00edticas p\u00fablicas<\/strong><\/p>\n<p>Com a produ\u00e7\u00e3o de dados locais, o projeto da Unoeste Guaruj\u00e1 busca contribuir diretamente para o aprimoramento das pol\u00edticas p\u00fablicas de sa\u00fade. A expectativa \u00e9 que os resultados auxiliem na reorganiza\u00e7\u00e3o dos fluxos de atendimento, na amplia\u00e7\u00e3o do diagn\u00f3stico precoce e na ado\u00e7\u00e3o de estrat\u00e9gias mais eficazes de vigil\u00e2ncia.<\/p>\n<p>\u00a0<\/p>\n<p>Al\u00e9m disso, o estudo pode apoiar a\u00e7\u00f5es voltadas \u00e0 conscientiza\u00e7\u00e3o da popula\u00e7\u00e3o sobre os sintomas e a import\u00e2ncia de buscar atendimento nos primeiros sinais da doen\u00e7a.<\/p>\n<\/p><\/div>\n<p><script async defer crossorigin=\"anonymous\" src=\"https:\/\/connect.facebook.net\/pt_BR\/sdk.js#xfbml=1&#038;version=v12.0&#038;appId=&#038;autoLogAppEvents=1\" nonce=\"ou0fI1lo\"><\/script><br \/>\n<br \/><br \/>\n<br \/>Fonte: <a href=\"https:\/\/www.bs9.com.br\/litoral\/estudo-mira-diagnostico-tardio-da-tuberculose-em-guaruja\/38492\/\">BS9<\/a><\/p>\n","protected":false},"excerpt":{"rendered":"<p>No Dia Mundial da Tuberculose, celebrado em 24 de mar\u00e7o, o avan\u00e7o da doen\u00e7a em Guaruj\u00e1 ganha novo foco, um projeto da Unoeste Guaruj\u00e1 pretende investigar por que o diagn\u00f3stico ainda demora, especialmente nos casos de tuberculose resistente, considerados mais graves e complexos. \u00a0 A iniciativa ser\u00e1 desenvolvida na Baixada Santista e parte de um [&hellip;]<\/p>\n","protected":false},"author":5,"featured_media":69443,"comment_status":"open","ping_status":"open","sticky":false,"template":"","format":"standard","meta":{"_seopress_robots_primary_cat":"","_seopress_titles_title":"","_seopress_titles_desc":"","_seopress_robots_index":"","footnotes":""},"categories":[52],"tags":[],"class_list":["post-69442","post","type-post","status-publish","format-standard","has-post-thumbnail","hentry","category-santoseregiao"],"_links":{"self":[{"href":"https:\/\/mussicom.com\/noticias\/wp-json\/wp\/v2\/posts\/69442","targetHints":{"allow":["GET"]}}],"collection":[{"href":"https:\/\/mussicom.com\/noticias\/wp-json\/wp\/v2\/posts"}],"about":[{"href":"https:\/\/mussicom.com\/noticias\/wp-json\/wp\/v2\/types\/post"}],"author":[{"embeddable":true,"href":"https:\/\/mussicom.com\/noticias\/wp-json\/wp\/v2\/users\/5"}],"replies":[{"embeddable":true,"href":"https:\/\/mussicom.com\/noticias\/wp-json\/wp\/v2\/comments?post=69442"}],"version-history":[{"count":0,"href":"https:\/\/mussicom.com\/noticias\/wp-json\/wp\/v2\/posts\/69442\/revisions"}],"wp:featuredmedia":[{"embeddable":true,"href":"https:\/\/mussicom.com\/noticias\/wp-json\/wp\/v2\/media\/69443"}],"wp:attachment":[{"href":"https:\/\/mussicom.com\/noticias\/wp-json\/wp\/v2\/media?parent=69442"}],"wp:term":[{"taxonomy":"category","embeddable":true,"href":"https:\/\/mussicom.com\/noticias\/wp-json\/wp\/v2\/categories?post=69442"},{"taxonomy":"post_tag","embeddable":true,"href":"https:\/\/mussicom.com\/noticias\/wp-json\/wp\/v2\/tags?post=69442"}],"curies":[{"name":"wp","href":"https:\/\/api.w.org\/{rel}","templated":true}]}}