{"id":69427,"date":"2026-03-25T22:58:14","date_gmt":"2026-03-26T01:58:14","guid":{"rendered":"https:\/\/mussicom.com\/americanas-pede-encerramento-de-recuperacao-judicial\/"},"modified":"2026-03-25T22:58:14","modified_gmt":"2026-03-26T01:58:14","slug":"americanas-pede-encerramento-de-recuperacao-judicial","status":"publish","type":"post","link":"https:\/\/mussicom.com\/noticias\/americanas-pede-encerramento-de-recuperacao-judicial\/","title":{"rendered":"Americanas pede encerramento de recupera\u00e7\u00e3o judicial"},"content":{"rendered":"<p> <br \/>\n<\/p>\n<div id=\"tp-post-content\">\n<p class=\"postParagraph_post-paragraph__juWZN postParagraph_post-paragraph-innerHtml__Q5vwc\">A Americanas S.A., propriet\u00e1ria da rede de lojas de mesmo nome, comunicou nesta quarta-feira (25) ao mercado ter protocolado um pedido formal de encerramento do processo de recupera\u00e7\u00e3o judicial. A rede de lojas estava em recupera\u00e7\u00e3o judicial desde 2023.<\/p>\n<p class=\"postParagraph_post-paragraph__juWZN postParagraph_post-paragraph-innerHtml__Q5vwc\">Ainda de acordo com a empresa, a Americanas vendeu as marcas Imaginarium e Puket por R$ 152,9 milh\u00f5es. A medida faz parte do acordo judicial.<\/p>\n<div class=\"postViewMore_post-view-more-container___5wai\" data-mrf-recirculation=\"Post - Veja tamb\u00e9m\">\n<p class=\"gp-styles-module-size-small-afeYRa gp-styles-module-font-family2-afeYRa gp-styles-module-color-secondary-afeYRa gp-styles-module-weight-bold-afeYRa\">VEJA TAMB\u00c9M:<\/p>\n<ul class=\"postViewMore_post-view-more-list__CU_CE\">\n<li class=\"postViewMore_post-view-more-item__2MzRb\"><span class=\"postViewMore_post-view-more-link-icon___stPC\"><svg xmlns=\"http:\/\/www.w3.org\/2000\/svg\" width=\"16\" height=\"16\" viewbox=\"0 0 16 16\"><rect width=\"16\" height=\"16\" fill=\"none\"\/><g transform=\"translate(3 3)\"><path d=\"M22.5,15l3.4,3.4-3.4,3.4\" transform=\"translate(-15.896 -11.793)\" fill=\"none\" stroke=\"#717171\" stroke-linecap=\"round\" stroke-width=\"1.4\"\/><path d=\"M6,6v4.2a2.452,2.452,0,0,0,2.5,2.4H16\" transform=\"translate(-6 -6)\" fill=\"none\" stroke=\"#717171\" stroke-linecap=\"round\" stroke-width=\"1.4\"\/><\/g><\/svg><\/span><span class=\"postViewMore_post-view-more-link-text__hO_kM\">Americanas registra preju\u00edzo de R$4,6 bilh\u00f5es<\/span><\/li>\n<li class=\"postViewMore_post-view-more-item__2MzRb\"><span class=\"postViewMore_post-view-more-link-icon___stPC\"><svg xmlns=\"http:\/\/www.w3.org\/2000\/svg\" width=\"16\" height=\"16\" viewbox=\"0 0 16 16\"><rect width=\"16\" height=\"16\" fill=\"none\"\/><g transform=\"translate(3 3)\"><path d=\"M22.5,15l3.4,3.4-3.4,3.4\" transform=\"translate(-15.896 -11.793)\" fill=\"none\" stroke=\"#717171\" stroke-linecap=\"round\" stroke-width=\"1.4\"\/><path d=\"M6,6v4.2a2.452,2.452,0,0,0,2.5,2.4H16\" transform=\"translate(-6 -6)\" fill=\"none\" stroke=\"#717171\" stroke-linecap=\"round\" stroke-width=\"1.4\"\/><\/g><\/svg><\/span><span class=\"postViewMore_post-view-more-link-text__hO_kM\">Justi\u00e7a aceita pedido de recupera\u00e7\u00e3o judicial da Americanas<\/span><\/li>\n<\/ul>\n<\/div>\n<p class=\"postParagraph_post-paragraph__juWZN postParagraph_post-paragraph-innerHtml__Q5vwc\">O requerimento de fim do processo de recuper\u00e7\u00e3o foi apresentado \u00e0 4\u00aa Vara Empresarial da Comarca do Estado do Rio de Janeiro e abrange n\u00e3o apenas a holding, mas tamb\u00e9m as subsidi\u00e1rias B2W Digital Lux, JSM Global e ST Importa\u00e7\u00f5es.<\/p>\n<p class=\"postParagraph_post-paragraph__juWZN postParagraph_post-paragraph-innerHtml__Q5vwc\">Segundo fato relevante, o pedido se fundamenta no \u201ccumprimento de todas as obriga\u00e7\u00f5es previstas\u201d no Plano de Recupera\u00e7\u00e3o Judicial, que possu\u00edam vencimento em at\u00e9 dois anos ap\u00f3s a homologa\u00e7\u00e3o judicial.<\/p>\n<p class=\"postParagraph_post-paragraph__juWZN postParagraph_post-paragraph-innerHtml__Q5vwc\">Segundo a Americanas, os ritos estabelecidos na Lei n\u00ba 11.101\/2005, que regimenta estes processos, teriam sido cumpridos. A administra\u00e7\u00e3o da companhia informou ainda que \u201cadotar\u00e1 todas as medidas necess\u00e1rias\u201d para concluir tr\u00e2mites administrativos e legais do encerramento.<\/p>\n<p class=\"postParagraph_post-paragraph__juWZN postParagraph_post-paragraph-innerHtml__Q5vwc\">A empresa vinha operando sob regime de recupera\u00e7\u00e3o judicial desde o ano de 2023, ap\u00f3s terem sido descobertas inconsist\u00eancias cont\u00e1beis na casa de R$ 20 bilh\u00f5es.<\/p>\n<\/div>\n<p><br \/>\n<br \/>Fonte: <a href=\"https:\/\/www.gazetadopovo.com.br\/economia\/americanas-pede-fim-da-recuperacao-judicial\/\">Gazeta do Povo<\/a><\/p>\n","protected":false},"excerpt":{"rendered":"<p>A Americanas S.A., propriet\u00e1ria da rede de lojas de mesmo nome, comunicou nesta quarta-feira (25) ao mercado ter protocolado um pedido formal de encerramento do processo de recupera\u00e7\u00e3o judicial. A rede de lojas estava em recupera\u00e7\u00e3o judicial desde 2023. Ainda de acordo com a empresa, a Americanas vendeu as marcas Imaginarium e Puket por R$ [&hellip;]<\/p>\n","protected":false},"author":5,"featured_media":69428,"comment_status":"open","ping_status":"open","sticky":false,"template":"","format":"standard","meta":{"_seopress_robots_primary_cat":"","_seopress_titles_title":"","_seopress_titles_desc":"","_seopress_robots_index":"","footnotes":""},"categories":[45],"tags":[],"class_list":["post-69427","post","type-post","status-publish","format-standard","has-post-thumbnail","hentry","category-economia"],"_links":{"self":[{"href":"https:\/\/mussicom.com\/noticias\/wp-json\/wp\/v2\/posts\/69427","targetHints":{"allow":["GET"]}}],"collection":[{"href":"https:\/\/mussicom.com\/noticias\/wp-json\/wp\/v2\/posts"}],"about":[{"href":"https:\/\/mussicom.com\/noticias\/wp-json\/wp\/v2\/types\/post"}],"author":[{"embeddable":true,"href":"https:\/\/mussicom.com\/noticias\/wp-json\/wp\/v2\/users\/5"}],"replies":[{"embeddable":true,"href":"https:\/\/mussicom.com\/noticias\/wp-json\/wp\/v2\/comments?post=69427"}],"version-history":[{"count":0,"href":"https:\/\/mussicom.com\/noticias\/wp-json\/wp\/v2\/posts\/69427\/revisions"}],"wp:featuredmedia":[{"embeddable":true,"href":"https:\/\/mussicom.com\/noticias\/wp-json\/wp\/v2\/media\/69428"}],"wp:attachment":[{"href":"https:\/\/mussicom.com\/noticias\/wp-json\/wp\/v2\/media?parent=69427"}],"wp:term":[{"taxonomy":"category","embeddable":true,"href":"https:\/\/mussicom.com\/noticias\/wp-json\/wp\/v2\/categories?post=69427"},{"taxonomy":"post_tag","embeddable":true,"href":"https:\/\/mussicom.com\/noticias\/wp-json\/wp\/v2\/tags?post=69427"}],"curies":[{"name":"wp","href":"https:\/\/api.w.org\/{rel}","templated":true}]}}