{"id":69362,"date":"2026-03-25T16:59:34","date_gmt":"2026-03-25T19:59:34","guid":{"rendered":"https:\/\/mussicom.com\/1o-concurso-do-suco-de-uva-brasileiro-estreia-com-190-amostras-de-seis-estados\/"},"modified":"2026-03-25T16:59:34","modified_gmt":"2026-03-25T19:59:34","slug":"1o-concurso-do-suco-de-uva-brasileiro-estreia-com-190-amostras-de-seis-estados","status":"publish","type":"post","link":"https:\/\/mussicom.com\/noticias\/1o-concurso-do-suco-de-uva-brasileiro-estreia-com-190-amostras-de-seis-estados\/","title":{"rendered":"1\u00ba Concurso do Suco de Uva Brasileiro estreia com 190 amostras de seis estados"},"content":{"rendered":"<p> <br \/>\n<\/p>\n<div>\n<p style=\"text-align:justify\">O Concurso do Suco de Uva Brasileiro, promovido pela Associa\u00e7\u00e3o Brasileira de Enologia (ABE), encerrou suas inscri\u00e7\u00f5es confirmando a for\u00e7a e a diversidade da produ\u00e7\u00e3o nacional da bebida. J\u00e1 na primeira edi\u00e7\u00e3o, ser\u00e3o avaliadas 190 amostras inscritas por 69 empresas de seis estados brasileiros \u2013 Minas Gerais, Paran\u00e1, Pernambuco, Rio Grande do Sul, Santa Catarina e S\u00e3o Paulo -, contemplando diferentes regi\u00f5es produtoras e evidenciando a abrang\u00eancia da iniciativa.&#13;\n<\/p>\n<p style=\"text-align:justify\">Est\u00e3o representadas no concurso regi\u00f5es tradicionais e emergentes da vitivinicultura brasileira, como a Serra Ga\u00facha e a Campanha Ga\u00facha, no Rio Grande do Sul, o Vale do S\u00e3o Francisco, entre Bahia e Pernambuco, a Serra Catarinense, a Serra da Mantiqueira, em Minas Gerais, al\u00e9m de polos produtivos em S\u00e3o Paulo e Paran\u00e1. A diversidade geogr\u00e1fica refor\u00e7a o car\u00e1ter nacional do concurso e a consolida\u00e7\u00e3o do suco de uva como um produto presente em diferentes territ\u00f3rios do pa\u00eds.<\/p>\n<p style=\"text-align:justify\">O Rio Grande do Sul, ber\u00e7o da vitivinicultura brasileira, concentra o maior n\u00famero de amostras, com 145 inscri\u00e7\u00f5es. Na sequ\u00eancia aparecem Santa Catarina (13), Pernambuco (10), Paran\u00e1 (10), S\u00e3o Paulo (9) e Minas Gerais (3), refletindo tanto a tradi\u00e7\u00e3o quanto a expans\u00e3o da produ\u00e7\u00e3o em novas fronteiras. Para o presidente da ABE, en\u00f3logo M\u00e1rio Lucas Ieggli, o n\u00famero de inscritos e a distribui\u00e7\u00e3o das amostras confirmam a relev\u00e2ncia da iniciativa. \u201cEncerramos esta etapa com um resultado extremamente positivo. A ades\u00e3o de empresas de diferentes regi\u00f5es mostra que o setor entendeu a import\u00e2ncia de um concurso t\u00e9cnico dedicado exclusivamente ao suco de uva, valorizando a qualidade e estimulando a evolu\u00e7\u00e3o do produto brasileiro\u201d, destaca.&#13;\n<\/p>\n<p style=\"text-align:justify\">As amostras ser\u00e3o avaliadas \u00e0s cegas no dia 9 de abril por um painel de degustadores especializados, com base em crit\u00e9rios sensoriais como aspecto visual, qualidade arom\u00e1tica, equil\u00edbrio gustativo e harmonia geral. A degusta\u00e7\u00e3o ir\u00e1 atribuir pontua\u00e7\u00e3o de 0 a 100 pontos, com base em ficha pr\u00f3pria, atribu\u00edda pela organiza\u00e7\u00e3o do evento. Produtos com mais de 95 pontos receber\u00e3o Medalha Diamante, com pontua\u00e7\u00e3o entre 90 e 95 pontos, Medalha Platina e para os que ficarem entre 85 e 89 pontos ser\u00e1 atribu\u00eddo o M\u00e9rito Uva. Os selos oficiais poder\u00e3o ser utilizados nos r\u00f3tulos e materiais promocionais, agregando valor comercial e institucional \u00e0s marcas premiadas. A divulga\u00e7\u00e3o oficial dos resultados ocorre no dia 10 de abril, \u00e0s 17hs, no sal\u00e3o nobre da prefeitura municipal de Bento Gon\u00e7alves.<\/p>\n<p style=\"text-align:justify\">As amostras foram inscritas em cinco categorias distintas: Suco de Uva Natural, Suco de Uva Integral, Suco de Uva Reconstitu\u00eddo, Suco de Uva Gaseificado e Suco de Uva Org\u00e2nico ou Biodin\u00e2mico, com tr\u00eas grupos em cada uma &#8211; branco, ros\u00e9 e tinto.<\/p>\n<p style=\"text-align:justify\">Criado como o primeiro concurso do mundo voltado exclusivamente \u00e0 avalia\u00e7\u00e3o t\u00e9cnica e profissional do suco de uva, o evento nasce em sintonia com o crescimento do consumo da bebida no Brasil, que vem se consolidando como uma alternativa natural, saud\u00e1vel e sem \u00e1lcool, alinhada \u00e0s novas demandas do consumidor.&#13;\n<\/p>\n<p style=\"text-align:justify\">ESTADO &#8211; N\u00daMERO DE AMOSTRAS<\/p>\n<p style=\"text-align:justify\">MG &#8211; 003<\/p>\n<p style=\"text-align:justify\">PE &#8211; 010<\/p>\n<p style=\"text-align:justify\">PR &#8211; 010<\/p>\n<p style=\"text-align:justify\">RS &#8211; 145<\/p>\n<p style=\"text-align:justify\">SC &#8211; 13<\/p>\n<p style=\"text-align:justify\">SP &#8211;\u00a0 09<\/p>\n<p style=\"text-align:justify\">TOTAL &#8211; 190<\/p>\n<\/p><\/div>\n<p><script data-cfasync=\"false\">\n    !function (f, b, e, v, n, t, s) {\n        if (f.fbq) return; n = f.fbq = function () {\n            n.callMethod ?\n                n.callMethod.apply(n, arguments) : n.queue.push(arguments)\n        };\n        if (!f._fbq) f._fbq = n; n.push = n; n.loaded = !0; n.version = '2.0';\n        n.queue = []; t = b.createElement(e); t.async = !0;\n        t.src = v; s = b.getElementsByTagName(e)[0];\n        s.parentNode.insertBefore(t, s)\n    }(window, document, 'script',\n        'https:\/\/connect.facebook.net\/en_US\/fbevents.js');\n    fbq('init', '522546078623747');\n    fbq('track', 'PageView');\n<\/script><br \/>\n<br \/><br \/>\n<br \/>Fonte: <a href=\"https:\/\/www.agrolink.com.br\/noticias\/1--concurso-do-suco-de-uva-brasileiro-estreia-com-190-amostras-de-seis-estados_512423.html\">AGROLINK<\/a><\/p>\n","protected":false},"excerpt":{"rendered":"<p>O Concurso do Suco de Uva Brasileiro, promovido pela Associa\u00e7\u00e3o Brasileira de Enologia (ABE), encerrou suas inscri\u00e7\u00f5es confirmando a for\u00e7a e a diversidade da produ\u00e7\u00e3o nacional da bebida. J\u00e1 na primeira edi\u00e7\u00e3o, ser\u00e3o avaliadas 190 amostras inscritas por 69 empresas de seis estados brasileiros \u2013 Minas Gerais, Paran\u00e1, Pernambuco, Rio Grande do Sul, Santa Catarina [&hellip;]<\/p>\n","protected":false},"author":5,"featured_media":69363,"comment_status":"open","ping_status":"open","sticky":false,"template":"","format":"standard","meta":{"_seopress_robots_primary_cat":"","_seopress_titles_title":"","_seopress_titles_desc":"","_seopress_robots_index":"","footnotes":""},"categories":[53],"tags":[],"class_list":["post-69362","post","type-post","status-publish","format-standard","has-post-thumbnail","hentry","category-agronegocio"],"_links":{"self":[{"href":"https:\/\/mussicom.com\/noticias\/wp-json\/wp\/v2\/posts\/69362","targetHints":{"allow":["GET"]}}],"collection":[{"href":"https:\/\/mussicom.com\/noticias\/wp-json\/wp\/v2\/posts"}],"about":[{"href":"https:\/\/mussicom.com\/noticias\/wp-json\/wp\/v2\/types\/post"}],"author":[{"embeddable":true,"href":"https:\/\/mussicom.com\/noticias\/wp-json\/wp\/v2\/users\/5"}],"replies":[{"embeddable":true,"href":"https:\/\/mussicom.com\/noticias\/wp-json\/wp\/v2\/comments?post=69362"}],"version-history":[{"count":0,"href":"https:\/\/mussicom.com\/noticias\/wp-json\/wp\/v2\/posts\/69362\/revisions"}],"wp:featuredmedia":[{"embeddable":true,"href":"https:\/\/mussicom.com\/noticias\/wp-json\/wp\/v2\/media\/69363"}],"wp:attachment":[{"href":"https:\/\/mussicom.com\/noticias\/wp-json\/wp\/v2\/media?parent=69362"}],"wp:term":[{"taxonomy":"category","embeddable":true,"href":"https:\/\/mussicom.com\/noticias\/wp-json\/wp\/v2\/categories?post=69362"},{"taxonomy":"post_tag","embeddable":true,"href":"https:\/\/mussicom.com\/noticias\/wp-json\/wp\/v2\/tags?post=69362"}],"curies":[{"name":"wp","href":"https:\/\/api.w.org\/{rel}","templated":true}]}}