{"id":69340,"date":"2026-03-25T14:51:22","date_gmt":"2026-03-25T17:51:22","guid":{"rendered":"https:\/\/mussicom.com\/europa-investiga-autoria-do-ira-em-ataques-antissemitas\/"},"modified":"2026-03-25T14:51:22","modified_gmt":"2026-03-25T17:51:22","slug":"europa-investiga-autoria-do-ira-em-ataques-antissemitas","status":"publish","type":"post","link":"https:\/\/mussicom.com\/noticias\/europa-investiga-autoria-do-ira-em-ataques-antissemitas\/","title":{"rendered":"Europa investiga autoria do Ir\u00e3 em ataques antissemitas"},"content":{"rendered":"<p> <br \/>\n<\/p>\n<div id=\"tp-post-content\">\n<p class=\"postParagraph_post-paragraph__juWZN postParagraph_post-paragraph-innerHtml__Q5vwc\">Autoridades europeias informaram nesta quarta-feira (25) que investigam o envolvimento do Ir\u00e3 em uma s\u00e9rie de ataques terroristas no continente desde o in\u00edcio da guerra contra os EUA e Israel. Ao todo, quase uma d\u00fazia de casos s\u00e3o apurados em diferente pa\u00edses.<\/p>\n<p class=\"postParagraph_post-paragraph__juWZN postParagraph_post-paragraph-innerHtml__Q5vwc\">As fontes, que falaram sob condi\u00e7\u00e3o de anonimato ao jornal <em>The Wall Street Journal,<\/em> revelaram que agentes iranianos estariam recrutaram indiv\u00edduos pela internet para realizar ataques contra escolas judaicas, sinagogas e empresas ligadas a Israel. Eles teriam, inclusive, criado um grupo falso chamado <em>Movimento Isl\u00e2mico dos Companheiros Justos<\/em> para reivindicar a responsabilidade pelas a\u00e7\u00f5es e dificultar a conex\u00e3o com o Ir\u00e3.<\/p>\n<p class=\"postParagraph_post-paragraph__juWZN postParagraph_post-paragraph-innerHtml__Q5vwc\">As autoridades de intelig\u00eancia europeias afirmam que o grupo n\u00e3o estava em seus radares antes deste m\u00eas.<\/p>\n<p class=\"postParagraph_post-paragraph__juWZN postParagraph_post-paragraph-innerHtml__Q5vwc\">Nesta quarta-feira, a pol\u00edcia brit\u00e2nica anunciou a pris\u00e3o de dois homens em conex\u00e3o com o ataque antissemita a ambul\u00e2ncias pertencentes \u00e0 comunidade judaica no norte de Londres, no in\u00edcio da semana.<\/p>\n<p class=\"postParagraph_post-paragraph__juWZN postParagraph_post-paragraph-innerHtml__Q5vwc\">A reportagem verificou que os ataques foram amplamente divulgados em canais de comunica\u00e7\u00e3o pr\u00f3-regime iraniano. Em pelo menos um caso, a a\u00e7\u00e3o foi anunciada com anteced\u00eancia, segundo investigadores e especialistas em contraterrorismo.<\/p>\n<p class=\"postParagraph_post-paragraph__juWZN postParagraph_post-paragraph-innerHtml__Q5vwc\">Em 16 de mar\u00e7o, o grupo que reivindicou a maioria dos ataques alertou cidad\u00e3os na Europa a se distanciarem \u201cimediatamente de todos os interesses americanos e sionistas e de tudo o que estiver relacionado a eles\u201d.<\/p>\n<\/div>\n<p><br \/>\n<br \/>Fonte: <a href=\"https:\/\/www.gazetadopovo.com.br\/mundo\/europa-investiga-autoria-ira-mais-10-ataques-antissemitas-desde-inicio-da-guerra\/\">Revista Oeste<\/a><\/p>\n","protected":false},"excerpt":{"rendered":"<p>Autoridades europeias informaram nesta quarta-feira (25) que investigam o envolvimento do Ir\u00e3 em uma s\u00e9rie de ataques terroristas no continente desde o in\u00edcio da guerra contra os EUA e Israel. Ao todo, quase uma d\u00fazia de casos s\u00e3o apurados em diferente pa\u00edses. As fontes, que falaram sob condi\u00e7\u00e3o de anonimato ao jornal The Wall Street [&hellip;]<\/p>\n","protected":false},"author":5,"featured_media":68621,"comment_status":"open","ping_status":"open","sticky":false,"template":"","format":"standard","meta":{"_seopress_robots_primary_cat":"","_seopress_titles_title":"","_seopress_titles_desc":"","_seopress_robots_index":"","footnotes":""},"categories":[48],"tags":[],"class_list":["post-69340","post","type-post","status-publish","format-standard","has-post-thumbnail","hentry","category-internacional"],"_links":{"self":[{"href":"https:\/\/mussicom.com\/noticias\/wp-json\/wp\/v2\/posts\/69340","targetHints":{"allow":["GET"]}}],"collection":[{"href":"https:\/\/mussicom.com\/noticias\/wp-json\/wp\/v2\/posts"}],"about":[{"href":"https:\/\/mussicom.com\/noticias\/wp-json\/wp\/v2\/types\/post"}],"author":[{"embeddable":true,"href":"https:\/\/mussicom.com\/noticias\/wp-json\/wp\/v2\/users\/5"}],"replies":[{"embeddable":true,"href":"https:\/\/mussicom.com\/noticias\/wp-json\/wp\/v2\/comments?post=69340"}],"version-history":[{"count":0,"href":"https:\/\/mussicom.com\/noticias\/wp-json\/wp\/v2\/posts\/69340\/revisions"}],"wp:featuredmedia":[{"embeddable":true,"href":"https:\/\/mussicom.com\/noticias\/wp-json\/wp\/v2\/media\/68621"}],"wp:attachment":[{"href":"https:\/\/mussicom.com\/noticias\/wp-json\/wp\/v2\/media?parent=69340"}],"wp:term":[{"taxonomy":"category","embeddable":true,"href":"https:\/\/mussicom.com\/noticias\/wp-json\/wp\/v2\/categories?post=69340"},{"taxonomy":"post_tag","embeddable":true,"href":"https:\/\/mussicom.com\/noticias\/wp-json\/wp\/v2\/tags?post=69340"}],"curies":[{"name":"wp","href":"https:\/\/api.w.org\/{rel}","templated":true}]}}