{"id":69329,"date":"2026-03-25T13:50:27","date_gmt":"2026-03-25T16:50:27","guid":{"rendered":"https:\/\/mussicom.com\/ira-rejeita-plano-de-cessar-fogo-de-trump\/"},"modified":"2026-03-25T13:50:27","modified_gmt":"2026-03-25T16:50:27","slug":"ira-rejeita-plano-de-cessar-fogo-de-trump","status":"publish","type":"post","link":"https:\/\/mussicom.com\/noticias\/ira-rejeita-plano-de-cessar-fogo-de-trump\/","title":{"rendered":"Ir\u00e3 rejeita plano de cessar-fogo de Trump"},"content":{"rendered":"<p> <br \/>\n<\/p>\n<div id=\"tp-post-content\">\n<p class=\"postParagraph_post-paragraph__juWZN postParagraph_post-paragraph-innerHtml__Q5vwc\">O regime do Ir\u00e3 rejeitou nesta quarta-feira (25) a proposta de cessar-fogo apresentada pelo presidente dos Estados Unidos, Donald Trump, e respondeu com uma contraproposta de cinco pontos.<\/p>\n<p class=\"postParagraph_post-paragraph__juWZN postParagraph_post-paragraph-innerHtml__Q5vwc\">Um funcion\u00e1rio do regime iraniano n\u00e3o identificado manifestou essa posi\u00e7\u00e3o em pronunciamento na emissora estatal iraniana em ingl\u00eas, Press TV, reproduzido por ag\u00eancias internacionais.<\/p>\n<p class=\"postParagraph_post-paragraph__juWZN postParagraph_post-paragraph-innerHtml__Q5vwc\">\u201cO Ir\u00e3 encerrar\u00e1 a guerra quando decidir faz\u00ea-lo e quando suas pr\u00f3prias condi\u00e7\u00f5es forem atendidas\u201d, disse o funcion\u00e1rio.<\/p>\n<p class=\"postParagraph_post-paragraph__juWZN postParagraph_post-paragraph-innerHtml__Q5vwc\">Os cinco pontos da contraproposta do Ir\u00e3, segundo a Press TV, s\u00e3o: suspens\u00e3o dos \u201cassassinatos\u201d de integrantes do regime; medidas para garantir que nenhuma outra guerra seja travada contra o pa\u00eds; \u201crepara\u00e7\u00f5es\u201d pelo conflito; o fim das hostilidades; e o \u201cexerc\u00edcio da soberania iraniana sobre o Estreito de Ormuz\u201d.<\/p>\n<p class=\"postParagraph_post-paragraph__juWZN postParagraph_post-paragraph-innerHtml__Q5vwc\">Mais cedo, dois funcion\u00e1rios do governo do Paquist\u00e3o confirmaram \u00e0 ag\u00eancia Associated Press que o Ir\u00e3 havia recebido a proposta de Trump.<\/p>\n<p class=\"postParagraph_post-paragraph__juWZN postParagraph_post-paragraph-innerHtml__Q5vwc\">Sem confirma\u00e7\u00e3o oficial de Washington, os dois funcion\u00e1rios paquistaneses (que falaram \u00e0 AP sob a condi\u00e7\u00e3o de que seus nomes n\u00e3o fossem divulgados) relataram alguns pontos da proposta americana.<\/p>\n<p class=\"postParagraph_post-paragraph__juWZN postParagraph_post-paragraph-innerHtml__Q5vwc\">Entre eles, estariam o al\u00edvio das san\u00e7\u00f5es americanas contra o Ir\u00e3, coopera\u00e7\u00e3o nuclear civil entre os dois pa\u00edses, a redu\u00e7\u00e3o do programa nuclear iraniano, o monitoramento pela Ag\u00eancia Internacional de Energia At\u00f4mica (Aiea), limites para o programa de m\u00edsseis iraniano e a libera\u00e7\u00e3o total do acesso de navios ao Estreito de Ormuz.<\/p>\n<p class=\"postParagraph_post-paragraph__juWZN postParagraph_post-paragraph-innerHtml__Q5vwc\">Por esta passagem, fechada quase totalmente pelo Ir\u00e3 ap\u00f3s o in\u00edcio do conflito com EUA e Israel, transitam cerca de 20% do petr\u00f3leo e do g\u00e1s natural liquefeito (GNL) do mundo.<\/p>\n<p class=\"postParagraph_post-paragraph__juWZN postParagraph_post-paragraph-innerHtml__Q5vwc\">Um funcion\u00e1rio do governo do Egito afirmou \u00e0 AP que a proposta de Trump tamb\u00e9m exigia o fim do envio de armas para grupos terroristas parceiros de Teer\u00e3, como Hamas e Hezbollah.<\/p>\n<\/div>\n<p><br \/>\n<br \/>Fonte: <a href=\"https:\/\/www.gazetadopovo.com.br\/mundo\/ira-rejeita-plano-de-cessar-fogo-de-trump-e-apresenta-contraproposta\/\">Revista Oeste<\/a><\/p>\n","protected":false},"excerpt":{"rendered":"<p>O regime do Ir\u00e3 rejeitou nesta quarta-feira (25) a proposta de cessar-fogo apresentada pelo presidente dos Estados Unidos, Donald Trump, e respondeu com uma contraproposta de cinco pontos. Um funcion\u00e1rio do regime iraniano n\u00e3o identificado manifestou essa posi\u00e7\u00e3o em pronunciamento na emissora estatal iraniana em ingl\u00eas, Press TV, reproduzido por ag\u00eancias internacionais. \u201cO Ir\u00e3 encerrar\u00e1 [&hellip;]<\/p>\n","protected":false},"author":5,"featured_media":69330,"comment_status":"open","ping_status":"open","sticky":false,"template":"","format":"standard","meta":{"_seopress_robots_primary_cat":"","_seopress_titles_title":"","_seopress_titles_desc":"","_seopress_robots_index":"","footnotes":""},"categories":[48],"tags":[],"class_list":["post-69329","post","type-post","status-publish","format-standard","has-post-thumbnail","hentry","category-internacional"],"_links":{"self":[{"href":"https:\/\/mussicom.com\/noticias\/wp-json\/wp\/v2\/posts\/69329","targetHints":{"allow":["GET"]}}],"collection":[{"href":"https:\/\/mussicom.com\/noticias\/wp-json\/wp\/v2\/posts"}],"about":[{"href":"https:\/\/mussicom.com\/noticias\/wp-json\/wp\/v2\/types\/post"}],"author":[{"embeddable":true,"href":"https:\/\/mussicom.com\/noticias\/wp-json\/wp\/v2\/users\/5"}],"replies":[{"embeddable":true,"href":"https:\/\/mussicom.com\/noticias\/wp-json\/wp\/v2\/comments?post=69329"}],"version-history":[{"count":0,"href":"https:\/\/mussicom.com\/noticias\/wp-json\/wp\/v2\/posts\/69329\/revisions"}],"wp:featuredmedia":[{"embeddable":true,"href":"https:\/\/mussicom.com\/noticias\/wp-json\/wp\/v2\/media\/69330"}],"wp:attachment":[{"href":"https:\/\/mussicom.com\/noticias\/wp-json\/wp\/v2\/media?parent=69329"}],"wp:term":[{"taxonomy":"category","embeddable":true,"href":"https:\/\/mussicom.com\/noticias\/wp-json\/wp\/v2\/categories?post=69329"},{"taxonomy":"post_tag","embeddable":true,"href":"https:\/\/mussicom.com\/noticias\/wp-json\/wp\/v2\/tags?post=69329"}],"curies":[{"name":"wp","href":"https:\/\/api.w.org\/{rel}","templated":true}]}}