{"id":69307,"date":"2026-03-25T11:48:30","date_gmt":"2026-03-25T14:48:30","guid":{"rendered":"https:\/\/mussicom.com\/ditadora-interina-da-venezuela-participara-de-forum-nos-eua\/"},"modified":"2026-03-25T11:48:30","modified_gmt":"2026-03-25T14:48:30","slug":"ditadora-interina-da-venezuela-participara-de-forum-nos-eua","status":"publish","type":"post","link":"https:\/\/mussicom.com\/noticias\/ditadora-interina-da-venezuela-participara-de-forum-nos-eua\/","title":{"rendered":"Ditadora interina da Venezuela participar\u00e1 de f\u00f3rum nos EUA"},"content":{"rendered":"<p> <br \/>\n<\/p>\n<div id=\"tp-post-content\">\n<p class=\"postParagraph_post-paragraph__juWZN postParagraph_post-paragraph-innerHtml__Q5vwc\">A ditadora interina da Venezuela, Delcy Rodr\u00edguez, teve presen\u00e7a confirmada nesta quarta-feira (25) em um f\u00f3rum econ\u00f4mico realizado em Miami, no qual o presidente dos EUA, Donald Trump, discursar\u00e1 na pr\u00f3xima sexta-feira.<\/p>\n<p class=\"postParagraph_post-paragraph__juWZN postParagraph_post-paragraph-innerHtml__Q5vwc\">Sua participa\u00e7\u00e3o ser\u00e1 de forma remota, segundo confirmaram \u00e0 <em>Ag\u00eancia EFE<\/em> organizadores do f\u00f3rum FII Priority, e ocorre em meio \u00e0 complexa rela\u00e7\u00e3o entre Washington e Caracas ap\u00f3s a opera\u00e7\u00e3o militar de 3 de janeiro, que resultou na captura do ent\u00e3o ditador Nicol\u00e1s Maduro e sua posterior transfer\u00eancia para Nova York, onde enfrenta acusa\u00e7\u00f5es judiciais relacionadas ao narcotr\u00e1fico.<\/p>\n<p class=\"postParagraph_post-paragraph__juWZN postParagraph_post-paragraph-innerHtml__Q5vwc\">O evento reunir\u00e1 l\u00edderes globais dos \u00e2mbitos econ\u00f4mico e tecnol\u00f3gico. O encontro, focado em intelig\u00eancia artificial (IA) e investimentos, congrega mais de mil l\u00edderes empresariais e figuras internacionais, entre eles o presidente do Banco Interamericano de Desenvolvimento (BID), o brasileiro Ilan Goldfajn, al\u00e9m de executivos e formuladores de pol\u00edticas.<\/p>\n<p class=\"postParagraph_post-paragraph__juWZN postParagraph_post-paragraph-innerHtml__Q5vwc\">O f\u00f3rum ser\u00e1 encerrado na sexta-feira com a participa\u00e7\u00e3o do presidente Trump.<\/p>\n<p class=\"postParagraph_post-paragraph__juWZN postParagraph_post-paragraph-innerHtml__Q5vwc\">Delcy Rodr\u00edguez assumiu a lideran\u00e7a interina da Venezuela logo ap\u00f3s a captura de Maduro, que comparecer\u00e1 nesta quinta-feira (26), junto \u00e0 sua esposa, Cilia Flores, perante um tribunal federal do Distrito Sul de Nova York por acusa\u00e7\u00f5es de narcotr\u00e1fico e corrup\u00e7\u00e3o.<\/p>\n<p class=\"postParagraph_post-paragraph__juWZN postParagraph_post-paragraph-innerHtml__Q5vwc\">O FII Priority, realizado em Miami Beach durante tr\u00eas dias, faz parte de uma s\u00e9rie de encontros globais que re\u00fanem l\u00edderes, investidores e autoridades para debater os principais desafios econ\u00f4micos e tecnol\u00f3gicos em n\u00edvel internacional.<\/p>\n<\/div>\n<p><br \/>\n<br \/>Fonte: <a href=\"https:\/\/www.gazetadopovo.com.br\/mundo\/ditadora-interina-da-venezuela-participa-de-forum-economico-nos-eua\/\">Revista Oeste<\/a><\/p>\n","protected":false},"excerpt":{"rendered":"<p>A ditadora interina da Venezuela, Delcy Rodr\u00edguez, teve presen\u00e7a confirmada nesta quarta-feira (25) em um f\u00f3rum econ\u00f4mico realizado em Miami, no qual o presidente dos EUA, Donald Trump, discursar\u00e1 na pr\u00f3xima sexta-feira. Sua participa\u00e7\u00e3o ser\u00e1 de forma remota, segundo confirmaram \u00e0 Ag\u00eancia EFE organizadores do f\u00f3rum FII Priority, e ocorre em meio \u00e0 complexa rela\u00e7\u00e3o [&hellip;]<\/p>\n","protected":false},"author":5,"featured_media":60697,"comment_status":"open","ping_status":"open","sticky":false,"template":"","format":"standard","meta":{"_seopress_robots_primary_cat":"","_seopress_titles_title":"","_seopress_titles_desc":"","_seopress_robots_index":"","footnotes":""},"categories":[48],"tags":[],"class_list":["post-69307","post","type-post","status-publish","format-standard","has-post-thumbnail","hentry","category-internacional"],"_links":{"self":[{"href":"https:\/\/mussicom.com\/noticias\/wp-json\/wp\/v2\/posts\/69307","targetHints":{"allow":["GET"]}}],"collection":[{"href":"https:\/\/mussicom.com\/noticias\/wp-json\/wp\/v2\/posts"}],"about":[{"href":"https:\/\/mussicom.com\/noticias\/wp-json\/wp\/v2\/types\/post"}],"author":[{"embeddable":true,"href":"https:\/\/mussicom.com\/noticias\/wp-json\/wp\/v2\/users\/5"}],"replies":[{"embeddable":true,"href":"https:\/\/mussicom.com\/noticias\/wp-json\/wp\/v2\/comments?post=69307"}],"version-history":[{"count":0,"href":"https:\/\/mussicom.com\/noticias\/wp-json\/wp\/v2\/posts\/69307\/revisions"}],"wp:featuredmedia":[{"embeddable":true,"href":"https:\/\/mussicom.com\/noticias\/wp-json\/wp\/v2\/media\/60697"}],"wp:attachment":[{"href":"https:\/\/mussicom.com\/noticias\/wp-json\/wp\/v2\/media?parent=69307"}],"wp:term":[{"taxonomy":"category","embeddable":true,"href":"https:\/\/mussicom.com\/noticias\/wp-json\/wp\/v2\/categories?post=69307"},{"taxonomy":"post_tag","embeddable":true,"href":"https:\/\/mussicom.com\/noticias\/wp-json\/wp\/v2\/tags?post=69307"}],"curies":[{"name":"wp","href":"https:\/\/api.w.org\/{rel}","templated":true}]}}