{"id":69305,"date":"2026-03-25T11:47:21","date_gmt":"2026-03-25T14:47:21","guid":{"rendered":"https:\/\/mussicom.com\/correios-anunciam-escala-12x36-e-funcionarios-prometem-reacao\/"},"modified":"2026-03-25T11:47:21","modified_gmt":"2026-03-25T14:47:21","slug":"correios-anunciam-escala-12x36-e-funcionarios-prometem-reacao","status":"publish","type":"post","link":"https:\/\/mussicom.com\/noticias\/correios-anunciam-escala-12x36-e-funcionarios-prometem-reacao\/","title":{"rendered":"Correios anunciam escala 12&#215;36 e funcion\u00e1rios prometem rea\u00e7\u00e3o"},"content":{"rendered":"<p> <br \/>\n<\/p>\n<div id=\"tp-post-content\">\n<p class=\"postParagraph_post-paragraph__juWZN postParagraph_post-paragraph-innerHtml__Q5vwc\">A Federa\u00e7\u00e3o Nacional dos Trabalhadores em Empresas de Correios e Tel\u00e9grafos e Similares (Fentect) amea\u00e7ou uma mobiliza\u00e7\u00e3o em n\u00edvel nacional em resposta \u00e0 decis\u00e3o dos Correios, anunciada nesta ter\u00e7a-feira (24), de adotar, <strong>para algumas atividades<\/strong>, a jornada de 12 horas de trabalho para 36 horas de descanso.<\/p>\n<p class=\"postParagraph_post-paragraph__juWZN postParagraph_post-paragraph-innerHtml__Q5vwc\">O presidente da entidade, Emerson Marinho, argumenta que a nova jornada &#8220;adoece e imp\u00f5e a sobrecarga hor\u00e1ria  aos trabalhadores&#8221; e pede que os trabalhadores n\u00e3o assinem nenhum acordo individual nesse sentido.  &#8220;Deixa tudo a\u00ed lotar e vamos trabalhar conforme a legisla\u00e7\u00e3o manda, que s\u00e3o as oito horas di\u00e1rias&#8221;, prop\u00f5e.<\/p>\n<p class=\"postParagraph_post-paragraph__juWZN postParagraph_post-paragraph-innerHtml__Q5vwc\">&#8220;Se insistirem em retirar direitos, a resposta ser\u00e1 organiza\u00e7\u00e3o, mobiliza\u00e7\u00e3o e luta em todo o pa\u00eds. Estamos construindo uma grande rea\u00e7\u00e3o nacional para barrar esses retrocessos. N\u00e3o h\u00e1 negocia\u00e7\u00e3o com retirada de direitos&#8221;, diz a entidade. A Fentect direcionou as cr\u00edticas ao ministro-chefe da Casa Civil, Rui Costa, e \u00e0 ministra da Gest\u00e3o e Inova\u00e7\u00e3o em Servi\u00e7os P\u00fablicos, Esther Dweck, mas n\u00e3o detalhou quais a\u00e7\u00f5es fariam parte da rea\u00e7\u00e3o.<\/p>\n<p class=\"postParagraph_post-paragraph__juWZN postParagraph_post-paragraph-innerHtml__Q5vwc\">De acordo com a estatal, a medida faz parte do plano para cobrir o rombo que j\u00e1 chega a R$ 10 bilh\u00f5es e est\u00e1 &#8220;alinhada ao processo de moderniza\u00e7\u00e3o dos fluxos operacionais e ao aumento da efici\u00eancia na presta\u00e7\u00e3o dos servi\u00e7os&#8221;.<\/p>\n<div class=\"postViewMore_post-view-more-container___5wai\" data-mrf-recirculation=\"Post - Veja tamb\u00e9m\">\n<p class=\"gp-styles-module-size-small-afeYRa gp-styles-module-font-family2-afeYRa gp-styles-module-color-secondary-afeYRa gp-styles-module-weight-bold-afeYRa\">VEJA TAMB\u00c9M:<\/p>\n<ul class=\"postViewMore_post-view-more-list__CU_CE\">\n<li class=\"postViewMore_post-view-more-item__2MzRb\"><span class=\"postViewMore_post-view-more-link-icon___stPC\"><svg xmlns=\"http:\/\/www.w3.org\/2000\/svg\" width=\"16\" height=\"16\" viewbox=\"0 0 16 16\"><rect width=\"16\" height=\"16\" fill=\"none\"\/><g transform=\"translate(3 3)\"><path d=\"M22.5,15l3.4,3.4-3.4,3.4\" transform=\"translate(-15.896 -11.793)\" fill=\"none\" stroke=\"#717171\" stroke-linecap=\"round\" stroke-width=\"1.4\"\/><path d=\"M6,6v4.2a2.452,2.452,0,0,0,2.5,2.4H16\" transform=\"translate(-6 -6)\" fill=\"none\" stroke=\"#717171\" stroke-linecap=\"round\" stroke-width=\"1.4\"\/><\/g><\/svg><\/span><span class=\"postViewMore_post-view-more-link-text__hO_kM\">Impactos do fim da escala 6\u00d71 preocupam agro do Paran\u00e1 e acendem alerta nacional<\/span><\/li>\n<li class=\"postViewMore_post-view-more-item__2MzRb\"><span class=\"postViewMore_post-view-more-link-icon___stPC\"><svg xmlns=\"http:\/\/www.w3.org\/2000\/svg\" width=\"16\" height=\"16\" viewbox=\"0 0 16 16\"><rect width=\"16\" height=\"16\" fill=\"none\"\/><g transform=\"translate(3 3)\"><path d=\"M22.5,15l3.4,3.4-3.4,3.4\" transform=\"translate(-15.896 -11.793)\" fill=\"none\" stroke=\"#717171\" stroke-linecap=\"round\" stroke-width=\"1.4\"\/><path d=\"M6,6v4.2a2.452,2.452,0,0,0,2.5,2.4H16\" transform=\"translate(-6 -6)\" fill=\"none\" stroke=\"#717171\" stroke-linecap=\"round\" stroke-width=\"1.4\"\/><\/g><\/svg><\/span><span class=\"postViewMore_post-view-more-link-text__hO_kM\">Lula deixar\u00e1 ao pr\u00f3ximo presidente fatura bilion\u00e1ria para salvar Correios<\/span><\/li>\n<\/ul>\n<\/div>\n<p class=\"postParagraph_post-paragraph__juWZN postParagraph_post-paragraph-innerHtml__Q5vwc\">&#8220;A jornada flex\u00edvel se consolida como um diferencial competitivo relevante, ao ampliar a capacidade operacional dos Correios e fortalecer o posicionamento da empresa frente \u00e0 concorr\u00eancia no segmento de encomendas&#8221;, argumenta a empresa.<\/p>\n<p class=\"postParagraph_post-paragraph__juWZN postParagraph_post-paragraph-innerHtml__Q5vwc\">\u00c0 iniciativa privada, o governo federal trabalha em sentido oposto, para reduzir a jornada de trabalho m\u00e1xima permitida. A ideia \u00e9 proibir a jornada 6&#215;1 e impor uma carga hor\u00e1ria semanal m\u00e1xima de 36 horas. O discurso adotado em defesa da pauta \u00e9 justamente o da preserva\u00e7\u00e3o da sa\u00fade dos trabalhadores.<\/p>\n<p class=\"postParagraph_post-paragraph__juWZN postParagraph_post-paragraph-innerHtml__Q5vwc\">No caso dos Correios, como o modelo proposto seria calculado em horas, os funcion\u00e1rios alternariam entre trabalhar quatro dias em uma semana e tr\u00eas dias na semana seguinte. A empresa fica obrigada a conceder uma hora para almo\u00e7o ou descanso, al\u00e9m de pagar adicional noturno. Ao mesmo tempo em que supera a jornada di\u00e1ria comum, aumentando as cr\u00edticas relacionadas ao desgaste do trabalhador, a jornada 12&#215;36 gera em m\u00e9dia 15 dias de folga por m\u00eas.<\/p>\n<p class=\"postParagraph_post-paragraph__juWZN postParagraph_post-paragraph-innerHtml__Q5vwc\">A <strong>Gazeta do Povo<\/strong> entrou em contato com a Casa Civil, com o Minist\u00e9rio da Gest\u00e3o e da Inova\u00e7\u00e3o em Servi\u00e7os P\u00fablicos e com os Correios. O espa\u00e7o segue aberto para manifesta\u00e7\u00e3o.<\/p>\n<\/div>\n<p><br \/>\n<br \/>Fonte: <a href=\"https:\/\/www.gazetadopovo.com.br\/economia\/correios-anunciam-escala-12-36-e-servidores-prometem-reacao\/\">Gazeta do Povo<\/a><\/p>\n","protected":false},"excerpt":{"rendered":"<p>A Federa\u00e7\u00e3o Nacional dos Trabalhadores em Empresas de Correios e Tel\u00e9grafos e Similares (Fentect) amea\u00e7ou uma mobiliza\u00e7\u00e3o em n\u00edvel nacional em resposta \u00e0 decis\u00e3o dos Correios, anunciada nesta ter\u00e7a-feira (24), de adotar, para algumas atividades, a jornada de 12 horas de trabalho para 36 horas de descanso. O presidente da entidade, Emerson Marinho, argumenta que [&hellip;]<\/p>\n","protected":false},"author":5,"featured_media":69306,"comment_status":"open","ping_status":"open","sticky":false,"template":"","format":"standard","meta":{"_seopress_robots_primary_cat":"","_seopress_titles_title":"","_seopress_titles_desc":"","_seopress_robots_index":"","footnotes":""},"categories":[45],"tags":[],"class_list":["post-69305","post","type-post","status-publish","format-standard","has-post-thumbnail","hentry","category-economia"],"_links":{"self":[{"href":"https:\/\/mussicom.com\/noticias\/wp-json\/wp\/v2\/posts\/69305","targetHints":{"allow":["GET"]}}],"collection":[{"href":"https:\/\/mussicom.com\/noticias\/wp-json\/wp\/v2\/posts"}],"about":[{"href":"https:\/\/mussicom.com\/noticias\/wp-json\/wp\/v2\/types\/post"}],"author":[{"embeddable":true,"href":"https:\/\/mussicom.com\/noticias\/wp-json\/wp\/v2\/users\/5"}],"replies":[{"embeddable":true,"href":"https:\/\/mussicom.com\/noticias\/wp-json\/wp\/v2\/comments?post=69305"}],"version-history":[{"count":0,"href":"https:\/\/mussicom.com\/noticias\/wp-json\/wp\/v2\/posts\/69305\/revisions"}],"wp:featuredmedia":[{"embeddable":true,"href":"https:\/\/mussicom.com\/noticias\/wp-json\/wp\/v2\/media\/69306"}],"wp:attachment":[{"href":"https:\/\/mussicom.com\/noticias\/wp-json\/wp\/v2\/media?parent=69305"}],"wp:term":[{"taxonomy":"category","embeddable":true,"href":"https:\/\/mussicom.com\/noticias\/wp-json\/wp\/v2\/categories?post=69305"},{"taxonomy":"post_tag","embeddable":true,"href":"https:\/\/mussicom.com\/noticias\/wp-json\/wp\/v2\/tags?post=69305"}],"curies":[{"name":"wp","href":"https:\/\/api.w.org\/{rel}","templated":true}]}}