{"id":69288,"date":"2026-03-25T09:49:37","date_gmt":"2026-03-25T12:49:37","guid":{"rendered":"https:\/\/mussicom.com\/em-reestruturacao-correios-anunciam-escala-12x36-em-alguns-setores\/"},"modified":"2026-03-25T09:49:37","modified_gmt":"2026-03-25T12:49:37","slug":"em-reestruturacao-correios-anunciam-escala-12x36-em-alguns-setores","status":"publish","type":"post","link":"https:\/\/mussicom.com\/noticias\/em-reestruturacao-correios-anunciam-escala-12x36-em-alguns-setores\/","title":{"rendered":"Em reestrutura\u00e7\u00e3o, Correios anunciam escala 12&#215;36 em alguns setores"},"content":{"rendered":"<p> <br \/>\n<\/p>\n<div id=\"texto\">\n<p><strong>Os Correios informaram nesta ter\u00e7a-feira (24) que ir\u00e3o adotar, de forma gradual, a escala de trabalho 12 horas de trabalho por 36 horas de descanso, a escala 12&#215;36, em atividades espec\u00edficas da empresa.\u00a0<\/strong><img decoding=\"async\" src=\"https:\/\/agenciabrasil.ebc.com.br\/ebc.gif?id=1683366&amp;o=node\"\/><\/p>\n<p>Segundo informe da empresa, a implementa\u00e7\u00e3o n\u00e3o ser\u00e1 autom\u00e1tica e a ado\u00e7\u00e3o da jornada ocorrer\u00e1 conforme as necessidades do servi\u00e7o. A medida integra o Plano de Reestrutura\u00e7\u00e3o da estatal.<\/p>\n<p>A iniciativa, segundo a estatal,\u00a0\u201cest\u00e1 alinhada ao processo de moderniza\u00e7\u00e3o dos fluxos operacionais e ao aumento da efici\u00eancia na presta\u00e7\u00e3o dos servi\u00e7os\u201d, permitindo maior adequa\u00e7\u00e3o das equipes e dos turnos ao ritmo real da opera\u00e7\u00e3o e do neg\u00f3cio.<\/p>\n<p><strong>Comunicado da\u00a0empresa diz\u00a0que a escala 12X36 ser\u00e1 aplicada especialmente nas \u00e1reas que demandam funcionamento cont\u00ednuo e maior agilidade na entrega, em raz\u00e3o do crescimento do com\u00e9rcio eletr\u00f4nico.<\/strong><\/p>\n<p>\u201cA jornada flex\u00edvel se consolida como um diferencial competitivo relevante, ao ampliar a capacidade operacional dos Correios e fortalecer o posicionamento da empresa frente \u00e0 concorr\u00eancia no segmento de encomendas\u201d, disse os Correios.<\/p>\n<p>Os Correios disseram ainda que a implementa\u00e7\u00e3o da medida respeitar\u00e1 integralmente a legisla\u00e7\u00e3o trabalhista e os direitos dos empregados.<\/p>\n<p>&gt;&gt; Siga o canal da\u00a0<strong>Ag\u00eancia Brasil\u00a0<\/strong>no WhatsApp<\/p>\n<p>Trabalhadores s\u00e3o contra<\/p>\n<p>A Federa\u00e7\u00e3o Nacional dos Trabalhadores em Empresas de Correios e Telegrafos e Similares (Fentect) criticou a ado\u00e7\u00e3o da medida. Segundo a federa\u00e7\u00e3o, a jornada precariza ainda mais as condi\u00e7\u00f5es de trabalho.<\/p>\n<p>S\u00e3o medidas que adoecem, sobrecarregam e desrespeitam quem sustenta a empresa todos os dias,\u00a0diz a federa\u00e7\u00e3o.\u00a0<\/p>\n<blockquote><p>&#13;<\/p>\n<p>&#8220;N\u00e3o aceitaremos acordos individuais que fragilizam a organiza\u00e7\u00e3o coletiva, A orienta\u00e7\u00e3o \u00e9 para n\u00e3o assinar e manter a unidade da categoria\u201d, disse a federa\u00e7\u00e3o em uma rede social.<\/p>\n<p>&#13;\n<\/p><\/blockquote>\n<p>Os trabalhadores anunciam que est\u00e3o se organizando para evitar a implementa\u00e7\u00e3o da nova escala. \u201cSe insistirem em retirar direitos, a resposta ser\u00e1 organiza\u00e7\u00e3o, mobiliza\u00e7\u00e3o e luta em todo o pa\u00eds. Estamos construindo uma grande rea\u00e7\u00e3o nacional para barrar esses retrocessos. N\u00e3o h\u00e1 negocia\u00e7\u00e3o com retirada de direitos\u201d, segue a publica\u00e7\u00e3o.\u00a0<\/p>\n<p>Plano de restrutura\u00e7\u00e3o<\/p>\n<p>Os Correios passam por um plano de restrutura\u00e7\u00e3o que, entre outros, pontos, tem por objetivo promover a estabiliza\u00e7\u00e3o da empresa.<\/p>\n<p>Diagn\u00f3stico\u00a0identificou d\u00e9ficit superior a R$ 4 bilh\u00f5es anuais, patrim\u00f4nio l\u00edquido negativo de R$ 10,4 bilh\u00f5es e preju\u00edzo acumulado de R$ 6,057 bilh\u00f5es at\u00e9 setembro de 2025, al\u00e9m da queda acentuada nos indicadores de qualidade e liquidez.<\/p>\n<p>Em dezembro, os Correios anunciaram a\u00a0capta\u00e7\u00e3o de R$ 12 bilh\u00f5es em cr\u00e9dito\u00a0para custear as a\u00e7\u00f5es do plano de reestrutura\u00e7\u00e3o voltado \u00e0 estabiliza\u00e7\u00e3o emergencial da empresa.<\/p>\n<p>Como parte deste mesmo plano de reestrutura\u00e7\u00e3o financeira, os Correios tamb\u00e9m anunciaram o\u00a0fechamento de mil ag\u00eancias\u00a0e um\u00a0Plano de Desligamento Volunt\u00e1rio com a expectativa de ades\u00e3o de at\u00e9\u00a015 mil empregados.<\/p>\n<p>Entre as medidas adotadas tamb\u00e9m est\u00e3o a venda de ativos, como im\u00f3veis classificados como ociosos.<\/p>\n<p>Em fevereiro, os Correios fizeram o primeiro\u00a0leil\u00e3o de im\u00f3veis pr\u00f3prios. A oferta inicial abrange 21 im\u00f3veis para venda imediata, localizados em 11 estados: Bahia, Cear\u00e1, Goi\u00e1s, Mato Grosso, Mato Grosso do Sul, Minas Gerais, Par\u00e1, Paran\u00e1, Pernambuco, Rio Grande do Norte e S\u00e3o Paulo.\u00a0<\/p>\n<p>\u00a0<\/p>\n<p>\u00a0<\/p>\n<p>\u00a0<\/p>\n<p>Ag\u00eancia Brasil<\/p>\n<\/p><\/div>\n<p><script async defer crossorigin=\"anonymous\" src=\"https:\/\/connect.facebook.net\/pt_BR\/sdk.js#xfbml=1&#038;version=v12.0&#038;appId=&#038;autoLogAppEvents=1\" nonce=\"ou0fI1lo\"><\/script><script async src=\"\/\/www.instagram.com\/embed.js\"><\/script><br \/>\n<br \/><br \/>\n<br \/>Fonte: <a href=\"https:\/\/www.bs9.com.br\/brasil\/em-reestruturacao-correios-anunciam-escala-12x36-em-alguns-setores\/38472\/\">BS9<\/a><\/p>\n","protected":false},"excerpt":{"rendered":"<p>Os Correios informaram nesta ter\u00e7a-feira (24) que ir\u00e3o adotar, de forma gradual, a escala de trabalho 12 horas de trabalho por 36 horas de descanso, a escala 12&#215;36, em atividades espec\u00edficas da empresa.\u00a0 Segundo informe da empresa, a implementa\u00e7\u00e3o n\u00e3o ser\u00e1 autom\u00e1tica e a ado\u00e7\u00e3o da jornada ocorrer\u00e1 conforme as necessidades do servi\u00e7o. A medida [&hellip;]<\/p>\n","protected":false},"author":5,"featured_media":69289,"comment_status":"open","ping_status":"open","sticky":false,"template":"","format":"standard","meta":{"_seopress_robots_primary_cat":"","_seopress_titles_title":"","_seopress_titles_desc":"","_seopress_robots_index":"","footnotes":""},"categories":[52],"tags":[],"class_list":["post-69288","post","type-post","status-publish","format-standard","has-post-thumbnail","hentry","category-santoseregiao"],"_links":{"self":[{"href":"https:\/\/mussicom.com\/noticias\/wp-json\/wp\/v2\/posts\/69288","targetHints":{"allow":["GET"]}}],"collection":[{"href":"https:\/\/mussicom.com\/noticias\/wp-json\/wp\/v2\/posts"}],"about":[{"href":"https:\/\/mussicom.com\/noticias\/wp-json\/wp\/v2\/types\/post"}],"author":[{"embeddable":true,"href":"https:\/\/mussicom.com\/noticias\/wp-json\/wp\/v2\/users\/5"}],"replies":[{"embeddable":true,"href":"https:\/\/mussicom.com\/noticias\/wp-json\/wp\/v2\/comments?post=69288"}],"version-history":[{"count":0,"href":"https:\/\/mussicom.com\/noticias\/wp-json\/wp\/v2\/posts\/69288\/revisions"}],"wp:featuredmedia":[{"embeddable":true,"href":"https:\/\/mussicom.com\/noticias\/wp-json\/wp\/v2\/media\/69289"}],"wp:attachment":[{"href":"https:\/\/mussicom.com\/noticias\/wp-json\/wp\/v2\/media?parent=69288"}],"wp:term":[{"taxonomy":"category","embeddable":true,"href":"https:\/\/mussicom.com\/noticias\/wp-json\/wp\/v2\/categories?post=69288"},{"taxonomy":"post_tag","embeddable":true,"href":"https:\/\/mussicom.com\/noticias\/wp-json\/wp\/v2\/tags?post=69288"}],"curies":[{"name":"wp","href":"https:\/\/api.w.org\/{rel}","templated":true}]}}